{"id":1004,"date":"2021-11-19T15:17:53","date_gmt":"2021-11-19T14:17:53","guid":{"rendered":"https:\/\/trv.no\/rastoff\/?p=1004"},"modified":"2021-12-07T13:07:49","modified_gmt":"2021-12-07T12:07:49","slug":"nissene-pa-nyhavna-er-klare-for-julemarked","status":"publish","type":"post","link":"https:\/\/trv.no\/rastoff\/nissene-pa-nyhavna-er-klare-for-julemarked\/","title":{"rendered":"Nissene p\u00e5 Nyhavna er klare for julemarked!"},"content":{"rendered":"<div  class=\"grids-section grids-is-advanced\" style=\"--_gs-gap-desktop:0px 0px;--_gs-m-desktop:0 0 0 0;--_gs-p-desktop:0 0 0 0;--_gs-bg-desktop:transparent none;--_gs-bg-xp-desktop:0px;--_gs-zi-desktop:auto;--_gs-d-desktop:block;--_gs-mw-desktop:calc(100% - 0 - 0);--_gs-gap-tablet:0px 0px;--_gs-m-tablet:0 0 0 0;--_gs-p-tablet:0 0 0 0;--_gs-bg-tablet:transparent none;--_gs-bg-xp-tablet:0px;--_gs-zi-tablet:auto;--_gs-d-tablet:block;--_gs-mw-tablet:calc(100% - 0 - 0);--_gs-gap-mobile:0px 0px;--_gs-m-mobile:0 0 0 0;--_gs-p-mobile:0 0 0 0;--_gs-bg-mobile:transparent none;--_gs-bg-xp-mobile:0px;--_gs-zi-mobile:auto;--_gs-d-mobile:block;--_gs-mw-mobile:calc(100% - 0 - 0);--_gs-columns:12;--_gs-rows:6\"><div class=\"grids-s-w_i\">\n<div class=\"grids-area\" style=\"--_ga-column:3\/11;--_ga-row:1\/7;--_ga-m-desktop:0 0 0 0;--_ga-p-desktop:0 0 0 0;--_ga-bg-desktop:transparent none;--_ga-zi-desktop:auto;--_ga-d-desktop:flex;--_ga-mw-desktop:calc(100% - 0 - 0);--_ga-m-tablet:0 0 0 0;--_ga-p-tablet:0 0 0 0;--_ga-bg-tablet:transparent none;--_ga-zi-tablet:auto;--_ga-d-tablet:flex;--_ga-mw-tablet:calc(100% - 0 - 0);--_ga-m-mobile:0 0 0 0;--_ga-p-mobile:0 0 0 0;--_ga-bg-mobile:transparent none;--_ga-zi-mobile:auto;--_ga-d-mobile:flex;--_ga-mw-mobile:calc(100% - 0 - 0)\"><\/div>\n<\/div><\/div>\n\n\n<p><strong>Trenger du julepynt eller julegaver? L\u00f8rdag 20. november \u00e5pner BrukOm p\u00e5 Nyhavna stort julemarked.<\/strong><\/p>\n\n\n\n<p>&#8211; Vi holder p\u00e5 s\u00e5 lenge vi har varer, sier prosjektleder for BrukOm, Kristin Ottesen.<\/p>\n\n\n\n<div class=\"wp-block-image\"><figure class=\"alignleft size-large\"><img loading=\"lazy\" decoding=\"async\" width=\"1024\" height=\"768\" src=\"https:\/\/d2t31hwrov8bve.cloudfront.net\/wp-content\/uploads\/sites\/3\/2021\/11\/27162659\/IMG_7255-1-1024x768.jpg\" alt=\"\" class=\"wp-image-1015\" srcset=\"https:\/\/d2t31hwrov8bve.cloudfront.net\/wp-content\/uploads\/sites\/3\/2021\/11\/27162659\/IMG_7255-1-1024x768.jpg 1024w, https:\/\/d2t31hwrov8bve.cloudfront.net\/wp-content\/uploads\/sites\/3\/2021\/11\/27162659\/IMG_7255-1-300x225.jpg 300w, https:\/\/d2t31hwrov8bve.cloudfront.net\/wp-content\/uploads\/sites\/3\/2021\/11\/27162659\/IMG_7255-1-1536x1152.jpg 1536w, https:\/\/d2t31hwrov8bve.cloudfront.net\/wp-content\/uploads\/sites\/3\/2021\/11\/27162659\/IMG_7255-1-2048x1536.jpg 2048w\" sizes=\"auto, (max-width: 1024px) 100vw, 1024px\" \/><figcaption>Kristin Ottesen (til h\u00f8yre) og Mette Torsvik.<\/figcaption><\/figure><\/div>\n\n\n\n<p>Sammen med butikkmedarbeider Mette Torsvik og de andre ansatte har hun fylt opp et 200 kvadratmeter stort telt med julevarer.<\/p>\n\n\n\n<div class=\"wp-block-image\"><figure class=\"alignleft size-large\"><img loading=\"lazy\" decoding=\"async\" width=\"1024\" height=\"768\" src=\"https:\/\/d2t31hwrov8bve.cloudfront.net\/wp-content\/uploads\/sites\/3\/2021\/11\/27162658\/IMG_7263-1-1024x768.jpg\" alt=\"\" class=\"wp-image-1016\" srcset=\"https:\/\/d2t31hwrov8bve.cloudfront.net\/wp-content\/uploads\/sites\/3\/2021\/11\/27162658\/IMG_7263-1-1024x768.jpg 1024w, https:\/\/d2t31hwrov8bve.cloudfront.net\/wp-content\/uploads\/sites\/3\/2021\/11\/27162658\/IMG_7263-1-300x225.jpg 300w, https:\/\/d2t31hwrov8bve.cloudfront.net\/wp-content\/uploads\/sites\/3\/2021\/11\/27162658\/IMG_7263-1-1536x1152.jpg 1536w, https:\/\/d2t31hwrov8bve.cloudfront.net\/wp-content\/uploads\/sites\/3\/2021\/11\/27162658\/IMG_7263-1-2048x1536.jpg 2048w\" sizes=\"auto, (max-width: 1024px) 100vw, 1024px\" \/><figcaption>Mette Torsvik med en original juleoppsats som kommer for salg under julemarkedet.<\/figcaption><\/figure><\/div>\n\n\n\n\n\n\n\n<p>Og de har nok \u00e5 ta av: Fra gjenvinningsstasjonen p\u00e5 Heggstadmoen har de f\u00e5tt 47 paller med alt som h\u00f8rer jula til.<\/p>\n\n\n\n<div class=\"wp-block-image\"><figure class=\"alignleft size-large\"><img loading=\"lazy\" decoding=\"async\" width=\"904\" height=\"1024\" src=\"https:\/\/d2t31hwrov8bve.cloudfront.net\/wp-content\/uploads\/sites\/3\/2021\/11\/27162656\/IMG_7272-1-904x1024.jpg\" alt=\"\" class=\"wp-image-1020\" srcset=\"https:\/\/d2t31hwrov8bve.cloudfront.net\/wp-content\/uploads\/sites\/3\/2021\/11\/27162656\/IMG_7272-1-904x1024.jpg 904w, https:\/\/d2t31hwrov8bve.cloudfront.net\/wp-content\/uploads\/sites\/3\/2021\/11\/27162656\/IMG_7272-1-265x300.jpg 265w, https:\/\/d2t31hwrov8bve.cloudfront.net\/wp-content\/uploads\/sites\/3\/2021\/11\/27162656\/IMG_7272-1-1355x1536.jpg 1355w, https:\/\/d2t31hwrov8bve.cloudfront.net\/wp-content\/uploads\/sites\/3\/2021\/11\/27162656\/IMG_7272-1-1807x2048.jpg 1807w\" sizes=\"auto, (max-width: 904px) 100vw, 904px\" \/><figcaption>47 paller med julevarer skal ut for salg p\u00e5 Nyhavna de neste m\u00e5nedene.<\/figcaption><\/figure><\/div>\n\n\n\n\n\n\n\n<p>Trondheim Renholdsverk \u00e5pnet BrukOm butikk i v\u00e5r, Trondheims st\u00f8rste bruktbutikk.<\/p>\n\n\n\n\n\n\n\n<p><strong>LES MER: <a href=\"https:\/\/trv.no\/rastoff\/bruk-om-fiks-og-lan\/\">Circular Monday og Ombruksuka i uke Trondheim i uke 47<\/a><\/strong><\/p>\n\n\n\n<div class=\"wp-block-image\"><figure class=\"alignleft size-large\"><img loading=\"lazy\" decoding=\"async\" width=\"1024\" height=\"768\" src=\"https:\/\/d2t31hwrov8bve.cloudfront.net\/wp-content\/uploads\/sites\/3\/2021\/11\/27162655\/IMG_7259-1-1024x768.jpg\" alt=\"\" class=\"wp-image-1021\" srcset=\"https:\/\/d2t31hwrov8bve.cloudfront.net\/wp-content\/uploads\/sites\/3\/2021\/11\/27162655\/IMG_7259-1-1024x768.jpg 1024w, https:\/\/d2t31hwrov8bve.cloudfront.net\/wp-content\/uploads\/sites\/3\/2021\/11\/27162655\/IMG_7259-1-300x225.jpg 300w, https:\/\/d2t31hwrov8bve.cloudfront.net\/wp-content\/uploads\/sites\/3\/2021\/11\/27162655\/IMG_7259-1-1536x1152.jpg 1536w, https:\/\/d2t31hwrov8bve.cloudfront.net\/wp-content\/uploads\/sites\/3\/2021\/11\/27162655\/IMG_7259-1-2048x1536.jpg 2048w\" sizes=\"auto, (max-width: 1024px) 100vw, 1024px\" \/><figcaption>Kristin Ottesen inspiserer julekrybba som er p\u00e5 plass p\u00e5 Nyhavna. <\/figcaption><\/figure><\/div>\n\n\n\n<p>De to siste \u00e5rene har markedet v\u00e6rt i Olavshallen, men n\u00e5 kan endelig Ottesen og medarbeiderne invitere inn i eget hus p\u00e5 Nyhavna. De siste m\u00e5nedene har det store lagerlokaler blitt delt inn i mindre utstillingsrom for \u00e5 bedre vise frem utvalget og hvilke muligheter du har med gamle gjenbruksskatter. Hver dag kommer det paller med nye varer fra Heggstadoen gjenvinningstasjon.<\/p>\n\n\n\n<p>F\u00f8lg BrukOm og se \u00e5pningstidene p\u00e5 <a href=\"https:\/\/www.facebook.com\/brukombutikk\">Facebook<\/a> eller <a href=\"https:\/\/trv.no\/\">trv.no<\/a><\/p>\n\n\n\n\n\n\n\n<figure class=\"wp-block-image size-large\"><img loading=\"lazy\" decoding=\"async\" width=\"768\" height=\"1024\" src=\"https:\/\/d2t31hwrov8bve.cloudfront.net\/wp-content\/uploads\/sites\/3\/2021\/11\/27162654\/IMG_7275-1-768x1024.jpg\" alt=\"\" class=\"wp-image-1022\" srcset=\"https:\/\/d2t31hwrov8bve.cloudfront.net\/wp-content\/uploads\/sites\/3\/2021\/11\/27162654\/IMG_7275-1-768x1024.jpg 768w, https:\/\/d2t31hwrov8bve.cloudfront.net\/wp-content\/uploads\/sites\/3\/2021\/11\/27162654\/IMG_7275-1-225x300.jpg 225w, https:\/\/d2t31hwrov8bve.cloudfront.net\/wp-content\/uploads\/sites\/3\/2021\/11\/27162654\/IMG_7275-1-1152x1536.jpg 1152w, https:\/\/d2t31hwrov8bve.cloudfront.net\/wp-content\/uploads\/sites\/3\/2021\/11\/27162654\/IMG_7275-1-1536x2048.jpg 1536w, https:\/\/d2t31hwrov8bve.cloudfront.net\/wp-content\/uploads\/sites\/3\/2021\/11\/27162654\/IMG_7275-1-scaled.jpg 1920w\" sizes=\"auto, (max-width: 768px) 100vw, 768px\" \/><figcaption>Har du alt i boks til jul? I hyllene p\u00e5 julemarkedet fins det muligheter for dem som trenger oppbevaring for julebaksten.<\/figcaption><\/figure>\n\n\n\n\n\n\n\n<p><strong>Les ogs\u00e5 v\u00e5r store guide til\u00a0<a href=\"https:\/\/trv.no\/rastoff\/stor-guide-her-kan-du-gjore-bruktkupp-i-trondheim\/\">bruktbutikker i Trondheim<\/a>.<\/strong><\/p>\n\n\n\n<p><a href=\"https:\/\/trv.no\/rastoff\/\"><strong>Les alt innhold i R\u00e5stoff her<\/strong><\/a> <\/p>\n\n\n<div  class=\"grids-section grids-is-advanced\" style=\"--_gs-gap-desktop:0px 0px;--_gs-m-desktop:0 0 0 0;--_gs-p-desktop:0 0 0 0;--_gs-bg-desktop:transparent none;--_gs-bg-xp-desktop:0px;--_gs-zi-desktop:auto;--_gs-d-desktop:block;--_gs-mw-desktop:calc(100% - 0 - 0);--_gs-gap-tablet:0px 0px;--_gs-m-tablet:0 0 0 0;--_gs-p-tablet:0 0 0 0;--_gs-bg-tablet:transparent none;--_gs-bg-xp-tablet:0px;--_gs-zi-tablet:auto;--_gs-d-tablet:block;--_gs-mw-tablet:calc(100% - 0 - 0);--_gs-gap-mobile:0px 0px;--_gs-m-mobile:0 0 0 0;--_gs-p-mobile:0 0 0 0;--_gs-bg-mobile:transparent none;--_gs-bg-xp-mobile:0px;--_gs-zi-mobile:auto;--_gs-d-mobile:block;--_gs-mw-mobile:calc(100% - 0 - 0);--_gs-columns:12;--_gs-rows:6\"><div class=\"grids-s-w_i\">\n<div class=\"grids-area\" style=\"--_ga-column:3\/11;--_ga-row:1\/7;--_ga-m-desktop:0 0 0 0;--_ga-p-desktop:0 0 0 0;--_ga-bg-desktop:transparent none;--_ga-zi-desktop:auto;--_ga-d-desktop:flex;--_ga-mw-desktop:calc(100% - 0 - 0);--_ga-m-tablet:0 0 0 0;--_ga-p-tablet:0 0 0 0;--_ga-bg-tablet:transparent none;--_ga-zi-tablet:auto;--_ga-d-tablet:flex;--_ga-mw-tablet:calc(100% - 0 - 0);--_ga-m-mobile:0 0 0 0;--_ga-p-mobile:0 0 0 0;--_ga-bg-mobile:transparent none;--_ga-zi-mobile:auto;--_ga-d-mobile:flex;--_ga-mw-mobile:calc(100% - 0 - 0)\"><\/div>\n<\/div><\/div>","protected":false},"excerpt":{"rendered":"<p>Trenger du julepynt eller julegaver? L\u00f8rdag 20. november \u00e5pner BrukOm p\u00e5 Nyhavna stort julemarked. &#8211; Vi holder p\u00e5 s\u00e5 lenge vi har varer, sier prosjektleder for BrukOm, Kristin Ottesen. Sammen med butikkmedarbeider Mette Torsvik og de andre ansatte har hun fylt opp et 200 kvadratmeter stort telt med julevarer. Og de har nok \u00e5 ta [&hellip;]<\/p>\n","protected":false},"author":190,"featured_media":1019,"comment_status":"closed","ping_status":"closed","sticky":false,"template":"","format":"standard","meta":{"_acf_changed":false,"inline_featured_image":false,"video_field":"","footnotes":""},"categories":[1],"tags":[],"class_list":["post-1004","post","type-post","status-publish","format-standard","has-post-thumbnail","hentry","category-ukategorisert"],"yoast_head":"<!-- This site is optimized with the Yoast SEO plugin v27.3 - https:\/\/yoast.com\/product\/yoast-seo-wordpress\/ -->\n<title>Nissene p\u00e5 Nyhavna er klare for julemarked! - R\u00e5stoff<\/title>\n<meta name=\"robots\" content=\"index, follow, max-snippet:-1, max-image-preview:large, max-video-preview:-1\" \/>\n<link rel=\"canonical\" href=\"https:\/\/trv.no\/rastoff\/nissene-pa-nyhavna-er-klare-for-julemarked\/\" \/>\n<meta property=\"og:locale\" content=\"nb_NO\" \/>\n<meta property=\"og:type\" content=\"article\" \/>\n<meta property=\"og:title\" content=\"Nissene p\u00e5 Nyhavna er klare for julemarked! - R\u00e5stoff\" \/>\n<meta property=\"og:description\" content=\"Trenger du julepynt eller julegaver? L\u00f8rdag 20. november \u00e5pner BrukOm p\u00e5 Nyhavna stort julemarked. &#8211; Vi holder p\u00e5 s\u00e5 lenge vi har varer, sier prosjektleder for BrukOm, Kristin Ottesen. Sammen med butikkmedarbeider Mette Torsvik og de andre ansatte har hun fylt opp et 200 kvadratmeter stort telt med julevarer. Og de har nok \u00e5 ta [&hellip;]\" \/>\n<meta property=\"og:url\" content=\"https:\/\/trv.no\/rastoff\/nissene-pa-nyhavna-er-klare-for-julemarked\/\" \/>\n<meta property=\"og:site_name\" content=\"R\u00e5stoff\" \/>\n<meta property=\"article:published_time\" content=\"2021-11-19T14:17:53+00:00\" \/>\n<meta property=\"article:modified_time\" content=\"2021-12-07T12:07:49+00:00\" \/>\n<meta property=\"og:image\" content=\"https:\/\/trv.no\/rastoff\/wp-content\/uploads\/sites\/3\/2021\/11\/nisse-nyhavna-scaled.jpg\" \/>\n\t<meta property=\"og:image:width\" content=\"2560\" \/>\n\t<meta property=\"og:image:height\" content=\"1178\" \/>\n\t<meta property=\"og:image:type\" content=\"image\/jpeg\" \/>\n<meta name=\"author\" content=\"B\u00e5rd Sande\" \/>\n<meta name=\"twitter:card\" content=\"summary_large_image\" \/>\n<meta name=\"twitter:label1\" content=\"Skrevet av\" \/>\n\t<meta name=\"twitter:data1\" content=\"B\u00e5rd Sande\" \/>\n\t<meta name=\"twitter:label2\" content=\"Ansl. lesetid\" \/>\n\t<meta name=\"twitter:data2\" content=\"3 minutter\" \/>\n<script type=\"application\/ld+json\" class=\"yoast-schema-graph\">{\"@context\":\"https:\\\/\\\/schema.org\",\"@graph\":[{\"@type\":\"Article\",\"@id\":\"https:\\\/\\\/trv.no\\\/rastoff\\\/nissene-pa-nyhavna-er-klare-for-julemarked\\\/#article\",\"isPartOf\":{\"@id\":\"https:\\\/\\\/trv.no\\\/rastoff\\\/nissene-pa-nyhavna-er-klare-for-julemarked\\\/\"},\"author\":{\"name\":\"B\u00e5rd Sande\",\"@id\":\"https:\\\/\\\/trv.no\\\/rastoff\\\/#\\\/schema\\\/person\\\/027cfaaee260cbeabd681836809a3562\"},\"headline\":\"Nissene p\u00e5 Nyhavna er klare for julemarked!\",\"datePublished\":\"2021-11-19T14:17:53+00:00\",\"dateModified\":\"2021-12-07T12:07:49+00:00\",\"mainEntityOfPage\":{\"@id\":\"https:\\\/\\\/trv.no\\\/rastoff\\\/nissene-pa-nyhavna-er-klare-for-julemarked\\\/\"},\"wordCount\":254,\"publisher\":{\"@id\":\"https:\\\/\\\/trv.no\\\/rastoff\\\/#organization\"},\"image\":{\"@id\":\"https:\\\/\\\/trv.no\\\/rastoff\\\/nissene-pa-nyhavna-er-klare-for-julemarked\\\/#primaryimage\"},\"thumbnailUrl\":\"https:\\\/\\\/d2t31hwrov8bve.cloudfront.net\\\/wp-content\\\/uploads\\\/sites\\\/3\\\/2021\\\/11\\\/27162657\\\/nisse-nyhavna-scaled.jpg\",\"inLanguage\":\"nb-NO\"},{\"@type\":\"WebPage\",\"@id\":\"https:\\\/\\\/trv.no\\\/rastoff\\\/nissene-pa-nyhavna-er-klare-for-julemarked\\\/\",\"url\":\"https:\\\/\\\/trv.no\\\/rastoff\\\/nissene-pa-nyhavna-er-klare-for-julemarked\\\/\",\"name\":\"Nissene p\u00e5 Nyhavna er klare for julemarked! - R\u00e5stoff\",\"isPartOf\":{\"@id\":\"https:\\\/\\\/trv.no\\\/rastoff\\\/#website\"},\"primaryImageOfPage\":{\"@id\":\"https:\\\/\\\/trv.no\\\/rastoff\\\/nissene-pa-nyhavna-er-klare-for-julemarked\\\/#primaryimage\"},\"image\":{\"@id\":\"https:\\\/\\\/trv.no\\\/rastoff\\\/nissene-pa-nyhavna-er-klare-for-julemarked\\\/#primaryimage\"},\"thumbnailUrl\":\"https:\\\/\\\/d2t31hwrov8bve.cloudfront.net\\\/wp-content\\\/uploads\\\/sites\\\/3\\\/2021\\\/11\\\/27162657\\\/nisse-nyhavna-scaled.jpg\",\"datePublished\":\"2021-11-19T14:17:53+00:00\",\"dateModified\":\"2021-12-07T12:07:49+00:00\",\"breadcrumb\":{\"@id\":\"https:\\\/\\\/trv.no\\\/rastoff\\\/nissene-pa-nyhavna-er-klare-for-julemarked\\\/#breadcrumb\"},\"inLanguage\":\"nb-NO\",\"potentialAction\":[{\"@type\":\"ReadAction\",\"target\":[\"https:\\\/\\\/trv.no\\\/rastoff\\\/nissene-pa-nyhavna-er-klare-for-julemarked\\\/\"]}]},{\"@type\":\"ImageObject\",\"inLanguage\":\"nb-NO\",\"@id\":\"https:\\\/\\\/trv.no\\\/rastoff\\\/nissene-pa-nyhavna-er-klare-for-julemarked\\\/#primaryimage\",\"url\":\"https:\\\/\\\/d2t31hwrov8bve.cloudfront.net\\\/wp-content\\\/uploads\\\/sites\\\/3\\\/2021\\\/11\\\/27162657\\\/nisse-nyhavna-scaled.jpg\",\"contentUrl\":\"https:\\\/\\\/d2t31hwrov8bve.cloudfront.net\\\/wp-content\\\/uploads\\\/sites\\\/3\\\/2021\\\/11\\\/27162657\\\/nisse-nyhavna-scaled.jpg\",\"width\":2560,\"height\":1178,\"caption\":\"Nissene p\u00e5 Nyhavna er klare for julemarked 11\"},{\"@type\":\"BreadcrumbList\",\"@id\":\"https:\\\/\\\/trv.no\\\/rastoff\\\/nissene-pa-nyhavna-er-klare-for-julemarked\\\/#breadcrumb\",\"itemListElement\":[{\"@type\":\"ListItem\",\"position\":1,\"name\":\"Hjem\",\"item\":\"https:\\\/\\\/trv.no\\\/rastoff\\\/\"},{\"@type\":\"ListItem\",\"position\":2,\"name\":\"Nissene p\u00e5 Nyhavna er klare for julemarked!\"}]},{\"@type\":\"WebSite\",\"@id\":\"https:\\\/\\\/trv.no\\\/rastoff\\\/#website\",\"url\":\"https:\\\/\\\/trv.no\\\/rastoff\\\/\",\"name\":\"R\u00e5stoff\",\"description\":\"Bare enda et Trondheim Renholdsverk nettsteder-nettsted\",\"publisher\":{\"@id\":\"https:\\\/\\\/trv.no\\\/rastoff\\\/#organization\"},\"potentialAction\":[{\"@type\":\"SearchAction\",\"target\":{\"@type\":\"EntryPoint\",\"urlTemplate\":\"https:\\\/\\\/trv.no\\\/rastoff\\\/?s={search_term_string}\"},\"query-input\":{\"@type\":\"PropertyValueSpecification\",\"valueRequired\":true,\"valueName\":\"search_term_string\"}}],\"inLanguage\":\"nb-NO\"},{\"@type\":\"Organization\",\"@id\":\"https:\\\/\\\/trv.no\\\/rastoff\\\/#organization\",\"name\":\"TRV\",\"url\":\"https:\\\/\\\/trv.no\\\/rastoff\\\/\",\"logo\":{\"@type\":\"ImageObject\",\"inLanguage\":\"nb-NO\",\"@id\":\"https:\\\/\\\/trv.no\\\/rastoff\\\/#\\\/schema\\\/logo\\\/image\\\/\",\"url\":\"https:\\\/\\\/d2t31hwrov8bve.cloudfront.net\\\/wp-content\\\/uploads\\\/sites\\\/3\\\/2019\\\/08\\\/27162735\\\/trvlogo-1.png\",\"contentUrl\":\"https:\\\/\\\/d2t31hwrov8bve.cloudfront.net\\\/wp-content\\\/uploads\\\/sites\\\/3\\\/2019\\\/08\\\/27162735\\\/trvlogo-1.png\",\"width\":579,\"height\":192,\"caption\":\"TRV\"},\"image\":{\"@id\":\"https:\\\/\\\/trv.no\\\/rastoff\\\/#\\\/schema\\\/logo\\\/image\\\/\"}},{\"@type\":\"Person\",\"@id\":\"https:\\\/\\\/trv.no\\\/rastoff\\\/#\\\/schema\\\/person\\\/027cfaaee260cbeabd681836809a3562\",\"name\":\"B\u00e5rd Sande\",\"image\":{\"@type\":\"ImageObject\",\"inLanguage\":\"nb-NO\",\"@id\":\"https:\\\/\\\/secure.gravatar.com\\\/avatar\\\/17e4e2e6eac4e26d1778e917d6c7013e481bdcc039be7db47fbc728e9c1207a8?s=96&d=mm&r=g\",\"url\":\"https:\\\/\\\/secure.gravatar.com\\\/avatar\\\/17e4e2e6eac4e26d1778e917d6c7013e481bdcc039be7db47fbc728e9c1207a8?s=96&d=mm&r=g\",\"contentUrl\":\"https:\\\/\\\/secure.gravatar.com\\\/avatar\\\/17e4e2e6eac4e26d1778e917d6c7013e481bdcc039be7db47fbc728e9c1207a8?s=96&d=mm&r=g\",\"caption\":\"B\u00e5rd Sande\"},\"url\":\"https:\\\/\\\/trv.no\\\/rastoff\\\/author\\\/bardsande\\\/\"}]}<\/script>\n<!-- \/ Yoast SEO plugin. -->","yoast_head_json":{"title":"Nissene p\u00e5 Nyhavna er klare for julemarked! - R\u00e5stoff","robots":{"index":"index","follow":"follow","max-snippet":"max-snippet:-1","max-image-preview":"max-image-preview:large","max-video-preview":"max-video-preview:-1"},"canonical":"https:\/\/trv.no\/rastoff\/nissene-pa-nyhavna-er-klare-for-julemarked\/","og_locale":"nb_NO","og_type":"article","og_title":"Nissene p\u00e5 Nyhavna er klare for julemarked! - R\u00e5stoff","og_description":"Trenger du julepynt eller julegaver? L\u00f8rdag 20. november \u00e5pner BrukOm p\u00e5 Nyhavna stort julemarked. &#8211; Vi holder p\u00e5 s\u00e5 lenge vi har varer, sier prosjektleder for BrukOm, Kristin Ottesen. Sammen med butikkmedarbeider Mette Torsvik og de andre ansatte har hun fylt opp et 200 kvadratmeter stort telt med julevarer. Og de har nok \u00e5 ta [&hellip;]","og_url":"https:\/\/trv.no\/rastoff\/nissene-pa-nyhavna-er-klare-for-julemarked\/","og_site_name":"R\u00e5stoff","article_published_time":"2021-11-19T14:17:53+00:00","article_modified_time":"2021-12-07T12:07:49+00:00","og_image":[{"width":2560,"height":1178,"url":"https:\/\/trv.no\/rastoff\/wp-content\/uploads\/sites\/3\/2021\/11\/nisse-nyhavna-scaled.jpg","type":"image\/jpeg"}],"author":"B\u00e5rd Sande","twitter_card":"summary_large_image","twitter_misc":{"Skrevet av":"B\u00e5rd Sande","Ansl. lesetid":"3 minutter"},"schema":{"@context":"https:\/\/schema.org","@graph":[{"@type":"Article","@id":"https:\/\/trv.no\/rastoff\/nissene-pa-nyhavna-er-klare-for-julemarked\/#article","isPartOf":{"@id":"https:\/\/trv.no\/rastoff\/nissene-pa-nyhavna-er-klare-for-julemarked\/"},"author":{"name":"B\u00e5rd Sande","@id":"https:\/\/trv.no\/rastoff\/#\/schema\/person\/027cfaaee260cbeabd681836809a3562"},"headline":"Nissene p\u00e5 Nyhavna er klare for julemarked!","datePublished":"2021-11-19T14:17:53+00:00","dateModified":"2021-12-07T12:07:49+00:00","mainEntityOfPage":{"@id":"https:\/\/trv.no\/rastoff\/nissene-pa-nyhavna-er-klare-for-julemarked\/"},"wordCount":254,"publisher":{"@id":"https:\/\/trv.no\/rastoff\/#organization"},"image":{"@id":"https:\/\/trv.no\/rastoff\/nissene-pa-nyhavna-er-klare-for-julemarked\/#primaryimage"},"thumbnailUrl":"https:\/\/d2t31hwrov8bve.cloudfront.net\/wp-content\/uploads\/sites\/3\/2021\/11\/27162657\/nisse-nyhavna-scaled.jpg","inLanguage":"nb-NO"},{"@type":"WebPage","@id":"https:\/\/trv.no\/rastoff\/nissene-pa-nyhavna-er-klare-for-julemarked\/","url":"https:\/\/trv.no\/rastoff\/nissene-pa-nyhavna-er-klare-for-julemarked\/","name":"Nissene p\u00e5 Nyhavna er klare for julemarked! - R\u00e5stoff","isPartOf":{"@id":"https:\/\/trv.no\/rastoff\/#website"},"primaryImageOfPage":{"@id":"https:\/\/trv.no\/rastoff\/nissene-pa-nyhavna-er-klare-for-julemarked\/#primaryimage"},"image":{"@id":"https:\/\/trv.no\/rastoff\/nissene-pa-nyhavna-er-klare-for-julemarked\/#primaryimage"},"thumbnailUrl":"https:\/\/d2t31hwrov8bve.cloudfront.net\/wp-content\/uploads\/sites\/3\/2021\/11\/27162657\/nisse-nyhavna-scaled.jpg","datePublished":"2021-11-19T14:17:53+00:00","dateModified":"2021-12-07T12:07:49+00:00","breadcrumb":{"@id":"https:\/\/trv.no\/rastoff\/nissene-pa-nyhavna-er-klare-for-julemarked\/#breadcrumb"},"inLanguage":"nb-NO","potentialAction":[{"@type":"ReadAction","target":["https:\/\/trv.no\/rastoff\/nissene-pa-nyhavna-er-klare-for-julemarked\/"]}]},{"@type":"ImageObject","inLanguage":"nb-NO","@id":"https:\/\/trv.no\/rastoff\/nissene-pa-nyhavna-er-klare-for-julemarked\/#primaryimage","url":"https:\/\/d2t31hwrov8bve.cloudfront.net\/wp-content\/uploads\/sites\/3\/2021\/11\/27162657\/nisse-nyhavna-scaled.jpg","contentUrl":"https:\/\/d2t31hwrov8bve.cloudfront.net\/wp-content\/uploads\/sites\/3\/2021\/11\/27162657\/nisse-nyhavna-scaled.jpg","width":2560,"height":1178,"caption":"Nissene p\u00e5 Nyhavna er klare for julemarked 11"},{"@type":"BreadcrumbList","@id":"https:\/\/trv.no\/rastoff\/nissene-pa-nyhavna-er-klare-for-julemarked\/#breadcrumb","itemListElement":[{"@type":"ListItem","position":1,"name":"Hjem","item":"https:\/\/trv.no\/rastoff\/"},{"@type":"ListItem","position":2,"name":"Nissene p\u00e5 Nyhavna er klare for julemarked!"}]},{"@type":"WebSite","@id":"https:\/\/trv.no\/rastoff\/#website","url":"https:\/\/trv.no\/rastoff\/","name":"R\u00e5stoff","description":"Bare enda et Trondheim Renholdsverk nettsteder-nettsted","publisher":{"@id":"https:\/\/trv.no\/rastoff\/#organization"},"potentialAction":[{"@type":"SearchAction","target":{"@type":"EntryPoint","urlTemplate":"https:\/\/trv.no\/rastoff\/?s={search_term_string}"},"query-input":{"@type":"PropertyValueSpecification","valueRequired":true,"valueName":"search_term_string"}}],"inLanguage":"nb-NO"},{"@type":"Organization","@id":"https:\/\/trv.no\/rastoff\/#organization","name":"TRV","url":"https:\/\/trv.no\/rastoff\/","logo":{"@type":"ImageObject","inLanguage":"nb-NO","@id":"https:\/\/trv.no\/rastoff\/#\/schema\/logo\/image\/","url":"https:\/\/d2t31hwrov8bve.cloudfront.net\/wp-content\/uploads\/sites\/3\/2019\/08\/27162735\/trvlogo-1.png","contentUrl":"https:\/\/d2t31hwrov8bve.cloudfront.net\/wp-content\/uploads\/sites\/3\/2019\/08\/27162735\/trvlogo-1.png","width":579,"height":192,"caption":"TRV"},"image":{"@id":"https:\/\/trv.no\/rastoff\/#\/schema\/logo\/image\/"}},{"@type":"Person","@id":"https:\/\/trv.no\/rastoff\/#\/schema\/person\/027cfaaee260cbeabd681836809a3562","name":"B\u00e5rd Sande","image":{"@type":"ImageObject","inLanguage":"nb-NO","@id":"https:\/\/secure.gravatar.com\/avatar\/17e4e2e6eac4e26d1778e917d6c7013e481bdcc039be7db47fbc728e9c1207a8?s=96&d=mm&r=g","url":"https:\/\/secure.gravatar.com\/avatar\/17e4e2e6eac4e26d1778e917d6c7013e481bdcc039be7db47fbc728e9c1207a8?s=96&d=mm&r=g","contentUrl":"https:\/\/secure.gravatar.com\/avatar\/17e4e2e6eac4e26d1778e917d6c7013e481bdcc039be7db47fbc728e9c1207a8?s=96&d=mm&r=g","caption":"B\u00e5rd Sande"},"url":"https:\/\/trv.no\/rastoff\/author\/bardsande\/"}]}},"acf":[],"_links":{"self":[{"href":"https:\/\/trv.no\/rastoff\/wp-json\/wp\/v2\/posts\/1004","targetHints":{"allow":["GET"]}}],"collection":[{"href":"https:\/\/trv.no\/rastoff\/wp-json\/wp\/v2\/posts"}],"about":[{"href":"https:\/\/trv.no\/rastoff\/wp-json\/wp\/v2\/types\/post"}],"author":[{"embeddable":true,"href":"https:\/\/trv.no\/rastoff\/wp-json\/wp\/v2\/users\/190"}],"replies":[{"embeddable":true,"href":"https:\/\/trv.no\/rastoff\/wp-json\/wp\/v2\/comments?post=1004"}],"version-history":[{"count":6,"href":"https:\/\/trv.no\/rastoff\/wp-json\/wp\/v2\/posts\/1004\/revisions"}],"predecessor-version":[{"id":1241,"href":"https:\/\/trv.no\/rastoff\/wp-json\/wp\/v2\/posts\/1004\/revisions\/1241"}],"wp:featuredmedia":[{"embeddable":true,"href":"https:\/\/trv.no\/rastoff\/wp-json\/wp\/v2\/media\/1019"}],"wp:attachment":[{"href":"https:\/\/trv.no\/rastoff\/wp-json\/wp\/v2\/media?parent=1004"}],"wp:term":[{"taxonomy":"category","embeddable":true,"href":"https:\/\/trv.no\/rastoff\/wp-json\/wp\/v2\/categories?post=1004"},{"taxonomy":"post_tag","embeddable":true,"href":"https:\/\/trv.no\/rastoff\/wp-json\/wp\/v2\/tags?post=1004"}],"curies":[{"name":"wp","href":"https:\/\/api.w.org\/{rel}","templated":true}]}}