{"id":1355,"date":"2022-03-28T11:01:00","date_gmt":"2022-03-28T09:01:00","guid":{"rendered":"https:\/\/trv.no\/rastoff\/?p=1355"},"modified":"2022-03-29T11:13:44","modified_gmt":"2022-03-29T09:13:44","slug":"slik-gir-vincent-39-plastavfallet-nytt-liv","status":"publish","type":"post","link":"https:\/\/trv.no\/rastoff\/slik-gir-vincent-39-plastavfallet-nytt-liv\/","title":{"rendered":"Slik gir Vincent (39) plastavfallet nytt liv"},"content":{"rendered":"\n<p class=\"has-drop-cap has-ingress-font-size\">Det er et stort problem. P\u00e5 Nyhavna i Trondheim gj\u00f8r Vincent Gartiser det han makter for \u00e5 gj\u00f8re plastavfallet til en ressurs. <\/p>\n\n\n\n<p>&#8211; Jeg ville heller gj\u00f8re noe med hendene enn \u00e5 sitte p\u00e5 et kontor, sier han.<\/p>\n\n\n\n<p>I fjor tok han valget med \u00e5 slutte i jobben i Nidar og satse p\u00e5 plastgjenvinning i sm\u00e5skala gjennom firmaet Utoplast.<\/p>\n\n\n\n<p>S<em>e hvordan Vincent Gartiser forvandler plastavfall til nye bruksgjenstander:<\/em><\/p>\n\n\n\n<figure class=\"wp-block-video aligncenter\"><video height=\"720\" style=\"aspect-ratio: 1280 \/ 720;\" width=\"1280\" controls src=\"https:\/\/d2t31hwrov8bve.cloudfront.net\/wp-content\/uploads\/sites\/3\/2022\/03\/27162534\/Utoplast-til-rastoff.no_.mp4\"><\/video><\/figure>\n\n\n\n<p>Inne det romslige hj\u00f8rnet i lagerhallen til BrukOm p\u00e5 Nyhavna har han skapt sin egen lille plastoase. Med 30 ulike produkter i sortimentet, alt fra sm\u00e5 plastperler til blomsterpotter, knagger, knotter, karabinkroker og fliser jobber han hardt for \u00e5 bygge opp en gjenvinningsbedrift  basert p\u00e5 kortreist plastavfall &#8211; og h\u00e5ndmakt. <\/p>\n\n\n\n<p>&#8211; Det er ikke r\u00e5stoffet det st\u00e5r p\u00e5 &#8211; det er evig nok plast. Men det handler rett og slett om hvor mye jeg greier \u00e5 h\u00e5ndtere, sier han og viser fremgangsm\u00e5ten:<\/p>\n\n\n\n<figure class=\"wp-block-image size-large\"><img loading=\"lazy\" decoding=\"async\" width=\"1024\" height=\"681\" src=\"https:\/\/d2t31hwrov8bve.cloudfront.net\/wp-content\/uploads\/sites\/3\/2022\/03\/27162612\/slik-gir-vincent-39-plastavfallet-nytt-liv-13-1024x681.jpg\" alt=\"Slik gir Vincent (39) plastavfallet nytt liv 14\" class=\"wp-image-1398\" srcset=\"https:\/\/d2t31hwrov8bve.cloudfront.net\/wp-content\/uploads\/sites\/3\/2022\/03\/27162612\/slik-gir-vincent-39-plastavfallet-nytt-liv-13-1024x681.jpg 1024w, https:\/\/d2t31hwrov8bve.cloudfront.net\/wp-content\/uploads\/sites\/3\/2022\/03\/27162612\/slik-gir-vincent-39-plastavfallet-nytt-liv-13-300x199.jpg 300w, https:\/\/d2t31hwrov8bve.cloudfront.net\/wp-content\/uploads\/sites\/3\/2022\/03\/27162612\/slik-gir-vincent-39-plastavfallet-nytt-liv-13-1536x1021.jpg 1536w, https:\/\/d2t31hwrov8bve.cloudfront.net\/wp-content\/uploads\/sites\/3\/2022\/03\/27162612\/slik-gir-vincent-39-plastavfallet-nytt-liv-13-2048x1362.jpg 2048w\" sizes=\"auto, (max-width: 1024px) 100vw, 1024px\" \/><figcaption>Siste finpuss p\u00e5 nok en blomsterpotte laget av resirkulert, kortreist plastavfall i Vincent Gartisers verksted p\u00e5 Nyhavna.<\/figcaption><\/figure>\n\n\n\n<p>F\u00f8rst kverner han opp plasten i sm\u00e5 strimler. Deretter mater han dem inn i manuelle spr\u00f8ytemaskinen. Der varmes plastbitene opp p\u00e5 240 grader (PP) i 10 minutter, f\u00f8r Vincent kan presse den flytende og myke plasten ned i aluminumsformen.<\/p>\n\n\n\n<p>Sekunder etterp\u00e5 skrur han opp st\u00f8peformen og jekker ut det nye plastproduktet.<\/p>\n\n\n\n<figure class=\"wp-block-image size-large\"><img loading=\"lazy\" decoding=\"async\" width=\"681\" height=\"1024\" src=\"https:\/\/d2t31hwrov8bve.cloudfront.net\/wp-content\/uploads\/sites\/3\/2022\/03\/27162615\/slik-gir-vincent-39-plastavfallet-nytt-liv-10-681x1024.jpg\" alt=\"Slik gir Vincent (39) plastavfallet nytt liv 11\" class=\"wp-image-1395\" srcset=\"https:\/\/d2t31hwrov8bve.cloudfront.net\/wp-content\/uploads\/sites\/3\/2022\/03\/27162615\/slik-gir-vincent-39-plastavfallet-nytt-liv-10-681x1024.jpg 681w, https:\/\/d2t31hwrov8bve.cloudfront.net\/wp-content\/uploads\/sites\/3\/2022\/03\/27162615\/slik-gir-vincent-39-plastavfallet-nytt-liv-10-199x300.jpg 199w, https:\/\/d2t31hwrov8bve.cloudfront.net\/wp-content\/uploads\/sites\/3\/2022\/03\/27162615\/slik-gir-vincent-39-plastavfallet-nytt-liv-10-1021x1536.jpg 1021w, https:\/\/d2t31hwrov8bve.cloudfront.net\/wp-content\/uploads\/sites\/3\/2022\/03\/27162615\/slik-gir-vincent-39-plastavfallet-nytt-liv-10-1362x2048.jpg 1362w, https:\/\/d2t31hwrov8bve.cloudfront.net\/wp-content\/uploads\/sites\/3\/2022\/03\/27162615\/slik-gir-vincent-39-plastavfallet-nytt-liv-10-scaled.jpg 1702w\" sizes=\"auto, (max-width: 681px) 100vw, 681px\" \/><figcaption>Karabinkroker i plast.<\/figcaption><\/figure>\n\n\n\n<h2 class=\"wp-block-heading\" id=\"lokale-losninger-pa-globale-miljoproblemer\">&#8211; Lokale l\u00f8sninger p\u00e5 globale milj\u00f8problemer<\/h2>\n\n\n\n<p>Ingeni\u00f8ren og materialteknologen var en aktiv del av skatemilj\u00f8et i hjemkommunen Troyes i Champagne-distriktet da han vokste opp. Gj\u00f8r-det-selv-kulturen gjennomsyrer fortsatt tankesettet hans. N\u00e5 er han en aktiv bidragsyter i Precious Plastic-bevegelsen, som startet opp i Nederland i 2012.<\/p>\n\n\n\n<p>-Jeg f\u00f8ler en trang til \u00e5 handle og vise hvordan vi kan skape lokale l\u00f8sninger p\u00e5 globale milj\u00f8problemer, sier Vincent.<\/p>\n\n\n\n<figure class=\"wp-block-image size-large\"><img loading=\"lazy\" decoding=\"async\" width=\"1024\" height=\"681\" src=\"https:\/\/d2t31hwrov8bve.cloudfront.net\/wp-content\/uploads\/sites\/3\/2022\/03\/27162608\/slik-gir-vincent-39-plastavfallet-nytt-liv-18-1024x681.jpg\" alt=\"Slik gir Vincent (39) plastavfallet nytt liv 19\" class=\"wp-image-1403\" srcset=\"https:\/\/d2t31hwrov8bve.cloudfront.net\/wp-content\/uploads\/sites\/3\/2022\/03\/27162608\/slik-gir-vincent-39-plastavfallet-nytt-liv-18-1024x681.jpg 1024w, https:\/\/d2t31hwrov8bve.cloudfront.net\/wp-content\/uploads\/sites\/3\/2022\/03\/27162608\/slik-gir-vincent-39-plastavfallet-nytt-liv-18-300x199.jpg 300w, https:\/\/d2t31hwrov8bve.cloudfront.net\/wp-content\/uploads\/sites\/3\/2022\/03\/27162608\/slik-gir-vincent-39-plastavfallet-nytt-liv-18-1536x1021.jpg 1536w, https:\/\/d2t31hwrov8bve.cloudfront.net\/wp-content\/uploads\/sites\/3\/2022\/03\/27162608\/slik-gir-vincent-39-plastavfallet-nytt-liv-18-2048x1362.jpg 2048w\" sizes=\"auto, (max-width: 1024px) 100vw, 1024px\" \/><figcaption>Etter 10 minutters oppvarming er plaststrimlene klare for \u00e5 presses ned i formen. <\/figcaption><\/figure>\n\n\n\n<p>Etter studiene hjemme i Frankrike jobbet han i flere \u00e5r som prosjektingeni\u00f8r ved gjenvinningsbedriften Expladan Recycling i Danmark. Han spesialiserte seg p\u00e5 plastavfall og ble godt kjent med de ulike kvalitetene og mulighetene.<\/p>\n\n\n\n<p>Samtidig s\u00e5 han de enorme mengdene plast som str\u00f8mmet inn fra hele Europa \u2013 ogs\u00e5 Norge.<\/p>\n\n\n\n<p>-Det handler om kunnskap om materialene, sier han og lar oss kjenne p\u00e5 en klesklype st\u00f8pt i to ulike plasttyper \u2013 den ene i polypropylen (PP \/ nr.5) er stivere, mens den andre, i h\u00f8ydensitets polyethylen (HDPE \/ nr.2) er mykere og egner seg best til lave temperaturer og dagslys.<\/p>\n\n\n\n<h2 class=\"wp-block-heading\" id=\"perler-til-kunstmuseet\">Perler til kunstmuseet<\/h2>\n\n\n\n<p>P\u00e5 en pallevegg har han produktutstilling og folkeopplysning om de ulike plasttypene. <\/p>\n\n\n\n<div class=\"wp-block-image\"><figure class=\"alignleft size-large is-resized\"><img loading=\"lazy\" decoding=\"async\" src=\"https:\/\/d2t31hwrov8bve.cloudfront.net\/wp-content\/uploads\/sites\/3\/2022\/03\/27162610\/slik-gir-vincent-39-plastavfallet-nytt-liv-16-1024x681.jpg\" alt=\"Slik gir Vincent (39) plastavfallet nytt liv 17\" class=\"wp-image-1401\" width=\"1024\" height=\"681\" srcset=\"https:\/\/d2t31hwrov8bve.cloudfront.net\/wp-content\/uploads\/sites\/3\/2022\/03\/27162610\/slik-gir-vincent-39-plastavfallet-nytt-liv-16-1024x681.jpg 1024w, https:\/\/d2t31hwrov8bve.cloudfront.net\/wp-content\/uploads\/sites\/3\/2022\/03\/27162610\/slik-gir-vincent-39-plastavfallet-nytt-liv-16-300x199.jpg 300w, https:\/\/d2t31hwrov8bve.cloudfront.net\/wp-content\/uploads\/sites\/3\/2022\/03\/27162610\/slik-gir-vincent-39-plastavfallet-nytt-liv-16-1536x1021.jpg 1536w, https:\/\/d2t31hwrov8bve.cloudfront.net\/wp-content\/uploads\/sites\/3\/2022\/03\/27162610\/slik-gir-vincent-39-plastavfallet-nytt-liv-16-2048x1362.jpg 2048w\" sizes=\"auto, (max-width: 1024px) 100vw, 1024px\" \/><figcaption>Knotter til d\u00f8rer og skuffer i ulike farger og plastkvaliteter.<\/figcaption><\/figure><\/div>\n\n\n\n<figure class=\"wp-block-image size-large is-resized\"><img loading=\"lazy\" decoding=\"async\" src=\"https:\/\/d2t31hwrov8bve.cloudfront.net\/wp-content\/uploads\/sites\/3\/2022\/03\/27162612\/slik-gir-vincent-39-plastavfallet-nytt-liv-14-1024x681.jpg\" alt=\"Slik gir Vincent (39) plastavfallet nytt liv 15\" class=\"wp-image-1399\" width=\"1024\" height=\"681\" srcset=\"https:\/\/d2t31hwrov8bve.cloudfront.net\/wp-content\/uploads\/sites\/3\/2022\/03\/27162612\/slik-gir-vincent-39-plastavfallet-nytt-liv-14-1024x681.jpg 1024w, https:\/\/d2t31hwrov8bve.cloudfront.net\/wp-content\/uploads\/sites\/3\/2022\/03\/27162612\/slik-gir-vincent-39-plastavfallet-nytt-liv-14-300x199.jpg 300w, https:\/\/d2t31hwrov8bve.cloudfront.net\/wp-content\/uploads\/sites\/3\/2022\/03\/27162612\/slik-gir-vincent-39-plastavfallet-nytt-liv-14-1536x1021.jpg 1536w, https:\/\/d2t31hwrov8bve.cloudfront.net\/wp-content\/uploads\/sites\/3\/2022\/03\/27162612\/slik-gir-vincent-39-plastavfallet-nytt-liv-14-2048x1362.jpg 2048w\" sizes=\"auto, (max-width: 1024px) 100vw, 1024px\" \/><figcaption>Blomsterpotter i ulike fargekombinasjoner.<\/figcaption><\/figure>\n\n\n\n\n\n\n\n<p>Nylig leverte han over 3200 sm\u00e5 perler til et kunstprosjekt for barn p\u00e5 Trondheim Kunstmuseum.<\/p>\n\n\n\n<p>-De kunne valgt \u00e5 bestille dem fra Kina til en br\u00f8kdel av prisen, sier han.<\/p>\n\n\n\n<figure class=\"wp-block-image size-large\"><img loading=\"lazy\" decoding=\"async\" width=\"1024\" height=\"681\" src=\"https:\/\/d2t31hwrov8bve.cloudfront.net\/wp-content\/uploads\/sites\/3\/2022\/03\/27162620\/slik-gir-vincent-39-plastavfallet-nytt-liv-4-1024x681.jpg\" alt=\"Slik gir Vincent (39) plastavfallet nytt liv 5\" class=\"wp-image-1389\" srcset=\"https:\/\/d2t31hwrov8bve.cloudfront.net\/wp-content\/uploads\/sites\/3\/2022\/03\/27162620\/slik-gir-vincent-39-plastavfallet-nytt-liv-4-1024x681.jpg 1024w, https:\/\/d2t31hwrov8bve.cloudfront.net\/wp-content\/uploads\/sites\/3\/2022\/03\/27162620\/slik-gir-vincent-39-plastavfallet-nytt-liv-4-300x199.jpg 300w, https:\/\/d2t31hwrov8bve.cloudfront.net\/wp-content\/uploads\/sites\/3\/2022\/03\/27162620\/slik-gir-vincent-39-plastavfallet-nytt-liv-4-1536x1021.jpg 1536w, https:\/\/d2t31hwrov8bve.cloudfront.net\/wp-content\/uploads\/sites\/3\/2022\/03\/27162620\/slik-gir-vincent-39-plastavfallet-nytt-liv-4-2048x1362.jpg 2048w\" sizes=\"auto, (max-width: 1024px) 100vw, 1024px\" \/><figcaption>Nyst\u00f8pte plastperler fra Utoplast p\u00e5 Nyhavna.<\/figcaption><\/figure>\n\n\n\n<p>Han vet han ikke kan konkurrere p\u00e5 pris med billige plastprodukter fra \u00d8sten. Men han merker at flere og flere er opptatt av \u00e5 vite opprinnelsen til produktene de kj\u00f8per og at de \u00f8nsker \u00e5 bidra til en mer sirkul\u00e6r tankegang.<\/p>\n\n\n\n<h2 class=\"wp-block-heading\" id=\"koster-ikke-mer-enn-en-god-terrengsykkel\">&#8211; Koster ikke mer enn en god terrengsykkel<\/h2>\n\n\n\n<p>-Det er som med matlaging, hvis r\u00e5varene er d\u00e5rlige, blir ogs\u00e5 resultatet d\u00e5rlig, sier trebarnsfaren som flyttet med kona og familien til Trondheim i 2010.<\/p>\n\n\n\n<figure class=\"wp-block-image size-large\"><img loading=\"lazy\" decoding=\"async\" width=\"1024\" height=\"681\" src=\"https:\/\/d2t31hwrov8bve.cloudfront.net\/wp-content\/uploads\/sites\/3\/2022\/03\/27162613\/slik-gir-vincent-39-plastavfallet-nytt-liv-12-1024x681.jpg\" alt=\"Slik gir Vincent (39) plastavfallet nytt liv 13\" class=\"wp-image-1397\" srcset=\"https:\/\/d2t31hwrov8bve.cloudfront.net\/wp-content\/uploads\/sites\/3\/2022\/03\/27162613\/slik-gir-vincent-39-plastavfallet-nytt-liv-12-1024x681.jpg 1024w, https:\/\/d2t31hwrov8bve.cloudfront.net\/wp-content\/uploads\/sites\/3\/2022\/03\/27162613\/slik-gir-vincent-39-plastavfallet-nytt-liv-12-300x199.jpg 300w, https:\/\/d2t31hwrov8bve.cloudfront.net\/wp-content\/uploads\/sites\/3\/2022\/03\/27162613\/slik-gir-vincent-39-plastavfallet-nytt-liv-12-1536x1021.jpg 1536w, https:\/\/d2t31hwrov8bve.cloudfront.net\/wp-content\/uploads\/sites\/3\/2022\/03\/27162613\/slik-gir-vincent-39-plastavfallet-nytt-liv-12-2048x1362.jpg 2048w\" sizes=\"auto, (max-width: 1024px) 100vw, 1024px\" \/><figcaption>Ullundert\u00f8y, kjeledress og lue er vanlig arbeidsantrekk for Vincent Gartiser i BrukOm-hallen p\u00e5 Nyhavna.<\/figcaption><\/figure>\n\n\n\n<p>Han tar tak og sveiver rundt hjulet p\u00e5 maskinen som transformerer de oppkvernede plastflakene til nye gjenstander.<\/p>\n\n\n\n<p>-\u00c9n s\u00e5nn maskin koster ikke mer enn en god terrengsykkel, og med denne kan du f\u00e5 til mye, illustrerer han. <\/p>\n\n\n\n<h2 class=\"wp-block-heading\" id=\"20-lokk-1-potte\">20 lokk = 1 potte<\/h2>\n\n\n\n<p>Det krever cirka 20 Bremykt-lokk \u00e5 lage en blomsterpotte. Og det er ikke r\u00e5stoff det er mangel p\u00e5.<\/p>\n\n\n\n<div class=\"wp-block-image\"><figure class=\"alignleft size-large\"><img loading=\"lazy\" decoding=\"async\" width=\"681\" height=\"1024\" src=\"https:\/\/d2t31hwrov8bve.cloudfront.net\/wp-content\/uploads\/sites\/3\/2022\/03\/27162617\/slik-gir-vincent-39-plastavfallet-nytt-liv-8-681x1024.jpg\" alt=\"Slik gir Vincent (39) plastavfallet nytt liv 9\" class=\"wp-image-1393\" srcset=\"https:\/\/d2t31hwrov8bve.cloudfront.net\/wp-content\/uploads\/sites\/3\/2022\/03\/27162617\/slik-gir-vincent-39-plastavfallet-nytt-liv-8-681x1024.jpg 681w, https:\/\/d2t31hwrov8bve.cloudfront.net\/wp-content\/uploads\/sites\/3\/2022\/03\/27162617\/slik-gir-vincent-39-plastavfallet-nytt-liv-8-199x300.jpg 199w, https:\/\/d2t31hwrov8bve.cloudfront.net\/wp-content\/uploads\/sites\/3\/2022\/03\/27162617\/slik-gir-vincent-39-plastavfallet-nytt-liv-8-1021x1536.jpg 1021w, https:\/\/d2t31hwrov8bve.cloudfront.net\/wp-content\/uploads\/sites\/3\/2022\/03\/27162617\/slik-gir-vincent-39-plastavfallet-nytt-liv-8-1362x2048.jpg 1362w, https:\/\/d2t31hwrov8bve.cloudfront.net\/wp-content\/uploads\/sites\/3\/2022\/03\/27162617\/slik-gir-vincent-39-plastavfallet-nytt-liv-8-scaled.jpg 1702w\" sizes=\"auto, (max-width: 681px) 100vw, 681px\" \/><figcaption>Emballasje&#8230;<\/figcaption><\/figure><\/div>\n\n\n\n<figure class=\"wp-block-image size-large\"><img loading=\"lazy\" decoding=\"async\" width=\"681\" height=\"1024\" src=\"https:\/\/d2t31hwrov8bve.cloudfront.net\/wp-content\/uploads\/sites\/3\/2022\/03\/27162620\/slik-gir-vincent-39-plastavfallet-nytt-liv-3-681x1024.jpg\" alt=\"Slik gir Vincent (39) plastavfallet nytt liv 4\" class=\"wp-image-1388\" srcset=\"https:\/\/d2t31hwrov8bve.cloudfront.net\/wp-content\/uploads\/sites\/3\/2022\/03\/27162620\/slik-gir-vincent-39-plastavfallet-nytt-liv-3-681x1024.jpg 681w, https:\/\/d2t31hwrov8bve.cloudfront.net\/wp-content\/uploads\/sites\/3\/2022\/03\/27162620\/slik-gir-vincent-39-plastavfallet-nytt-liv-3-199x300.jpg 199w, https:\/\/d2t31hwrov8bve.cloudfront.net\/wp-content\/uploads\/sites\/3\/2022\/03\/27162620\/slik-gir-vincent-39-plastavfallet-nytt-liv-3-1021x1536.jpg 1021w, https:\/\/d2t31hwrov8bve.cloudfront.net\/wp-content\/uploads\/sites\/3\/2022\/03\/27162620\/slik-gir-vincent-39-plastavfallet-nytt-liv-3-1362x2048.jpg 1362w, https:\/\/d2t31hwrov8bve.cloudfront.net\/wp-content\/uploads\/sites\/3\/2022\/03\/27162620\/slik-gir-vincent-39-plastavfallet-nytt-liv-3-scaled.jpg 1702w\" sizes=\"auto, (max-width: 681px) 100vw, 681px\" \/><figcaption>&#8230; og utrangerte handlekurver er godt r\u00e5stoff for Utoplast-gr\u00fcnder Vincent Gartiser.<\/figcaption><\/figure>\n\n\n\n<p>-Jeg har folk som samler for meg, og har f\u00e5tt noen gode hjelpere, b\u00e5de blant naboer og i enkelte butikker og bedrifter, forklarer han.<\/p>\n\n\n\n<p>Rundt oss ligger det mengder med plast i alle former. Godteribokser, utslitte handlekurver, bilbaner, matemballasje og DVD-cover. I et hj\u00f8rne st\u00e5r en sm\u00e5godthylle, fylt med kvernede plaststrimler og n\u00f8ye merket.<\/p>\n\n\n\n<figure class=\"wp-block-image size-large\"><img loading=\"lazy\" decoding=\"async\" width=\"1024\" height=\"681\" src=\"https:\/\/d2t31hwrov8bve.cloudfront.net\/wp-content\/uploads\/sites\/3\/2022\/03\/27162616\/slik-gir-vincent-39-plastavfallet-nytt-liv-9-1024x681.jpg\" alt=\"Slik gir Vincent (39) plastavfallet nytt liv 10\" class=\"wp-image-1394\" srcset=\"https:\/\/d2t31hwrov8bve.cloudfront.net\/wp-content\/uploads\/sites\/3\/2022\/03\/27162616\/slik-gir-vincent-39-plastavfallet-nytt-liv-9-1024x681.jpg 1024w, https:\/\/d2t31hwrov8bve.cloudfront.net\/wp-content\/uploads\/sites\/3\/2022\/03\/27162616\/slik-gir-vincent-39-plastavfallet-nytt-liv-9-300x199.jpg 300w, https:\/\/d2t31hwrov8bve.cloudfront.net\/wp-content\/uploads\/sites\/3\/2022\/03\/27162616\/slik-gir-vincent-39-plastavfallet-nytt-liv-9-1536x1021.jpg 1536w, https:\/\/d2t31hwrov8bve.cloudfront.net\/wp-content\/uploads\/sites\/3\/2022\/03\/27162616\/slik-gir-vincent-39-plastavfallet-nytt-liv-9-2048x1362.jpg 2048w\" sizes=\"auto, (max-width: 1024px) 100vw, 1024px\" \/><\/figure>\n\n\n\n<p>I stedet for \u00e5 vente p\u00e5 nye, store teknologil\u00f8ft, \u00f8nsker Vincent \u00e5 starte i det sm\u00e5, og vise hva som faktisk er mulig &#8211; med enkle midler.<\/p>\n\n\n\n<figure class=\"wp-block-image size-large is-resized\"><img loading=\"lazy\" decoding=\"async\" src=\"https:\/\/d2t31hwrov8bve.cloudfront.net\/wp-content\/uploads\/sites\/3\/2022\/03\/27162606\/slik-gir-vincent-39-plastavfallet-nytt-liv-20-1024x681.jpg\" alt=\"Slik gir Vincent (39) plastavfallet nytt liv 21\" class=\"wp-image-1407\" width=\"1029\" height=\"684\" srcset=\"https:\/\/d2t31hwrov8bve.cloudfront.net\/wp-content\/uploads\/sites\/3\/2022\/03\/27162606\/slik-gir-vincent-39-plastavfallet-nytt-liv-20-1024x681.jpg 1024w, https:\/\/d2t31hwrov8bve.cloudfront.net\/wp-content\/uploads\/sites\/3\/2022\/03\/27162606\/slik-gir-vincent-39-plastavfallet-nytt-liv-20-300x199.jpg 300w, https:\/\/d2t31hwrov8bve.cloudfront.net\/wp-content\/uploads\/sites\/3\/2022\/03\/27162606\/slik-gir-vincent-39-plastavfallet-nytt-liv-20-1536x1021.jpg 1536w, https:\/\/d2t31hwrov8bve.cloudfront.net\/wp-content\/uploads\/sites\/3\/2022\/03\/27162606\/slik-gir-vincent-39-plastavfallet-nytt-liv-20-2048x1362.jpg 2048w\" sizes=\"auto, (max-width: 1029px) 100vw, 1029px\" \/><figcaption>Vincent Gartiser har flere samarbeid p\u00e5 gang og jobber for \u00e5 n\u00e5 ut bredere med de kortreiste plastproduktene sine.<\/figcaption><\/figure>\n\n\n\n<p><em>Tekst\/foto: B\u00e5rd Sande<\/em><\/p>\n","protected":false},"excerpt":{"rendered":"<p>Inne det romslige hj\u00f8rnet i lagerhallen til BrukOm p\u00e5 Nyhavna har Vincent Gartiser skapt sin egen lille plastoase. Med 30 ulike produkter i sortimentet, alt fra sm\u00e5 plastperler til blomsterpotter, knagger, knotter, karabinkroker og fliser jobber han hardt for \u00e5 bygge opp en gjenvinningsbedrift  basert p\u00e5 kortreist plastavfall &#8211; og h\u00e5ndmakt. <\/p>\n","protected":false},"author":206,"featured_media":1387,"comment_status":"closed","ping_status":"closed","sticky":true,"template":"","format":"standard","meta":{"_acf_changed":false,"inline_featured_image":false,"video_field":"","footnotes":""},"categories":[9,3],"tags":[],"class_list":["post-1355","post","type-post","status-publish","format-standard","has-post-thumbnail","hentry","category-avfallssortering","category-brukom"],"yoast_head":"<!-- This site is optimized with the Yoast SEO plugin v27.3 - https:\/\/yoast.com\/product\/yoast-seo-wordpress\/ -->\n<title>Slik gir Vincent (39) plastavfallet nytt liv - R\u00e5stoff<\/title>\n<meta name=\"robots\" content=\"index, follow, max-snippet:-1, max-image-preview:large, max-video-preview:-1\" \/>\n<link rel=\"canonical\" href=\"https:\/\/trv.no\/rastoff\/slik-gir-vincent-39-plastavfallet-nytt-liv\/\" \/>\n<meta property=\"og:locale\" content=\"nb_NO\" \/>\n<meta property=\"og:type\" content=\"article\" \/>\n<meta property=\"og:title\" content=\"Slik gir Vincent (39) plastavfallet nytt liv - R\u00e5stoff\" \/>\n<meta property=\"og:description\" content=\"Inne det romslige hj\u00f8rnet i lagerhallen til BrukOm p\u00e5 Nyhavna har Vincent Gartiser skapt sin egen lille plastoase. Med 30 ulike produkter i sortimentet, alt fra sm\u00e5 plastperler til blomsterpotter, knagger, knotter, karabinkroker og fliser jobber han hardt for \u00e5 bygge opp en gjenvinningsbedrift basert p\u00e5 kortreist plastavfall - og h\u00e5ndmakt.\" \/>\n<meta property=\"og:url\" content=\"https:\/\/trv.no\/rastoff\/slik-gir-vincent-39-plastavfallet-nytt-liv\/\" \/>\n<meta property=\"og:site_name\" content=\"R\u00e5stoff\" \/>\n<meta property=\"article:published_time\" content=\"2022-03-28T09:01:00+00:00\" \/>\n<meta property=\"article:modified_time\" content=\"2022-03-29T09:13:44+00:00\" \/>\n<meta property=\"og:image\" content=\"https:\/\/trv.no\/rastoff\/wp-content\/uploads\/sites\/3\/2022\/03\/slik-gir-vincent-39-plastavfallet-nytt-liv-2-scaled.jpg\" \/>\n\t<meta property=\"og:image:width\" content=\"2560\" \/>\n\t<meta property=\"og:image:height\" content=\"1716\" \/>\n\t<meta property=\"og:image:type\" content=\"image\/jpeg\" \/>\n<meta name=\"author\" content=\"bard\" \/>\n<meta name=\"twitter:card\" content=\"summary_large_image\" \/>\n<meta name=\"twitter:label1\" content=\"Skrevet av\" \/>\n\t<meta name=\"twitter:data1\" content=\"bard\" \/>\n\t<meta name=\"twitter:label2\" content=\"Ansl. lesetid\" \/>\n\t<meta name=\"twitter:data2\" content=\"7 minutter\" \/>\n<script type=\"application\/ld+json\" class=\"yoast-schema-graph\">{\"@context\":\"https:\\\/\\\/schema.org\",\"@graph\":[{\"@type\":\"Article\",\"@id\":\"https:\\\/\\\/trv.no\\\/rastoff\\\/slik-gir-vincent-39-plastavfallet-nytt-liv\\\/#article\",\"isPartOf\":{\"@id\":\"https:\\\/\\\/trv.no\\\/rastoff\\\/slik-gir-vincent-39-plastavfallet-nytt-liv\\\/\"},\"author\":{\"name\":\"bard\",\"@id\":\"https:\\\/\\\/trv.no\\\/rastoff\\\/#\\\/schema\\\/person\\\/d18343c9bba2db13e7f656da2d73be0c\"},\"headline\":\"Slik gir Vincent (39) plastavfallet nytt liv\",\"datePublished\":\"2022-03-28T09:01:00+00:00\",\"dateModified\":\"2022-03-29T09:13:44+00:00\",\"mainEntityOfPage\":{\"@id\":\"https:\\\/\\\/trv.no\\\/rastoff\\\/slik-gir-vincent-39-plastavfallet-nytt-liv\\\/\"},\"wordCount\":751,\"publisher\":{\"@id\":\"https:\\\/\\\/trv.no\\\/rastoff\\\/#organization\"},\"image\":{\"@id\":\"https:\\\/\\\/trv.no\\\/rastoff\\\/slik-gir-vincent-39-plastavfallet-nytt-liv\\\/#primaryimage\"},\"thumbnailUrl\":\"https:\\\/\\\/d2t31hwrov8bve.cloudfront.net\\\/wp-content\\\/uploads\\\/sites\\\/3\\\/2022\\\/03\\\/27162621\\\/slik-gir-vincent-39-plastavfallet-nytt-liv-2-scaled.jpg\",\"articleSection\":[\"Avfallssortering\",\"BrukOM\"],\"inLanguage\":\"nb-NO\"},{\"@type\":\"WebPage\",\"@id\":\"https:\\\/\\\/trv.no\\\/rastoff\\\/slik-gir-vincent-39-plastavfallet-nytt-liv\\\/\",\"url\":\"https:\\\/\\\/trv.no\\\/rastoff\\\/slik-gir-vincent-39-plastavfallet-nytt-liv\\\/\",\"name\":\"Slik gir Vincent (39) plastavfallet nytt liv - R\u00e5stoff\",\"isPartOf\":{\"@id\":\"https:\\\/\\\/trv.no\\\/rastoff\\\/#website\"},\"primaryImageOfPage\":{\"@id\":\"https:\\\/\\\/trv.no\\\/rastoff\\\/slik-gir-vincent-39-plastavfallet-nytt-liv\\\/#primaryimage\"},\"image\":{\"@id\":\"https:\\\/\\\/trv.no\\\/rastoff\\\/slik-gir-vincent-39-plastavfallet-nytt-liv\\\/#primaryimage\"},\"thumbnailUrl\":\"https:\\\/\\\/d2t31hwrov8bve.cloudfront.net\\\/wp-content\\\/uploads\\\/sites\\\/3\\\/2022\\\/03\\\/27162621\\\/slik-gir-vincent-39-plastavfallet-nytt-liv-2-scaled.jpg\",\"datePublished\":\"2022-03-28T09:01:00+00:00\",\"dateModified\":\"2022-03-29T09:13:44+00:00\",\"breadcrumb\":{\"@id\":\"https:\\\/\\\/trv.no\\\/rastoff\\\/slik-gir-vincent-39-plastavfallet-nytt-liv\\\/#breadcrumb\"},\"inLanguage\":\"nb-NO\",\"potentialAction\":[{\"@type\":\"ReadAction\",\"target\":[\"https:\\\/\\\/trv.no\\\/rastoff\\\/slik-gir-vincent-39-plastavfallet-nytt-liv\\\/\"]}]},{\"@type\":\"ImageObject\",\"inLanguage\":\"nb-NO\",\"@id\":\"https:\\\/\\\/trv.no\\\/rastoff\\\/slik-gir-vincent-39-plastavfallet-nytt-liv\\\/#primaryimage\",\"url\":\"https:\\\/\\\/d2t31hwrov8bve.cloudfront.net\\\/wp-content\\\/uploads\\\/sites\\\/3\\\/2022\\\/03\\\/27162621\\\/slik-gir-vincent-39-plastavfallet-nytt-liv-2-scaled.jpg\",\"contentUrl\":\"https:\\\/\\\/d2t31hwrov8bve.cloudfront.net\\\/wp-content\\\/uploads\\\/sites\\\/3\\\/2022\\\/03\\\/27162621\\\/slik-gir-vincent-39-plastavfallet-nytt-liv-2-scaled.jpg\",\"width\":2560,\"height\":1716,\"caption\":\"Slik gir Vincent (39) plastavfallet nytt liv 3\"},{\"@type\":\"BreadcrumbList\",\"@id\":\"https:\\\/\\\/trv.no\\\/rastoff\\\/slik-gir-vincent-39-plastavfallet-nytt-liv\\\/#breadcrumb\",\"itemListElement\":[{\"@type\":\"ListItem\",\"position\":1,\"name\":\"Hjem\",\"item\":\"https:\\\/\\\/trv.no\\\/rastoff\\\/\"},{\"@type\":\"ListItem\",\"position\":2,\"name\":\"Slik gir Vincent (39) plastavfallet nytt liv\"}]},{\"@type\":\"WebSite\",\"@id\":\"https:\\\/\\\/trv.no\\\/rastoff\\\/#website\",\"url\":\"https:\\\/\\\/trv.no\\\/rastoff\\\/\",\"name\":\"R\u00e5stoff\",\"description\":\"Bare enda et Trondheim Renholdsverk nettsteder-nettsted\",\"publisher\":{\"@id\":\"https:\\\/\\\/trv.no\\\/rastoff\\\/#organization\"},\"potentialAction\":[{\"@type\":\"SearchAction\",\"target\":{\"@type\":\"EntryPoint\",\"urlTemplate\":\"https:\\\/\\\/trv.no\\\/rastoff\\\/?s={search_term_string}\"},\"query-input\":{\"@type\":\"PropertyValueSpecification\",\"valueRequired\":true,\"valueName\":\"search_term_string\"}}],\"inLanguage\":\"nb-NO\"},{\"@type\":\"Organization\",\"@id\":\"https:\\\/\\\/trv.no\\\/rastoff\\\/#organization\",\"name\":\"TRV\",\"url\":\"https:\\\/\\\/trv.no\\\/rastoff\\\/\",\"logo\":{\"@type\":\"ImageObject\",\"inLanguage\":\"nb-NO\",\"@id\":\"https:\\\/\\\/trv.no\\\/rastoff\\\/#\\\/schema\\\/logo\\\/image\\\/\",\"url\":\"https:\\\/\\\/d2t31hwrov8bve.cloudfront.net\\\/wp-content\\\/uploads\\\/sites\\\/3\\\/2019\\\/08\\\/27162735\\\/trvlogo-1.png\",\"contentUrl\":\"https:\\\/\\\/d2t31hwrov8bve.cloudfront.net\\\/wp-content\\\/uploads\\\/sites\\\/3\\\/2019\\\/08\\\/27162735\\\/trvlogo-1.png\",\"width\":579,\"height\":192,\"caption\":\"TRV\"},\"image\":{\"@id\":\"https:\\\/\\\/trv.no\\\/rastoff\\\/#\\\/schema\\\/logo\\\/image\\\/\"}},{\"@type\":\"Person\",\"@id\":\"https:\\\/\\\/trv.no\\\/rastoff\\\/#\\\/schema\\\/person\\\/d18343c9bba2db13e7f656da2d73be0c\",\"name\":\"bard\",\"image\":{\"@type\":\"ImageObject\",\"inLanguage\":\"nb-NO\",\"@id\":\"https:\\\/\\\/secure.gravatar.com\\\/avatar\\\/5ed2d987974a57ca735daa3587bdd3b4667027cf0f5628de724c038c2b6481ef?s=96&d=mm&r=g\",\"url\":\"https:\\\/\\\/secure.gravatar.com\\\/avatar\\\/5ed2d987974a57ca735daa3587bdd3b4667027cf0f5628de724c038c2b6481ef?s=96&d=mm&r=g\",\"contentUrl\":\"https:\\\/\\\/secure.gravatar.com\\\/avatar\\\/5ed2d987974a57ca735daa3587bdd3b4667027cf0f5628de724c038c2b6481ef?s=96&d=mm&r=g\",\"caption\":\"bard\"},\"url\":\"https:\\\/\\\/trv.no\\\/rastoff\\\/author\\\/bard\\\/\"}]}<\/script>\n<!-- \/ Yoast SEO plugin. -->","yoast_head_json":{"title":"Slik gir Vincent (39) plastavfallet nytt liv - R\u00e5stoff","robots":{"index":"index","follow":"follow","max-snippet":"max-snippet:-1","max-image-preview":"max-image-preview:large","max-video-preview":"max-video-preview:-1"},"canonical":"https:\/\/trv.no\/rastoff\/slik-gir-vincent-39-plastavfallet-nytt-liv\/","og_locale":"nb_NO","og_type":"article","og_title":"Slik gir Vincent (39) plastavfallet nytt liv - R\u00e5stoff","og_description":"Inne det romslige hj\u00f8rnet i lagerhallen til BrukOm p\u00e5 Nyhavna har Vincent Gartiser skapt sin egen lille plastoase. Med 30 ulike produkter i sortimentet, alt fra sm\u00e5 plastperler til blomsterpotter, knagger, knotter, karabinkroker og fliser jobber han hardt for \u00e5 bygge opp en gjenvinningsbedrift basert p\u00e5 kortreist plastavfall - og h\u00e5ndmakt.","og_url":"https:\/\/trv.no\/rastoff\/slik-gir-vincent-39-plastavfallet-nytt-liv\/","og_site_name":"R\u00e5stoff","article_published_time":"2022-03-28T09:01:00+00:00","article_modified_time":"2022-03-29T09:13:44+00:00","og_image":[{"width":2560,"height":1716,"url":"https:\/\/trv.no\/rastoff\/wp-content\/uploads\/sites\/3\/2022\/03\/slik-gir-vincent-39-plastavfallet-nytt-liv-2-scaled.jpg","type":"image\/jpeg"}],"author":"bard","twitter_card":"summary_large_image","twitter_misc":{"Skrevet av":"bard","Ansl. lesetid":"7 minutter"},"schema":{"@context":"https:\/\/schema.org","@graph":[{"@type":"Article","@id":"https:\/\/trv.no\/rastoff\/slik-gir-vincent-39-plastavfallet-nytt-liv\/#article","isPartOf":{"@id":"https:\/\/trv.no\/rastoff\/slik-gir-vincent-39-plastavfallet-nytt-liv\/"},"author":{"name":"bard","@id":"https:\/\/trv.no\/rastoff\/#\/schema\/person\/d18343c9bba2db13e7f656da2d73be0c"},"headline":"Slik gir Vincent (39) plastavfallet nytt liv","datePublished":"2022-03-28T09:01:00+00:00","dateModified":"2022-03-29T09:13:44+00:00","mainEntityOfPage":{"@id":"https:\/\/trv.no\/rastoff\/slik-gir-vincent-39-plastavfallet-nytt-liv\/"},"wordCount":751,"publisher":{"@id":"https:\/\/trv.no\/rastoff\/#organization"},"image":{"@id":"https:\/\/trv.no\/rastoff\/slik-gir-vincent-39-plastavfallet-nytt-liv\/#primaryimage"},"thumbnailUrl":"https:\/\/d2t31hwrov8bve.cloudfront.net\/wp-content\/uploads\/sites\/3\/2022\/03\/27162621\/slik-gir-vincent-39-plastavfallet-nytt-liv-2-scaled.jpg","articleSection":["Avfallssortering","BrukOM"],"inLanguage":"nb-NO"},{"@type":"WebPage","@id":"https:\/\/trv.no\/rastoff\/slik-gir-vincent-39-plastavfallet-nytt-liv\/","url":"https:\/\/trv.no\/rastoff\/slik-gir-vincent-39-plastavfallet-nytt-liv\/","name":"Slik gir Vincent (39) plastavfallet nytt liv - R\u00e5stoff","isPartOf":{"@id":"https:\/\/trv.no\/rastoff\/#website"},"primaryImageOfPage":{"@id":"https:\/\/trv.no\/rastoff\/slik-gir-vincent-39-plastavfallet-nytt-liv\/#primaryimage"},"image":{"@id":"https:\/\/trv.no\/rastoff\/slik-gir-vincent-39-plastavfallet-nytt-liv\/#primaryimage"},"thumbnailUrl":"https:\/\/d2t31hwrov8bve.cloudfront.net\/wp-content\/uploads\/sites\/3\/2022\/03\/27162621\/slik-gir-vincent-39-plastavfallet-nytt-liv-2-scaled.jpg","datePublished":"2022-03-28T09:01:00+00:00","dateModified":"2022-03-29T09:13:44+00:00","breadcrumb":{"@id":"https:\/\/trv.no\/rastoff\/slik-gir-vincent-39-plastavfallet-nytt-liv\/#breadcrumb"},"inLanguage":"nb-NO","potentialAction":[{"@type":"ReadAction","target":["https:\/\/trv.no\/rastoff\/slik-gir-vincent-39-plastavfallet-nytt-liv\/"]}]},{"@type":"ImageObject","inLanguage":"nb-NO","@id":"https:\/\/trv.no\/rastoff\/slik-gir-vincent-39-plastavfallet-nytt-liv\/#primaryimage","url":"https:\/\/d2t31hwrov8bve.cloudfront.net\/wp-content\/uploads\/sites\/3\/2022\/03\/27162621\/slik-gir-vincent-39-plastavfallet-nytt-liv-2-scaled.jpg","contentUrl":"https:\/\/d2t31hwrov8bve.cloudfront.net\/wp-content\/uploads\/sites\/3\/2022\/03\/27162621\/slik-gir-vincent-39-plastavfallet-nytt-liv-2-scaled.jpg","width":2560,"height":1716,"caption":"Slik gir Vincent (39) plastavfallet nytt liv 3"},{"@type":"BreadcrumbList","@id":"https:\/\/trv.no\/rastoff\/slik-gir-vincent-39-plastavfallet-nytt-liv\/#breadcrumb","itemListElement":[{"@type":"ListItem","position":1,"name":"Hjem","item":"https:\/\/trv.no\/rastoff\/"},{"@type":"ListItem","position":2,"name":"Slik gir Vincent (39) plastavfallet nytt liv"}]},{"@type":"WebSite","@id":"https:\/\/trv.no\/rastoff\/#website","url":"https:\/\/trv.no\/rastoff\/","name":"R\u00e5stoff","description":"Bare enda et Trondheim Renholdsverk nettsteder-nettsted","publisher":{"@id":"https:\/\/trv.no\/rastoff\/#organization"},"potentialAction":[{"@type":"SearchAction","target":{"@type":"EntryPoint","urlTemplate":"https:\/\/trv.no\/rastoff\/?s={search_term_string}"},"query-input":{"@type":"PropertyValueSpecification","valueRequired":true,"valueName":"search_term_string"}}],"inLanguage":"nb-NO"},{"@type":"Organization","@id":"https:\/\/trv.no\/rastoff\/#organization","name":"TRV","url":"https:\/\/trv.no\/rastoff\/","logo":{"@type":"ImageObject","inLanguage":"nb-NO","@id":"https:\/\/trv.no\/rastoff\/#\/schema\/logo\/image\/","url":"https:\/\/d2t31hwrov8bve.cloudfront.net\/wp-content\/uploads\/sites\/3\/2019\/08\/27162735\/trvlogo-1.png","contentUrl":"https:\/\/d2t31hwrov8bve.cloudfront.net\/wp-content\/uploads\/sites\/3\/2019\/08\/27162735\/trvlogo-1.png","width":579,"height":192,"caption":"TRV"},"image":{"@id":"https:\/\/trv.no\/rastoff\/#\/schema\/logo\/image\/"}},{"@type":"Person","@id":"https:\/\/trv.no\/rastoff\/#\/schema\/person\/d18343c9bba2db13e7f656da2d73be0c","name":"bard","image":{"@type":"ImageObject","inLanguage":"nb-NO","@id":"https:\/\/secure.gravatar.com\/avatar\/5ed2d987974a57ca735daa3587bdd3b4667027cf0f5628de724c038c2b6481ef?s=96&d=mm&r=g","url":"https:\/\/secure.gravatar.com\/avatar\/5ed2d987974a57ca735daa3587bdd3b4667027cf0f5628de724c038c2b6481ef?s=96&d=mm&r=g","contentUrl":"https:\/\/secure.gravatar.com\/avatar\/5ed2d987974a57ca735daa3587bdd3b4667027cf0f5628de724c038c2b6481ef?s=96&d=mm&r=g","caption":"bard"},"url":"https:\/\/trv.no\/rastoff\/author\/bard\/"}]}},"acf":[],"_links":{"self":[{"href":"https:\/\/trv.no\/rastoff\/wp-json\/wp\/v2\/posts\/1355","targetHints":{"allow":["GET"]}}],"collection":[{"href":"https:\/\/trv.no\/rastoff\/wp-json\/wp\/v2\/posts"}],"about":[{"href":"https:\/\/trv.no\/rastoff\/wp-json\/wp\/v2\/types\/post"}],"author":[{"embeddable":true,"href":"https:\/\/trv.no\/rastoff\/wp-json\/wp\/v2\/users\/206"}],"replies":[{"embeddable":true,"href":"https:\/\/trv.no\/rastoff\/wp-json\/wp\/v2\/comments?post=1355"}],"version-history":[{"count":6,"href":"https:\/\/trv.no\/rastoff\/wp-json\/wp\/v2\/posts\/1355\/revisions"}],"predecessor-version":[{"id":1540,"href":"https:\/\/trv.no\/rastoff\/wp-json\/wp\/v2\/posts\/1355\/revisions\/1540"}],"wp:featuredmedia":[{"embeddable":true,"href":"https:\/\/trv.no\/rastoff\/wp-json\/wp\/v2\/media\/1387"}],"wp:attachment":[{"href":"https:\/\/trv.no\/rastoff\/wp-json\/wp\/v2\/media?parent=1355"}],"wp:term":[{"taxonomy":"category","embeddable":true,"href":"https:\/\/trv.no\/rastoff\/wp-json\/wp\/v2\/categories?post=1355"},{"taxonomy":"post_tag","embeddable":true,"href":"https:\/\/trv.no\/rastoff\/wp-json\/wp\/v2\/tags?post=1355"}],"curies":[{"name":"wp","href":"https:\/\/api.w.org\/{rel}","templated":true}]}}