{"id":1602,"date":"2022-06-14T14:52:19","date_gmt":"2022-06-14T12:52:19","guid":{"rendered":"https:\/\/trv.no\/rastoff\/?p=1602"},"modified":"2022-06-14T14:59:24","modified_gmt":"2022-06-14T12:59:24","slug":"kenneth-holdt-hodet-kaldt-da-det-begynte-a-brenne-i-bilen","status":"publish","type":"post","link":"https:\/\/trv.no\/rastoff\/kenneth-holdt-hodet-kaldt-da-det-begynte-a-brenne-i-bilen\/","title":{"rendered":"Kenneth holdt hodet kaldt da det begynte \u00e5 brenne i bilen"},"content":{"rendered":"\n\n\n\n\n<p class=\"has-ingress-font-size\">Mandag ettermiddag br\u00f8t det ut brann i en av Trondheim Renholdsverks renovasjonsbiler. Feilkastet litiumbatteri i papp- og papirbeholderen kan v\u00e6re \u00e5rsaken.<\/p>\n\n\n\n<p><em>Se video av brannen her lenger ned i saken<\/em><\/p>\n\n\n\n<figure class=\"wp-block-image size-large\"><img loading=\"lazy\" decoding=\"async\" width=\"1024\" height=\"681\" src=\"https:\/\/d2t31hwrov8bve.cloudfront.net\/wp-content\/uploads\/sites\/3\/2022\/06\/27162531\/kenneth-holdt-hodet-kaldt-da-det-begynte-a-brenne-i-bilen-1024x681.jpg\" alt=\"Kenneth holdt hodet kaldt da det begynte \u00e5 brenne i bilen 1\" class=\"wp-image-1612\" srcset=\"https:\/\/d2t31hwrov8bve.cloudfront.net\/wp-content\/uploads\/sites\/3\/2022\/06\/27162531\/kenneth-holdt-hodet-kaldt-da-det-begynte-a-brenne-i-bilen-1024x681.jpg 1024w, https:\/\/d2t31hwrov8bve.cloudfront.net\/wp-content\/uploads\/sites\/3\/2022\/06\/27162531\/kenneth-holdt-hodet-kaldt-da-det-begynte-a-brenne-i-bilen-300x199.jpg 300w, https:\/\/d2t31hwrov8bve.cloudfront.net\/wp-content\/uploads\/sites\/3\/2022\/06\/27162531\/kenneth-holdt-hodet-kaldt-da-det-begynte-a-brenne-i-bilen-1536x1021.jpg 1536w, https:\/\/d2t31hwrov8bve.cloudfront.net\/wp-content\/uploads\/sites\/3\/2022\/06\/27162531\/kenneth-holdt-hodet-kaldt-da-det-begynte-a-brenne-i-bilen-2048x1362.jpg 2048w\" sizes=\"auto, (max-width: 1024px) 100vw, 1024px\" \/><figcaption>Renovat\u00f8r Kenneth Oshaug har jobbet i Trondheim Renholdsverk i 16 \u00e5r. Mandag denne uka ble det brann i renovasjonsbilen han og kollega Rolf-Inge Gjevik var ute med i et boligfelt p\u00e5 Nardo.<\/figcaption><\/figure>\n\n\n\n<p><br>Renovat\u00f8r Kenneth Oshaug og kollegaen var ute p\u00e5 jobb for \u00e5 t\u00f8mme papp- og papiravfall i R\u00f8llikvegen p\u00e5 Nardo i Trondheim da han oppdaget brannen like f\u00f8r klokken 12.30 mandag 13. juni.<br>&#8211; Jeg gikk bak bilen for \u00e5 trekke ut papirbeholdere da jeg kjente at det luktet brent, forteller Oshaug.<\/p>\n\n\n\n<p>Plutselig s\u00e5 han r\u00f8yk komme over taket p\u00e5 lasterommet p\u00e5 bilen. Der ligger ogs\u00e5 komprimatoren, som presser pappen og papiret sammen, etter hvert som renovat\u00f8rene fyller p\u00e5 med mer og mer avfall. Oshaug ansl\u00e5r at de hadde rundt 4 tonn med papp- og papir p\u00e5 bilen da brannen startet.<br>&#8211; Jeg s\u00e5 ingen \u00e5pne flammer.  Men det var \u00e5penbart at det var brann, forteller den rutinerte renovat\u00f8ren.<\/p>\n\n\n\n<h2 class=\"wp-block-heading\" id=\"kjorte-til-heggstadmoenoshaug-ringte-straks-110-og-fikk-kontakt-med-trondelag-brann-og-redningstjeneste-de-ble-enige-om-at-bilen-kunne-kjores-opp-til-heggstadmoen-brannvesenet-rykket-ut-fra-stasjonen-pa-sandmoen-like-ved-trondheim-renholdsverks-anlegg-pa-heggstadmoen-vi-kom-fram-noen-minutter-for-renovasjonsbilen-og-fant-et-egnet-sted-for-a-tomme-ut-innholdet-forteller-age-skjelvik-utrykningsleder-i-trondelag-brann-og-redningstjeneste\">Kj\u00f8rte til Heggstadmoen<\/h2>\n\n\n\n<p id=\"kjorte-til-heggstadmoenoshaug-ringte-straks-110-og-fikk-kontakt-med-trondelag-brann-og-redningstjeneste-de-ble-enige-om-at-bilen-kunne-kjores-opp-til-heggstadmoen-brannvesenet-rykket-ut-fra-stasjonen-pa-sandmoen-like-ved-trondheim-renholdsverks-anlegg-pa-heggstadmoen-vi-kom-fram-noen-minutter-for-renovasjonsbilen-og-fant-et-egnet-sted-for-a-tomme-ut-innholdet-forteller-age-skjelvik-utrykningsleder-i-trondelag-brann-og-redningstjeneste\"><br>Oshaug ringte straks 110 og fikk kontakt med Tr\u00f8ndelag brann- og redningstjeneste.<br>&#8211; Hadde det v\u00e6rt \u00e5pne flammer hadde jeg funnet et sted i n\u00e6rheten og t\u00f8mt det ut. Men lasterommet er ganske tett og papiret er veldig komprimert, s\u00e5 det var ingen stor fare for at det skulle utvikle seg der vi sto, sier Oshaug. <\/p>\n\n\n\n<p id=\"kjorte-til-heggstadmoenoshaug-ringte-straks-110-og-fikk-kontakt-med-trondelag-brann-og-redningstjeneste-de-ble-enige-om-at-bilen-kunne-kjores-opp-til-heggstadmoen-brannvesenet-rykket-ut-fra-stasjonen-pa-sandmoen-like-ved-trondheim-renholdsverks-anlegg-pa-heggstadmoen-vi-kom-fram-noen-minutter-for-renovasjonsbilen-og-fant-et-egnet-sted-for-a-tomme-ut-innholdet-forteller-age-skjelvik-utrykningsleder-i-trondelag-brann-og-redningstjeneste\">De ble enige om at bilen kunne kj\u00f8res opp til Heggstadmoen. Brannvesenet rykket ut fra stasjonen p\u00e5 Sandmoen, like ved Trondheim Renholdsverks anlegg.<br>&#8211; Vi kom fram noen minutter f\u00f8r renovasjonsbilen og fant et egnet sted for \u00e5 t\u00f8mme ut innholdet, forteller \u00c5ge Skjelvik, utrykningsleder i Tr\u00f8ndelag brann og redningstjeneste.<br><em>Se video av brannen her:<\/em><\/p>\n\n\n\n<figure class=\"wp-block-video aligncenter\"><video height=\"1080\" style=\"aspect-ratio: 1920 \/ 1080;\" width=\"1920\" controls src=\"https:\/\/d2t31hwrov8bve.cloudfront.net\/wp-content\/uploads\/sites\/3\/2022\/06\/27162532\/2022-06-brann-avfallsbil-kenneth-oshaug-1.mov\"><\/video><figcaption>Brannmannskapene fikk tilgang p\u00e5 vann fra Trondheim Renholdsverk og slukket brannen raskt p\u00e5 Heggstadmoen.<\/figcaption><\/figure>\n\n\n\n<h2 class=\"wp-block-heading\" id=\"apne-flammer\">\u00c5pne flammer<\/h2>\n\n\n\n<p>Brannmannskapene koblet seg p\u00e5 et vannuttak fra renholdsverket, og sto klare da Oshaug og kollegaen rullet inn.<br>-Det r\u00f8yk litt ut av bilen da den kom. Men da han \u00e5pnet komprimatoren, og brannen fikk tilgang til luft, kom flammene, forteller Skjelvik.<\/p>\n\n\n\n<div class=\"wp-block-image\"><figure class=\"alignleft size-medium\"><img loading=\"lazy\" decoding=\"async\" width=\"200\" height=\"300\" src=\"https:\/\/d2t31hwrov8bve.cloudfront.net\/wp-content\/uploads\/sites\/3\/2022\/06\/27162529\/Portrett-200x300.jpg\" alt=\"\" class=\"wp-image-1617\" srcset=\"https:\/\/d2t31hwrov8bve.cloudfront.net\/wp-content\/uploads\/sites\/3\/2022\/06\/27162529\/Portrett-200x300.jpg 200w, https:\/\/d2t31hwrov8bve.cloudfront.net\/wp-content\/uploads\/sites\/3\/2022\/06\/27162529\/Portrett-683x1024.jpg 683w, https:\/\/d2t31hwrov8bve.cloudfront.net\/wp-content\/uploads\/sites\/3\/2022\/06\/27162529\/Portrett-1024x1536.jpg 1024w\" sizes=\"auto, (max-width: 200px) 100vw, 200px\" \/><figcaption><em>\u00c5ge Skjelvik, Tr\u00f8ndelag brann- og redningstjeneste<\/em><\/figcaption><\/figure><\/div>\n\n\n\n<p><br>Pappen- og papiret ble t\u00f8mt utover plassen, mens brannmannskapene p\u00f8ste p\u00e5 med vann. En gravemaskin med klype kom og roterte i det brennede papiret.<br>-Etterp\u00e5 ble avfallet lagt i en container, s\u00e5nn at det ikke skal spre seg om det tar fyr igjen, sier Skjelvik.<\/p>\n\n\n\n<p><br><\/p>\n\n\n\n<h2 class=\"wp-block-heading\" id=\"ukjent-arsak-mistanke-om-batteri\">Ukjent \u00e5rsak &#8211; mistanke om batteri<\/h2>\n\n\n\n<p>\u00c5rsaken til brannen er forel\u00f8pig ikke klar. Men det er en kjent sak at batterier er hoved\u00e5rsak til de fleste branner p\u00e5 avfallsanlegg.<br>Flate knappcellebatterier og mobilbatterier er eksempler p\u00e5 litiumbatterier vi bruker mye. De kan lett eksplodere n\u00e5r de kommer i klem. Det vet Thomas N\u00e6ssan, fagleder for Farlig avfall i Trondheim Renholdsverk, mye om.<\/p>\n\n\n\n<p>\u2013 Litiumbatterier inneholder mye energi selv om de er tom for str\u00f8m og de er veldig s\u00e5rbare for klem og slag.<\/p>\n\n\n\n<p>Da oppst\u00e5r det en kortslutning i stoffene i batteriene. S\u00e5 utvikles det varme som antenner avfallet batteriet ligger sammen med. En liten gnist er nok, illustrerer N\u00e6ssan.<br><\/p>\n\n\n\n<div class=\"wp-block-rastoff-innerblock undefined wrap-block green-theme\"><div class=\"inner-block left-align\">\n<h2 class=\"wp-block-heading\" id=\"litiumbatterier\">Litiumbatterier<\/h2>\n\n\n\n<p>Oppladbare batterier som du finner i blant annet mobiltelefoner, kameraer, biler og klokker og lignende. Litiumbatterier har h\u00f8yt energiinnhold og kan avgi brannfarlige gasser og ta fyr om de kortsluttes.<\/p>\n\n\n\n<p>Kast alltid litiumbatterier som farlig avfall.<\/p>\n<\/div><\/div>\n\n\n\n<figure class=\"wp-block-image size-large is-resized\"><img loading=\"lazy\" decoding=\"async\" src=\"https:\/\/d2t31hwrov8bve.cloudfront.net\/wp-content\/uploads\/sites\/3\/2021\/11\/27162647\/image00002-1024x768.jpeg\" alt=\"Kaster du batterier i restavfallet? Det m\u00e5 du bare slutte med! 6\" class=\"wp-image-1066\" width=\"1024\" height=\"768\" srcset=\"https:\/\/d2t31hwrov8bve.cloudfront.net\/wp-content\/uploads\/sites\/3\/2021\/11\/27162647\/image00002-1024x768.jpeg 1024w, https:\/\/d2t31hwrov8bve.cloudfront.net\/wp-content\/uploads\/sites\/3\/2021\/11\/27162647\/image00002-300x225.jpeg 300w, https:\/\/d2t31hwrov8bve.cloudfront.net\/wp-content\/uploads\/sites\/3\/2021\/11\/27162647\/image00002-1536x1152.jpeg 1536w, https:\/\/d2t31hwrov8bve.cloudfront.net\/wp-content\/uploads\/sites\/3\/2021\/11\/27162647\/image00002-2048x1536.jpeg 2048w\" sizes=\"auto, (max-width: 1024px) 100vw, 1024px\" \/><figcaption>&#8211; Det er sv\u00e6rt viktig at ikke batterier kastes i de vanlige avfallsdunkene. Batterier er farlig avfall, og skal alltid i r\u00f8dboksen eller leveres inn til butikker som har mottak for el-avfall, sier Thomas N\u00e6ssan i Trondheim Renholdsverk.<\/figcaption><\/figure>\n\n\n\n<h2 class=\"wp-block-heading\" id=\"viktig-a-kaste-riktig\">&#8211; Viktig \u00e5 kaste riktig<\/h2>\n\n\n\n<p>Henning Martinsen, daglig leder i Trondheim Renholdsverk, er glad for at det tross alt gikk bra. Renovasjonsbilen fikk heller ikke store skader.<br>&#8211; Men dette er hendelser vi \u00f8nsker sterkt \u00e5 unng\u00e5, b\u00e5de p\u00e5 grunn av publikum og v\u00e5re renovat\u00f8rers sikkerhet. Vi vet forel\u00f8pig ikke \u00e5rsaken til brannen, men det er all grunn til \u00e5 minne folk p\u00e5 at batterier alltid skal i r\u00f8dboksen for farlig avfall, eller leveres inn p\u00e5 butikker som har mottak for el-avfall. Det er viktig \u00e5 kaste riktig, avslutter Martinsen.<\/p>\n","protected":false},"excerpt":{"rendered":"<p>Mandag ettermiddag br\u00f8t det ut brann i en av Trondheim Renholdsverks renovasjonsbiler. Feilkastet litiumbatteri i papp- og papirbeholderen kan v\u00e6re \u00e5rsaken.<\/p>\n","protected":false},"author":206,"featured_media":1608,"comment_status":"closed","ping_status":"closed","sticky":false,"template":"","format":"standard","meta":{"_acf_changed":false,"inline_featured_image":false,"video_field":"","footnotes":""},"categories":[9],"tags":[22,32],"class_list":["post-1602","post","type-post","status-publish","format-standard","has-post-thumbnail","hentry","category-avfallssortering","tag-batterier","tag-litiumbatterier"],"yoast_head":"<!-- This site is optimized with the Yoast SEO plugin v27.3 - https:\/\/yoast.com\/product\/yoast-seo-wordpress\/ -->\n<title>Kenneth holdt hodet kaldt da det begynte \u00e5 brenne i bilen - R\u00e5stoff<\/title>\n<meta name=\"robots\" content=\"index, follow, max-snippet:-1, max-image-preview:large, max-video-preview:-1\" \/>\n<link rel=\"canonical\" href=\"https:\/\/trv.no\/rastoff\/kenneth-holdt-hodet-kaldt-da-det-begynte-a-brenne-i-bilen\/\" \/>\n<meta property=\"og:locale\" content=\"nb_NO\" \/>\n<meta property=\"og:type\" content=\"article\" \/>\n<meta property=\"og:title\" content=\"Kenneth holdt hodet kaldt da det begynte \u00e5 brenne i bilen - R\u00e5stoff\" \/>\n<meta property=\"og:description\" content=\"Mandag ettermiddag br\u00f8t det ut brann i en av Trondheim Renholdsverks renovasjonsbiler. Feilkastet litiumbatteri i papp- og papirbeholderen kan v\u00e6re \u00e5rsaken.\" \/>\n<meta property=\"og:url\" content=\"https:\/\/trv.no\/rastoff\/kenneth-holdt-hodet-kaldt-da-det-begynte-a-brenne-i-bilen\/\" \/>\n<meta property=\"og:site_name\" content=\"R\u00e5stoff\" \/>\n<meta property=\"article:published_time\" content=\"2022-06-14T12:52:19+00:00\" \/>\n<meta property=\"article:modified_time\" content=\"2022-06-14T12:59:24+00:00\" \/>\n<meta property=\"og:image\" content=\"https:\/\/trv.no\/rastoff\/wp-content\/uploads\/sites\/3\/2022\/06\/2022-06-brann-i-avfallsbil-foto-Kenneth-Oshaug-TRV.jpg\" \/>\n\t<meta property=\"og:image:width\" content=\"810\" \/>\n\t<meta property=\"og:image:height\" content=\"714\" \/>\n\t<meta property=\"og:image:type\" content=\"image\/jpeg\" \/>\n<meta name=\"author\" content=\"bard\" \/>\n<meta name=\"twitter:card\" content=\"summary_large_image\" \/>\n<meta name=\"twitter:label1\" content=\"Skrevet av\" \/>\n\t<meta name=\"twitter:data1\" content=\"bard\" \/>\n\t<meta name=\"twitter:label2\" content=\"Ansl. lesetid\" \/>\n\t<meta name=\"twitter:data2\" content=\"5 minutter\" \/>\n<script type=\"application\/ld+json\" class=\"yoast-schema-graph\">{\"@context\":\"https:\\\/\\\/schema.org\",\"@graph\":[{\"@type\":\"Article\",\"@id\":\"https:\\\/\\\/trv.no\\\/rastoff\\\/kenneth-holdt-hodet-kaldt-da-det-begynte-a-brenne-i-bilen\\\/#article\",\"isPartOf\":{\"@id\":\"https:\\\/\\\/trv.no\\\/rastoff\\\/kenneth-holdt-hodet-kaldt-da-det-begynte-a-brenne-i-bilen\\\/\"},\"author\":{\"name\":\"bard\",\"@id\":\"https:\\\/\\\/trv.no\\\/rastoff\\\/#\\\/schema\\\/person\\\/d18343c9bba2db13e7f656da2d73be0c\"},\"headline\":\"Kenneth holdt hodet kaldt da det begynte \u00e5 brenne i bilen\",\"datePublished\":\"2022-06-14T12:52:19+00:00\",\"dateModified\":\"2022-06-14T12:59:24+00:00\",\"mainEntityOfPage\":{\"@id\":\"https:\\\/\\\/trv.no\\\/rastoff\\\/kenneth-holdt-hodet-kaldt-da-det-begynte-a-brenne-i-bilen\\\/\"},\"wordCount\":716,\"publisher\":{\"@id\":\"https:\\\/\\\/trv.no\\\/rastoff\\\/#organization\"},\"image\":{\"@id\":\"https:\\\/\\\/trv.no\\\/rastoff\\\/kenneth-holdt-hodet-kaldt-da-det-begynte-a-brenne-i-bilen\\\/#primaryimage\"},\"thumbnailUrl\":\"https:\\\/\\\/d2t31hwrov8bve.cloudfront.net\\\/wp-content\\\/uploads\\\/sites\\\/3\\\/2022\\\/06\\\/27162531\\\/2022-06-brann-i-avfallsbil-foto-Kenneth-Oshaug-TRV.jpg\",\"keywords\":[\"batterier\",\"litiumbatterier\"],\"articleSection\":[\"Avfallssortering\"],\"inLanguage\":\"nb-NO\"},{\"@type\":\"WebPage\",\"@id\":\"https:\\\/\\\/trv.no\\\/rastoff\\\/kenneth-holdt-hodet-kaldt-da-det-begynte-a-brenne-i-bilen\\\/\",\"url\":\"https:\\\/\\\/trv.no\\\/rastoff\\\/kenneth-holdt-hodet-kaldt-da-det-begynte-a-brenne-i-bilen\\\/\",\"name\":\"Kenneth holdt hodet kaldt da det begynte \u00e5 brenne i bilen - R\u00e5stoff\",\"isPartOf\":{\"@id\":\"https:\\\/\\\/trv.no\\\/rastoff\\\/#website\"},\"primaryImageOfPage\":{\"@id\":\"https:\\\/\\\/trv.no\\\/rastoff\\\/kenneth-holdt-hodet-kaldt-da-det-begynte-a-brenne-i-bilen\\\/#primaryimage\"},\"image\":{\"@id\":\"https:\\\/\\\/trv.no\\\/rastoff\\\/kenneth-holdt-hodet-kaldt-da-det-begynte-a-brenne-i-bilen\\\/#primaryimage\"},\"thumbnailUrl\":\"https:\\\/\\\/d2t31hwrov8bve.cloudfront.net\\\/wp-content\\\/uploads\\\/sites\\\/3\\\/2022\\\/06\\\/27162531\\\/2022-06-brann-i-avfallsbil-foto-Kenneth-Oshaug-TRV.jpg\",\"datePublished\":\"2022-06-14T12:52:19+00:00\",\"dateModified\":\"2022-06-14T12:59:24+00:00\",\"breadcrumb\":{\"@id\":\"https:\\\/\\\/trv.no\\\/rastoff\\\/kenneth-holdt-hodet-kaldt-da-det-begynte-a-brenne-i-bilen\\\/#breadcrumb\"},\"inLanguage\":\"nb-NO\",\"potentialAction\":[{\"@type\":\"ReadAction\",\"target\":[\"https:\\\/\\\/trv.no\\\/rastoff\\\/kenneth-holdt-hodet-kaldt-da-det-begynte-a-brenne-i-bilen\\\/\"]}]},{\"@type\":\"ImageObject\",\"inLanguage\":\"nb-NO\",\"@id\":\"https:\\\/\\\/trv.no\\\/rastoff\\\/kenneth-holdt-hodet-kaldt-da-det-begynte-a-brenne-i-bilen\\\/#primaryimage\",\"url\":\"https:\\\/\\\/d2t31hwrov8bve.cloudfront.net\\\/wp-content\\\/uploads\\\/sites\\\/3\\\/2022\\\/06\\\/27162531\\\/2022-06-brann-i-avfallsbil-foto-Kenneth-Oshaug-TRV.jpg\",\"contentUrl\":\"https:\\\/\\\/d2t31hwrov8bve.cloudfront.net\\\/wp-content\\\/uploads\\\/sites\\\/3\\\/2022\\\/06\\\/27162531\\\/2022-06-brann-i-avfallsbil-foto-Kenneth-Oshaug-TRV.jpg\",\"width\":810,\"height\":714,\"caption\":\"Kenneth holdt hodet kaldt da det begynte \u00e5 brenne i bilen\"},{\"@type\":\"BreadcrumbList\",\"@id\":\"https:\\\/\\\/trv.no\\\/rastoff\\\/kenneth-holdt-hodet-kaldt-da-det-begynte-a-brenne-i-bilen\\\/#breadcrumb\",\"itemListElement\":[{\"@type\":\"ListItem\",\"position\":1,\"name\":\"Hjem\",\"item\":\"https:\\\/\\\/trv.no\\\/rastoff\\\/\"},{\"@type\":\"ListItem\",\"position\":2,\"name\":\"Kenneth holdt hodet kaldt da det begynte \u00e5 brenne i bilen\"}]},{\"@type\":\"WebSite\",\"@id\":\"https:\\\/\\\/trv.no\\\/rastoff\\\/#website\",\"url\":\"https:\\\/\\\/trv.no\\\/rastoff\\\/\",\"name\":\"R\u00e5stoff\",\"description\":\"Bare enda et Trondheim Renholdsverk nettsteder-nettsted\",\"publisher\":{\"@id\":\"https:\\\/\\\/trv.no\\\/rastoff\\\/#organization\"},\"potentialAction\":[{\"@type\":\"SearchAction\",\"target\":{\"@type\":\"EntryPoint\",\"urlTemplate\":\"https:\\\/\\\/trv.no\\\/rastoff\\\/?s={search_term_string}\"},\"query-input\":{\"@type\":\"PropertyValueSpecification\",\"valueRequired\":true,\"valueName\":\"search_term_string\"}}],\"inLanguage\":\"nb-NO\"},{\"@type\":\"Organization\",\"@id\":\"https:\\\/\\\/trv.no\\\/rastoff\\\/#organization\",\"name\":\"TRV\",\"url\":\"https:\\\/\\\/trv.no\\\/rastoff\\\/\",\"logo\":{\"@type\":\"ImageObject\",\"inLanguage\":\"nb-NO\",\"@id\":\"https:\\\/\\\/trv.no\\\/rastoff\\\/#\\\/schema\\\/logo\\\/image\\\/\",\"url\":\"https:\\\/\\\/d2t31hwrov8bve.cloudfront.net\\\/wp-content\\\/uploads\\\/sites\\\/3\\\/2019\\\/08\\\/27162735\\\/trvlogo-1.png\",\"contentUrl\":\"https:\\\/\\\/d2t31hwrov8bve.cloudfront.net\\\/wp-content\\\/uploads\\\/sites\\\/3\\\/2019\\\/08\\\/27162735\\\/trvlogo-1.png\",\"width\":579,\"height\":192,\"caption\":\"TRV\"},\"image\":{\"@id\":\"https:\\\/\\\/trv.no\\\/rastoff\\\/#\\\/schema\\\/logo\\\/image\\\/\"}},{\"@type\":\"Person\",\"@id\":\"https:\\\/\\\/trv.no\\\/rastoff\\\/#\\\/schema\\\/person\\\/d18343c9bba2db13e7f656da2d73be0c\",\"name\":\"bard\",\"image\":{\"@type\":\"ImageObject\",\"inLanguage\":\"nb-NO\",\"@id\":\"https:\\\/\\\/secure.gravatar.com\\\/avatar\\\/5ed2d987974a57ca735daa3587bdd3b4667027cf0f5628de724c038c2b6481ef?s=96&d=mm&r=g\",\"url\":\"https:\\\/\\\/secure.gravatar.com\\\/avatar\\\/5ed2d987974a57ca735daa3587bdd3b4667027cf0f5628de724c038c2b6481ef?s=96&d=mm&r=g\",\"contentUrl\":\"https:\\\/\\\/secure.gravatar.com\\\/avatar\\\/5ed2d987974a57ca735daa3587bdd3b4667027cf0f5628de724c038c2b6481ef?s=96&d=mm&r=g\",\"caption\":\"bard\"},\"url\":\"https:\\\/\\\/trv.no\\\/rastoff\\\/author\\\/bard\\\/\"}]}<\/script>\n<!-- \/ Yoast SEO plugin. -->","yoast_head_json":{"title":"Kenneth holdt hodet kaldt da det begynte \u00e5 brenne i bilen - R\u00e5stoff","robots":{"index":"index","follow":"follow","max-snippet":"max-snippet:-1","max-image-preview":"max-image-preview:large","max-video-preview":"max-video-preview:-1"},"canonical":"https:\/\/trv.no\/rastoff\/kenneth-holdt-hodet-kaldt-da-det-begynte-a-brenne-i-bilen\/","og_locale":"nb_NO","og_type":"article","og_title":"Kenneth holdt hodet kaldt da det begynte \u00e5 brenne i bilen - R\u00e5stoff","og_description":"Mandag ettermiddag br\u00f8t det ut brann i en av Trondheim Renholdsverks renovasjonsbiler. Feilkastet litiumbatteri i papp- og papirbeholderen kan v\u00e6re \u00e5rsaken.","og_url":"https:\/\/trv.no\/rastoff\/kenneth-holdt-hodet-kaldt-da-det-begynte-a-brenne-i-bilen\/","og_site_name":"R\u00e5stoff","article_published_time":"2022-06-14T12:52:19+00:00","article_modified_time":"2022-06-14T12:59:24+00:00","og_image":[{"width":810,"height":714,"url":"https:\/\/trv.no\/rastoff\/wp-content\/uploads\/sites\/3\/2022\/06\/2022-06-brann-i-avfallsbil-foto-Kenneth-Oshaug-TRV.jpg","type":"image\/jpeg"}],"author":"bard","twitter_card":"summary_large_image","twitter_misc":{"Skrevet av":"bard","Ansl. lesetid":"5 minutter"},"schema":{"@context":"https:\/\/schema.org","@graph":[{"@type":"Article","@id":"https:\/\/trv.no\/rastoff\/kenneth-holdt-hodet-kaldt-da-det-begynte-a-brenne-i-bilen\/#article","isPartOf":{"@id":"https:\/\/trv.no\/rastoff\/kenneth-holdt-hodet-kaldt-da-det-begynte-a-brenne-i-bilen\/"},"author":{"name":"bard","@id":"https:\/\/trv.no\/rastoff\/#\/schema\/person\/d18343c9bba2db13e7f656da2d73be0c"},"headline":"Kenneth holdt hodet kaldt da det begynte \u00e5 brenne i bilen","datePublished":"2022-06-14T12:52:19+00:00","dateModified":"2022-06-14T12:59:24+00:00","mainEntityOfPage":{"@id":"https:\/\/trv.no\/rastoff\/kenneth-holdt-hodet-kaldt-da-det-begynte-a-brenne-i-bilen\/"},"wordCount":716,"publisher":{"@id":"https:\/\/trv.no\/rastoff\/#organization"},"image":{"@id":"https:\/\/trv.no\/rastoff\/kenneth-holdt-hodet-kaldt-da-det-begynte-a-brenne-i-bilen\/#primaryimage"},"thumbnailUrl":"https:\/\/d2t31hwrov8bve.cloudfront.net\/wp-content\/uploads\/sites\/3\/2022\/06\/27162531\/2022-06-brann-i-avfallsbil-foto-Kenneth-Oshaug-TRV.jpg","keywords":["batterier","litiumbatterier"],"articleSection":["Avfallssortering"],"inLanguage":"nb-NO"},{"@type":"WebPage","@id":"https:\/\/trv.no\/rastoff\/kenneth-holdt-hodet-kaldt-da-det-begynte-a-brenne-i-bilen\/","url":"https:\/\/trv.no\/rastoff\/kenneth-holdt-hodet-kaldt-da-det-begynte-a-brenne-i-bilen\/","name":"Kenneth holdt hodet kaldt da det begynte \u00e5 brenne i bilen - R\u00e5stoff","isPartOf":{"@id":"https:\/\/trv.no\/rastoff\/#website"},"primaryImageOfPage":{"@id":"https:\/\/trv.no\/rastoff\/kenneth-holdt-hodet-kaldt-da-det-begynte-a-brenne-i-bilen\/#primaryimage"},"image":{"@id":"https:\/\/trv.no\/rastoff\/kenneth-holdt-hodet-kaldt-da-det-begynte-a-brenne-i-bilen\/#primaryimage"},"thumbnailUrl":"https:\/\/d2t31hwrov8bve.cloudfront.net\/wp-content\/uploads\/sites\/3\/2022\/06\/27162531\/2022-06-brann-i-avfallsbil-foto-Kenneth-Oshaug-TRV.jpg","datePublished":"2022-06-14T12:52:19+00:00","dateModified":"2022-06-14T12:59:24+00:00","breadcrumb":{"@id":"https:\/\/trv.no\/rastoff\/kenneth-holdt-hodet-kaldt-da-det-begynte-a-brenne-i-bilen\/#breadcrumb"},"inLanguage":"nb-NO","potentialAction":[{"@type":"ReadAction","target":["https:\/\/trv.no\/rastoff\/kenneth-holdt-hodet-kaldt-da-det-begynte-a-brenne-i-bilen\/"]}]},{"@type":"ImageObject","inLanguage":"nb-NO","@id":"https:\/\/trv.no\/rastoff\/kenneth-holdt-hodet-kaldt-da-det-begynte-a-brenne-i-bilen\/#primaryimage","url":"https:\/\/d2t31hwrov8bve.cloudfront.net\/wp-content\/uploads\/sites\/3\/2022\/06\/27162531\/2022-06-brann-i-avfallsbil-foto-Kenneth-Oshaug-TRV.jpg","contentUrl":"https:\/\/d2t31hwrov8bve.cloudfront.net\/wp-content\/uploads\/sites\/3\/2022\/06\/27162531\/2022-06-brann-i-avfallsbil-foto-Kenneth-Oshaug-TRV.jpg","width":810,"height":714,"caption":"Kenneth holdt hodet kaldt da det begynte \u00e5 brenne i bilen"},{"@type":"BreadcrumbList","@id":"https:\/\/trv.no\/rastoff\/kenneth-holdt-hodet-kaldt-da-det-begynte-a-brenne-i-bilen\/#breadcrumb","itemListElement":[{"@type":"ListItem","position":1,"name":"Hjem","item":"https:\/\/trv.no\/rastoff\/"},{"@type":"ListItem","position":2,"name":"Kenneth holdt hodet kaldt da det begynte \u00e5 brenne i bilen"}]},{"@type":"WebSite","@id":"https:\/\/trv.no\/rastoff\/#website","url":"https:\/\/trv.no\/rastoff\/","name":"R\u00e5stoff","description":"Bare enda et Trondheim Renholdsverk nettsteder-nettsted","publisher":{"@id":"https:\/\/trv.no\/rastoff\/#organization"},"potentialAction":[{"@type":"SearchAction","target":{"@type":"EntryPoint","urlTemplate":"https:\/\/trv.no\/rastoff\/?s={search_term_string}"},"query-input":{"@type":"PropertyValueSpecification","valueRequired":true,"valueName":"search_term_string"}}],"inLanguage":"nb-NO"},{"@type":"Organization","@id":"https:\/\/trv.no\/rastoff\/#organization","name":"TRV","url":"https:\/\/trv.no\/rastoff\/","logo":{"@type":"ImageObject","inLanguage":"nb-NO","@id":"https:\/\/trv.no\/rastoff\/#\/schema\/logo\/image\/","url":"https:\/\/d2t31hwrov8bve.cloudfront.net\/wp-content\/uploads\/sites\/3\/2019\/08\/27162735\/trvlogo-1.png","contentUrl":"https:\/\/d2t31hwrov8bve.cloudfront.net\/wp-content\/uploads\/sites\/3\/2019\/08\/27162735\/trvlogo-1.png","width":579,"height":192,"caption":"TRV"},"image":{"@id":"https:\/\/trv.no\/rastoff\/#\/schema\/logo\/image\/"}},{"@type":"Person","@id":"https:\/\/trv.no\/rastoff\/#\/schema\/person\/d18343c9bba2db13e7f656da2d73be0c","name":"bard","image":{"@type":"ImageObject","inLanguage":"nb-NO","@id":"https:\/\/secure.gravatar.com\/avatar\/5ed2d987974a57ca735daa3587bdd3b4667027cf0f5628de724c038c2b6481ef?s=96&d=mm&r=g","url":"https:\/\/secure.gravatar.com\/avatar\/5ed2d987974a57ca735daa3587bdd3b4667027cf0f5628de724c038c2b6481ef?s=96&d=mm&r=g","contentUrl":"https:\/\/secure.gravatar.com\/avatar\/5ed2d987974a57ca735daa3587bdd3b4667027cf0f5628de724c038c2b6481ef?s=96&d=mm&r=g","caption":"bard"},"url":"https:\/\/trv.no\/rastoff\/author\/bard\/"}]}},"acf":[],"_links":{"self":[{"href":"https:\/\/trv.no\/rastoff\/wp-json\/wp\/v2\/posts\/1602","targetHints":{"allow":["GET"]}}],"collection":[{"href":"https:\/\/trv.no\/rastoff\/wp-json\/wp\/v2\/posts"}],"about":[{"href":"https:\/\/trv.no\/rastoff\/wp-json\/wp\/v2\/types\/post"}],"author":[{"embeddable":true,"href":"https:\/\/trv.no\/rastoff\/wp-json\/wp\/v2\/users\/206"}],"replies":[{"embeddable":true,"href":"https:\/\/trv.no\/rastoff\/wp-json\/wp\/v2\/comments?post=1602"}],"version-history":[{"count":4,"href":"https:\/\/trv.no\/rastoff\/wp-json\/wp\/v2\/posts\/1602\/revisions"}],"predecessor-version":[{"id":1625,"href":"https:\/\/trv.no\/rastoff\/wp-json\/wp\/v2\/posts\/1602\/revisions\/1625"}],"wp:featuredmedia":[{"embeddable":true,"href":"https:\/\/trv.no\/rastoff\/wp-json\/wp\/v2\/media\/1608"}],"wp:attachment":[{"href":"https:\/\/trv.no\/rastoff\/wp-json\/wp\/v2\/media?parent=1602"}],"wp:term":[{"taxonomy":"category","embeddable":true,"href":"https:\/\/trv.no\/rastoff\/wp-json\/wp\/v2\/categories?post=1602"},{"taxonomy":"post_tag","embeddable":true,"href":"https:\/\/trv.no\/rastoff\/wp-json\/wp\/v2\/tags?post=1602"}],"curies":[{"name":"wp","href":"https:\/\/api.w.org\/{rel}","templated":true}]}}