{"id":1827,"date":"2022-12-05T09:40:46","date_gmt":"2022-12-05T08:40:46","guid":{"rendered":"https:\/\/trv.no\/rastoff\/?p=1827"},"modified":"2022-12-16T19:49:21","modified_gmt":"2022-12-16T18:49:21","slug":"skap-rom-for-kosen-og-gled-deg-over-jula","status":"publish","type":"post","link":"https:\/\/trv.no\/rastoff\/skap-rom-for-kosen-og-gled-deg-over-jula\/","title":{"rendered":"Skap rom for kosen og gled deg over jula"},"content":{"rendered":"\n<p class=\"has-ingress-font-size\">Det er tida for lave skuldre, samv\u00e6r og n\u00e6rhet. Med noen enkle grep kan h\u00f8ytidsdagene ogs\u00e5 bli mer b\u00e6rekraftige, b\u00e5de for gjester og vertskap. Slik kan alle f\u00e5 nyte julefreden med god samvittighet, velsignet ro og mindre press p\u00e5 \u00f8konomien.<\/p>\n\n\n\n<p>Rundt bordet i denne utgaven av R\u00e5stoff har vi samlet noen av Trondheim Renholdsverks ansatte til en prat om tradisjoner og gaver. Kanskje noen har id\u00e9er som er verd \u00e5 plukke opp?<\/p>\n\n\n\n<figure class=\"wp-block-image size-large\"><img loading=\"lazy\" decoding=\"async\" width=\"1024\" height=\"726\" src=\"https:\/\/d2t31hwrov8bve.cloudfront.net\/wp-content\/uploads\/sites\/3\/2022\/12\/27162433\/Bilde1-1024x726.jpg\" alt=\"\" class=\"wp-image-1828\" srcset=\"https:\/\/d2t31hwrov8bve.cloudfront.net\/wp-content\/uploads\/sites\/3\/2022\/12\/27162433\/Bilde1-1024x726.jpg 1024w, https:\/\/d2t31hwrov8bve.cloudfront.net\/wp-content\/uploads\/sites\/3\/2022\/12\/27162433\/Bilde1-300x213.jpg 300w, https:\/\/d2t31hwrov8bve.cloudfront.net\/wp-content\/uploads\/sites\/3\/2022\/12\/27162433\/Bilde1.jpg 1260w\" sizes=\"auto, (max-width: 1024px) 100vw, 1024px\" \/><figcaption><em>Fra venstre: Linnea Str\u00e5b\u00f8, Mosleh Badakhs, Bodil Nilsen Gylland, Karianne Vordahl, Anna J\u00f8rgensdotter Svisdal og Markus Melland. Alt du ser av m\u00f8bler, dekket\u00f8y og pynt er hentet fra BrukOm p\u00e5 Nyhavna.<\/em><\/figcaption><\/figure>\n\n\n\n<p>Fra venstre ser dere kollegaene Linnea Str\u00e5b\u00f8, Mosleh Badakhs, Bodil Nilsen Gylland, Karianne Vordahl, Anna J\u00f8rgensdotter Svisdal og Markus Melland. De kommer fra fire ulike avdelinger i TRV. Menneskene, maten, treet og bordet bygger alle p\u00e5 b\u00e6rekraftstankegangen. Praten v\u00e5r om gaver og tradisjoner gjorde n\u00f8dvendigvis ogs\u00e5 det. <\/p>\n\n\n\n<p class=\"has-ingress-font-size\">Autos\u00f8k p\u00e5 Finn<\/p>\n\n\n\n<p>Linnea ser fram til duften av gl\u00f8gg, r\u00f8kelser og klementiner, gjerne litt for mange klementiner. Storfamilien lager en felles \u00f8nskeliste i god tid slik at de lettere finner det folk vil ha, og de skriver alltid <em>\u00absjekk Finn\u00bb<\/em> p\u00e5 lista.<\/p>\n\n\n\n<p>&#8211; <em>Det er utrolig hvor mye bra som selges brukt. Sportsutstyr til barn, som kjelker og ski er jo nesten ikke brukt f\u00f8r det selges p\u00e5 Finn eller i bruktbutikkene. Jeg legger inn autos\u00f8k p\u00e5 Finn n\u00e5r det er noe jeg ser etter. Det er enkelt!<\/em><\/p>\n\n\n\n<figure class=\"wp-block-image size-full\"><img loading=\"lazy\" decoding=\"async\" width=\"609\" height=\"725\" src=\"https:\/\/d2t31hwrov8bve.cloudfront.net\/wp-content\/uploads\/sites\/3\/2022\/12\/27162433\/Bilde2.jpg\" alt=\"\" class=\"wp-image-1829\" srcset=\"https:\/\/d2t31hwrov8bve.cloudfront.net\/wp-content\/uploads\/sites\/3\/2022\/12\/27162433\/Bilde2.jpg 609w, https:\/\/d2t31hwrov8bve.cloudfront.net\/wp-content\/uploads\/sites\/3\/2022\/12\/27162433\/Bilde2-252x300.jpg 252w\" sizes=\"auto, (max-width: 609px) 100vw, 609px\" \/><figcaption>Linnea Str\u00e5b\u00f8, ved siden av sin avdelingskollega Mosleh.<\/figcaption><\/figure>\n\n\n\n<p>Det \u00e5 la automatiske s\u00f8k gj\u00f8re litt av jobben for oss er helt klart et lurt tips. I \u00e5r skal ogs\u00e5 Linnea lage en del av julegavene. De skal i tillegg lages av brukte materialer. Resten av gavene skal hun fors\u00f8ke \u00e5 kj\u00f8pe brukt. Som forelder har hun reflektert over hvem det er som egentlig skaper presset som mange f\u00f8ler p\u00e5 f\u00f8r jul. <\/p>\n\n\n\n<p>&#8211; <em>Foreldre vil gi barna noe fint og gj\u00f8re dem glade. Summen av alle de tingene vi da gir og gj\u00f8r for barna v\u00e5re p\u00e5virker forventningene til barna. Man er en p\u00e5virker uten \u00e5 kanskje v\u00e6re klar over det.<\/em><\/p>\n\n\n\n<p class=\"has-ingress-font-size\">Tjenester og kunst<\/p>\n\n\n\n<p>Mosleh synes julefreden er en fin anledning til \u00e5 reflektere rundt b\u00e6rekraft og egne milj\u00f8valg. Kanskje m\u00e5 ikke alle gaver v\u00e6re ting? Ofte er det like kj\u00e6rkomment \u00e5 gi bort opplevelser og samv\u00e6r. Det kan v\u00e6re s\u00e5 enkelt som en busstur eller sykkeltur sammen, en tur hvor man kan f\u00e5 pratet godt og lenge, eller kanskje du tilbyr deg \u00e5 v\u00e6re barnevakt eller hjelpe en travel sm\u00e5barnsfamilie med \u00e5 hente og bringe til fritidsaktiviteter?<\/p>\n\n\n\n<p>&#8211; <em>Skal en f\u00f8rst handle julegaver p\u00e5 de vanlige stedene, s\u00e5 kan det v\u00e6re lurt \u00e5 se etter holdbare ting og unng\u00e5 impulskj\u00f8pene. Handleliste er lurt. De dyreste gavene er jo de som ikke varer s\u00e5 lenge. Gaver kan jo ogs\u00e5 v\u00e6re noe du har selv, noe du ikke bruker lenger og som andre kan f\u00e5 ny glede av, eller noe du finner i bruktbutikker, som BrukOm p\u00e5 Nyhavna. Det er utrolig mye \u00e5 finne, fra pyntegjenstander, kunst og redskaper til verkt\u00f8y og sportsutstyr: Mye ser helt ubrukt ut.<\/em><\/p>\n\n\n\n<figure class=\"wp-block-image size-full is-resized\"><img loading=\"lazy\" decoding=\"async\" src=\"https:\/\/d2t31hwrov8bve.cloudfront.net\/wp-content\/uploads\/sites\/3\/2022\/12\/27162433\/Bilde3.jpg\" alt=\"\" class=\"wp-image-1830\" width=\"607\" height=\"759\" srcset=\"https:\/\/d2t31hwrov8bve.cloudfront.net\/wp-content\/uploads\/sites\/3\/2022\/12\/27162433\/Bilde3.jpg 609w, https:\/\/d2t31hwrov8bve.cloudfront.net\/wp-content\/uploads\/sites\/3\/2022\/12\/27162433\/Bilde3-240x300.jpg 240w\" sizes=\"auto, (max-width: 607px) 100vw, 607px\" \/><figcaption>Mosleh Badakhs foran v\u00e5rt b\u00e6rekraftig pyntede juletre.<\/figcaption><\/figure>\n\n\n\n<p>Det er vanskelig \u00e5 ikke legge sin elsk p\u00e5 id\u00e9en med \u00e5 f\u00e5 b\u00e5de kvalitetstid og -ting til jul. I Trondheim renholdsverk vil vi helst at tingene skal leve gode, lange liv f\u00f8r vi f\u00e5r dem inn som avfall.<\/p>\n\n\n\n<p class=\"has-ingress-font-size\">B\u00e5lpannekanne og gjenbrukt julepynt<\/p>\n\n\n\n<p>Bodil jobber selv p\u00e5 BrukOm og har kj\u00f8pt julepynten brukt. <\/p>\n\n\n\n<p>&#8211; <em>Noe er byttet ut av hensyn til brannfare, og om noe g\u00e5r i stykker s\u00e5 pr\u00f8ver vi \u00e5 reparere det sammen med barna. Et fint fellesprosjekt. Vi som jobber p\u00e5 BrukOm f\u00e5r jo litt trening i \u00e5 se etter ting. Selv har jeg handlet mange kj\u00f8kkenredskaper og utstyr for baking, og ikke minst b\u00f8ker. Jeg har ogs\u00e5 gitt bort fint brukte gaver, som leker, interi\u00f8rvarer, b\u00f8ker og en b\u00e5lpannekanne til faren min. Mye som kommer inn er nesten ubrukt og har mye liv igjen i seg. &nbsp;<\/em><\/p>\n\n\n\n<figure class=\"wp-block-image size-full\"><img loading=\"lazy\" decoding=\"async\" width=\"629\" height=\"762\" src=\"https:\/\/d2t31hwrov8bve.cloudfront.net\/wp-content\/uploads\/sites\/3\/2022\/12\/27162433\/Bilde4.jpg\" alt=\"\" class=\"wp-image-1831\" srcset=\"https:\/\/d2t31hwrov8bve.cloudfront.net\/wp-content\/uploads\/sites\/3\/2022\/12\/27162433\/Bilde4.jpg 629w, https:\/\/d2t31hwrov8bve.cloudfront.net\/wp-content\/uploads\/sites\/3\/2022\/12\/27162433\/Bilde4-248x300.jpg 248w\" sizes=\"auto, (max-width: 629px) 100vw, 629px\" \/><figcaption>Bodil Nilsen Gylland med dekket\u00f8y fra BrukOm i hendene.<\/figcaption><\/figure>\n\n\n\n<p>I tillegg til at Bodil har et bevisst forhold til gavene, er hun ogs\u00e5 opptatt av hva de pakkes inn i. <\/p>\n\n\n\n<p><em>&#8211; N\u00e5r jeg pakker inn gavene bruker jeg gammelt papir jeg har f\u00e5tt i gaver selv eller s\u00e5 bruker jeg avispapir. Det gj\u00f8r seg godt med en r\u00f8d sl\u00f8yfe p\u00e5<\/em>. <em>Vi kaster s\u00e5 mye gavepapir i romjula og i januar at det er fullt i alle restavfallskontainere, s\u00e5 da er det mye bedre \u00e5 bruke papir som lett kan gjenvinnes.<\/em><\/p>\n\n\n\n<p class=\"has-ingress-font-size\">Sportsutstyr<\/p>\n\n\n\n<p>Karianne gleder seg over at alle har tid til \u00e5 samles og senke skuldrene i m\u00f8rketida. Selv ser hun gjerne etter brukt sportsutstyr som gaver. Ski og sykler, utstyr til hund og hest, mye er s\u00e5 godt som ubrukt. Pent brukte leker er ogs\u00e5 godt egnet, med mye glede, kos og latter igjen.<\/p>\n\n\n\n<p>&#8211; <em>Noen av de fineste julegavene jeg har f\u00e5tt, er fra tiden da jeg drev mye med hest. Hesteutstyr er jo kjempedyrt og brukt utstyr kan v\u00e6re minst like bra som nytt. Lite har gledet s\u00e5 mye som en godt brukt sal og selet\u00f8y, ting som ville v\u00e6rt alt for dyrt \u00e5 kj\u00f8pe nytt og som egentlig kan v\u00e6re bedre av at det er innridd, bokstavelig talt.<\/em><\/p>\n\n\n\n<figure class=\"wp-block-image size-full\"><img loading=\"lazy\" decoding=\"async\" width=\"629\" height=\"793\" src=\"https:\/\/d2t31hwrov8bve.cloudfront.net\/wp-content\/uploads\/sites\/3\/2022\/12\/27162433\/Bilde5.jpg\" alt=\"\" class=\"wp-image-1832\" srcset=\"https:\/\/d2t31hwrov8bve.cloudfront.net\/wp-content\/uploads\/sites\/3\/2022\/12\/27162433\/Bilde5.jpg 629w, https:\/\/d2t31hwrov8bve.cloudfront.net\/wp-content\/uploads\/sites\/3\/2022\/12\/27162433\/Bilde5-238x300.jpg 238w\" sizes=\"auto, (max-width: 629px) 100vw, 629px\" \/><figcaption>Karianne Vordahl vet \u00e5 sette pris p\u00e5 brukte skatter.<\/figcaption><\/figure>\n\n\n\n<p class=\"has-ingress-font-size\">Samlerskatter<\/p>\n\n\n\n<p>Anna starter alltid jula sammen med familien og venner i vinterskogen med en rolig hyggestund rundt b\u00e5let f\u00f8r de finner det perfekte juletreet.<\/p>\n\n\n\n<p>&#8211; <em>Jeg tror problemet med \u00e5 finne de beste og mest b\u00e6rekraftige julegavene er at vi gjerne f\u00e5r det for travelt inn mot jul. Prioriterer og planlegger vi godt, s\u00e5 blir det fort lettere \u00e5 velge riktig. Da kan vi f.eks. finne ting som folk samler p\u00e5, som serviser og dekket\u00f8y, sjeldenheter de har \u00f8nsket seg, eller f\u00e5 klekket ut en super gaveid\u00e9. Mye som kan v\u00e6re vanskelig \u00e5 f\u00e5 tak i, kan du f\u00e5 kj\u00f8pt brukt. Kanskje passer det da ogs\u00e5 budsjettet bedre? Det er s\u00e5 mye bra \u00e5 finne -for den som finner tiden og roen til \u00e5 lete.<\/em><\/p>\n\n\n\n<figure class=\"wp-block-image size-large is-resized\"><img loading=\"lazy\" decoding=\"async\" src=\"https:\/\/d2t31hwrov8bve.cloudfront.net\/wp-content\/uploads\/sites\/3\/2022\/12\/27162429\/Anna_1K8A9483_justert_edited.jpg-NY-Egenredigert-redusert-luminansestoy-1024x683.jpg\" alt=\"\" class=\"wp-image-1844\" width=\"931\" height=\"621\" srcset=\"https:\/\/d2t31hwrov8bve.cloudfront.net\/wp-content\/uploads\/sites\/3\/2022\/12\/27162429\/Anna_1K8A9483_justert_edited.jpg-NY-Egenredigert-redusert-luminansestoy-1024x683.jpg 1024w, https:\/\/d2t31hwrov8bve.cloudfront.net\/wp-content\/uploads\/sites\/3\/2022\/12\/27162429\/Anna_1K8A9483_justert_edited.jpg-NY-Egenredigert-redusert-luminansestoy-300x200.jpg 300w, https:\/\/d2t31hwrov8bve.cloudfront.net\/wp-content\/uploads\/sites\/3\/2022\/12\/27162429\/Anna_1K8A9483_justert_edited.jpg-NY-Egenredigert-redusert-luminansestoy-1536x1024.jpg 1536w, https:\/\/d2t31hwrov8bve.cloudfront.net\/wp-content\/uploads\/sites\/3\/2022\/12\/27162429\/Anna_1K8A9483_justert_edited.jpg-NY-Egenredigert-redusert-luminansestoy-2048x1365.jpg 2048w\" sizes=\"auto, (max-width: 931px) 100vw, 931px\" \/><figcaption>Anna J\u00f8rgensdotter Svisdal, mellom Markus Melland og Karianne Vordahl.<\/figcaption><\/figure>\n\n\n\n<p><em>&#8211; En av de fineste julegavene jeg selv har f\u00e5tt, er en second hand-veske i en modell som ikke lages lenger. Ble veldig glad for \u00e5 f\u00e5 en mer b\u00e6rekraftig gave, og den er like fin som brukt. Kanskje finere, ogs\u00e5. Jeg elsker \u00e5 kj\u00f8pe brukt og brenner for b\u00e6rekraft<\/em>. <\/p>\n\n\n\n<p>Det er et stadig \u00f8kende antall som Anna, som veldig gjerne vil ha litt mer b\u00e6rekraftige julegaver. Kanskje kan flere av oss bli flinkere til \u00e5 si fra om det, eller gj\u00f8re som Linneas familie og skrive det inn p\u00e5 julegavelista?<\/p>\n\n\n\n<p class=\"has-ingress-font-size\">Pent brukt verkt\u00f8y<\/p>\n\n\n\n<p>Markus forbinder jula mest med smak, lukt og sanseinntrykk: Alle samlet rundt lutefisk og ribbe. Men ogs\u00e5 inntrykkene fra Midtbyen i f\u00f8rjulsdagene, lysene, pynten og lydene.<\/p>\n\n\n\n<p><em>&#8211; &nbsp;Jeg bor fortsatt hjemme hos foreldrene og har nok begrenset erfaring med gjenbrukte gaver, men det er en veldig god id\u00e9. Vi har jo gjerne for mye og kan gjerne gi bort mer som andre kan f\u00e5 glede av, alt fra spill til pent brukte kl\u00e6r. Forbedringspotensialet er stort. P\u00e5 BrukOm og i andre bruktbutikker er det lett \u00e5 finne gode gaver, som f.eks. verkt\u00f8y. Ting som har lang levetid og som kanskje bare er<\/em> <em>brukt en gang eller to.<\/em><\/p>\n\n\n\n<figure class=\"wp-block-image size-large\"><img decoding=\"async\" src=\"https:\/\/d2t31hwrov8bve.cloudfront.net\/wp-content\/uploads\/sites\/3\/2022\/12\/27162429\/Markus_1K8A0083_justert_NY-%E2%80%93-cropped-1024x851.jpg\" alt=\"\" class=\"wp-image-1842\" \/><figcaption>Markus Melland med en versjon av en julepizza -perfekt for \u00e5 bruke opp deilige rester!<\/figcaption><\/figure>\n\n\n\n<p>Maten p\u00e5 bordet er tilberedt av kokken Inge Johnsen. For som med gaver og julepynt, s\u00e5 fortjener den deilige julematen \u00e5 bli gjenbrukt. Inge har mange gode tips til hvordan du kan redusere matsvinnet gjennom jula. Oppskriftene og tipsene hans finner du <a href=\"https:\/\/trv.no\/rastoff\/rester-er-flere-retter-rett-og-slett\/\" target=\"_blank\" rel=\"noreferrer noopener\">her<\/a>.<\/p>\n\n\n\n<p class=\"has-ingress-font-size\"><strong>Noen andre tips til b\u00e6rekraftige julegaver:<\/strong><\/p>\n\n\n\n<p class=\"has-ingress-font-size\">1- Felles opplevelser<\/p>\n\n\n\n<p>Kanskje kan vi bruke adventstiden p\u00e5 \u00e5 skape personlige \u00abgavekort\u00bb og tenke ut noe som ikke fyller opp skapene og sjelden blir brukt. Det kan v\u00e6re s\u00e5 enkelt som frokost p\u00e5 senga, en overnattingstur i marka, eller tur sammen p\u00e5 museum eller kino. Ting som kan fordeles utover hele \u00e5ret og gi gode minner. Kanskje kan du gi en kalender med en felles opplevelse, som b\u00e6rtur, skitur, museumsbes\u00f8k osv. hver eneste m\u00e5ned?<\/p>\n\n\n\n<p class=\"has-ingress-font-size\">2- Kunsth\u00e5ndverk<\/p>\n\n\n\n<p>Fantasien kan jo ogs\u00e5 brukes til \u00e5 skape noe nytt og personlig som passer mottakeren. Med et glassbor eller -lim kan du lage et spesielt etasjefat, forvandle en krukke til en bordlampe eller skape veggur av et fat. Den som liker \u00e5 holde p\u00e5 med hendene har mange muligheter.<\/p>\n\n\n\n<p class=\"has-ingress-font-size\">3- Nesten nye eller ubrukte gaver<\/p>\n\n\n\n<p>Har du f\u00e5tt noe som fortsatt er ubrukt? Gi det videre til en annen som har bruk for det.<br>Brukte leker, sportsutstyr og kl\u00e6r som fortsatt er like fine, men ikke i bruk. Du finner lett noen som vil sette pris p\u00e5 det.<\/p>\n\n\n\n<p class=\"has-ingress-font-size\">4- Gaven til de som har \u00abalt\u00bb<\/p>\n\n\n\n<p>Den som ikke trenger noe, vil kanskje sette pris p\u00e5 at gaven g\u00e5 til de som trenger? Gavekort fra R\u00f8de Kors, Kirkens Bymisjon hjelper og metter de som trenger det.<\/p>\n\n\n\n<p class=\"has-ingress-font-size\">5- Lag noe godt og gi det bort<\/p>\n\n\n\n<p>Julekaker, karameller og sm\u00e5konfekt som du lager selv, syltet\u00f8y eller hjemmelaget saft. Lite smaker s\u00e5 godt som ekte omtanke. Pakk det pent inn og skriv en personlig hilsen p\u00e5 kortet.<\/p>\n\n\n\n<p class=\"has-ingress-font-size\">6- Kortreiste, lokale delikatesser<\/p>\n\n\n\n<p>Lokalprodusert mat er en b\u00e6rekraftig gave som st\u00f8tter lokalt n\u00e6ringsliv. Kanskje du kan invitere til en trivelig middag med lokal mat? Mye finner du b\u00e5de i butikker og om du sjekker den lokale Reko-ringen.<\/p>\n\n\n\n<p class=\"has-ingress-font-size\">7- Hjemmestrikket<\/p>\n\n\n\n<p>Kjenner du noen som trenger en god genser eller et spesielt plagg, s\u00e5 kan du gi bort en oppskrift og la mottakeren velge garn eller stoff.&nbsp;&nbsp;<\/p>\n\n\n\n<p class=\"has-ingress-font-size\">8- Hjemmelaget spill<\/p>\n\n\n\n<p>Har du fantasien og litt h\u00e5ndlag, s\u00e5 kan du lage et brettspill med egne sp\u00f8rsm\u00e5l og utfordringer; kanskje noe bare du og mottakeren kjenner svaret p\u00e5?<\/p>\n\n\n\n<p class=\"has-ingress-font-size\">9- Fotorammer<\/p>\n\n\n\n<p>Finn fram noen gamle fotografier og skap noe nytt med rammer som du finner i bruktbutikken.&nbsp;De aller minste rammene kan f. eks. bli til personlige juletredekorasjoner om de f\u00e5r p\u00e5 seg en liten tr\u00e5d, eller et b\u00e5nd. <\/p>\n\n\n\n<p class=\"has-ingress-font-size\">10- Maleri fra hjemplassen<\/p>\n\n\n\n<p>Mange bruktbutikker har malerier fra lokale steder, utsikten fra hjemplassen eller bilder av landskap og bygninger som betyr ekstra for mottakeren. Om du ser etter slike bilder, s\u00e5 finner du kanskje ett n\u00e5r du minst aner det?<\/p>\n\n\n\n<p class=\"has-ingress-font-size\">Husk milj\u00f8vennlig julepapir<\/p>\n\n\n\n<div class=\"wp-block-media-text alignwide is-stacked-on-mobile\"><figure class=\"wp-block-media-text__media\"><img loading=\"lazy\" decoding=\"async\" width=\"1024\" height=\"683\" src=\"https:\/\/d2t31hwrov8bve.cloudfront.net\/wp-content\/uploads\/sites\/3\/2022\/12\/27162430\/1K8A0731_Justert-1-1024x683.jpg\" alt=\"\" class=\"wp-image-1840 size-full\" srcset=\"https:\/\/d2t31hwrov8bve.cloudfront.net\/wp-content\/uploads\/sites\/3\/2022\/12\/27162430\/1K8A0731_Justert-1-1024x683.jpg 1024w, https:\/\/d2t31hwrov8bve.cloudfront.net\/wp-content\/uploads\/sites\/3\/2022\/12\/27162430\/1K8A0731_Justert-1-300x200.jpg 300w, https:\/\/d2t31hwrov8bve.cloudfront.net\/wp-content\/uploads\/sites\/3\/2022\/12\/27162430\/1K8A0731_Justert-1-1536x1024.jpg 1536w, https:\/\/d2t31hwrov8bve.cloudfront.net\/wp-content\/uploads\/sites\/3\/2022\/12\/27162430\/1K8A0731_Justert-1-2048x1365.jpg 2048w\" sizes=\"auto, (max-width: 1024px) 100vw, 1024px\" \/><\/figure><div class=\"wp-block-media-text__content\">\n<p>Vanlig gavepapir som er glanset, kan ikke gjenvinnes til nytt papir. Det kan brunt innpakningspapir som du kan tegne og dekorere p\u00e5.<\/p>\n\n\n\n<p>En utdatert bok, en avis eller et t\u00f8ystykke kan ogs\u00e5 v\u00e6rt et godt valg for den som vil v\u00e6re litt ekstra kreativ -og milj\u00f8vennlig!<\/p>\n<\/div><\/div>\n","protected":false},"excerpt":{"rendered":"<p>Det er tida for lave skuldre, samv\u00e6r og n\u00e6rhet. Med noen enkle grep kan h\u00f8ytidsdagene ogs\u00e5 bli mer b\u00e6rekraftige, b\u00e5de for gjester og vertskap. Slik kan alle f\u00e5 nyte julefreden med god samvittighet, velsignet ro og mindre press p\u00e5 \u00f8konomien. Rundt bordet i denne utgaven av R\u00e5stoff har vi samlet noen av Trondheim Renholdsverks ansatte [&hellip;]<\/p>\n","protected":false},"author":193,"featured_media":1912,"comment_status":"closed","ping_status":"closed","sticky":false,"template":"","format":"standard","meta":{"_acf_changed":false,"inline_featured_image":false,"video_field":"","footnotes":""},"categories":[1],"tags":[53,44,45,54,52,50,26,49,40],"class_list":["post-1827","post","type-post","status-publish","format-standard","has-post-thumbnail","hentry","category-ukategorisert","tag-ansatte","tag-brukom","tag-bruktbutikk","tag-brukte-gaver","tag-gavepapir","tag-gaver","tag-gjenvinning","tag-jul","tag-ombruk"],"yoast_head":"<!-- This site is optimized with the Yoast SEO plugin v27.3 - https:\/\/yoast.com\/product\/yoast-seo-wordpress\/ -->\n<title>Skap rom for kosen og gled deg over jula - R\u00e5stoff<\/title>\n<meta name=\"robots\" content=\"index, follow, max-snippet:-1, max-image-preview:large, max-video-preview:-1\" \/>\n<link rel=\"canonical\" href=\"https:\/\/trv.no\/rastoff\/skap-rom-for-kosen-og-gled-deg-over-jula\/\" \/>\n<meta property=\"og:locale\" content=\"nb_NO\" \/>\n<meta property=\"og:type\" content=\"article\" \/>\n<meta property=\"og:title\" content=\"Skap rom for kosen og gled deg over jula - R\u00e5stoff\" \/>\n<meta property=\"og:description\" content=\"Det er tida for lave skuldre, samv\u00e6r og n\u00e6rhet. Med noen enkle grep kan h\u00f8ytidsdagene ogs\u00e5 bli mer b\u00e6rekraftige, b\u00e5de for gjester og vertskap. Slik kan alle f\u00e5 nyte julefreden med god samvittighet, velsignet ro og mindre press p\u00e5 \u00f8konomien. Rundt bordet i denne utgaven av R\u00e5stoff har vi samlet noen av Trondheim Renholdsverks ansatte [&hellip;]\" \/>\n<meta property=\"og:url\" content=\"https:\/\/trv.no\/rastoff\/skap-rom-for-kosen-og-gled-deg-over-jula\/\" \/>\n<meta property=\"og:site_name\" content=\"R\u00e5stoff\" \/>\n<meta property=\"article:published_time\" content=\"2022-12-05T08:40:46+00:00\" \/>\n<meta property=\"article:modified_time\" content=\"2022-12-16T18:49:21+00:00\" \/>\n<meta property=\"og:image\" content=\"https:\/\/trv.no\/rastoff\/wp-content\/uploads\/sites\/3\/2022\/12\/rastoff-2-scaled.jpg\" \/>\n\t<meta property=\"og:image:width\" content=\"2560\" \/>\n\t<meta property=\"og:image:height\" content=\"1732\" \/>\n\t<meta property=\"og:image:type\" content=\"image\/jpeg\" \/>\n<meta name=\"author\" content=\"Anna Svisdal\" \/>\n<meta name=\"twitter:card\" content=\"summary_large_image\" \/>\n<meta name=\"twitter:label1\" content=\"Skrevet av\" \/>\n\t<meta name=\"twitter:data1\" content=\"Anna Svisdal\" \/>\n\t<meta name=\"twitter:label2\" content=\"Ansl. lesetid\" \/>\n\t<meta name=\"twitter:data2\" content=\"12 minutter\" \/>\n<script type=\"application\/ld+json\" class=\"yoast-schema-graph\">{\"@context\":\"https:\\\/\\\/schema.org\",\"@graph\":[{\"@type\":\"Article\",\"@id\":\"https:\\\/\\\/trv.no\\\/rastoff\\\/skap-rom-for-kosen-og-gled-deg-over-jula\\\/#article\",\"isPartOf\":{\"@id\":\"https:\\\/\\\/trv.no\\\/rastoff\\\/skap-rom-for-kosen-og-gled-deg-over-jula\\\/\"},\"author\":{\"name\":\"Anna Svisdal\",\"@id\":\"https:\\\/\\\/trv.no\\\/rastoff\\\/#\\\/schema\\\/person\\\/1c4466c1971ce0f7078c8be858cebaa9\"},\"headline\":\"Skap rom for kosen og gled deg over jula\",\"datePublished\":\"2022-12-05T08:40:46+00:00\",\"dateModified\":\"2022-12-16T18:49:21+00:00\",\"mainEntityOfPage\":{\"@id\":\"https:\\\/\\\/trv.no\\\/rastoff\\\/skap-rom-for-kosen-og-gled-deg-over-jula\\\/\"},\"wordCount\":1862,\"publisher\":{\"@id\":\"https:\\\/\\\/trv.no\\\/rastoff\\\/#organization\"},\"image\":{\"@id\":\"https:\\\/\\\/trv.no\\\/rastoff\\\/skap-rom-for-kosen-og-gled-deg-over-jula\\\/#primaryimage\"},\"thumbnailUrl\":\"https:\\\/\\\/d2t31hwrov8bve.cloudfront.net\\\/wp-content\\\/uploads\\\/sites\\\/3\\\/2022\\\/12\\\/27162424\\\/rastoff-2-scaled.jpg\",\"keywords\":[\"ansatte\",\"BrukOm\",\"bruktbutikk\",\"brukte gaver\",\"gavepapir\",\"gaver\",\"gjenvinning\",\"Jul\",\"ombruk\"],\"inLanguage\":\"nb-NO\"},{\"@type\":\"WebPage\",\"@id\":\"https:\\\/\\\/trv.no\\\/rastoff\\\/skap-rom-for-kosen-og-gled-deg-over-jula\\\/\",\"url\":\"https:\\\/\\\/trv.no\\\/rastoff\\\/skap-rom-for-kosen-og-gled-deg-over-jula\\\/\",\"name\":\"Skap rom for kosen og gled deg over jula - R\u00e5stoff\",\"isPartOf\":{\"@id\":\"https:\\\/\\\/trv.no\\\/rastoff\\\/#website\"},\"primaryImageOfPage\":{\"@id\":\"https:\\\/\\\/trv.no\\\/rastoff\\\/skap-rom-for-kosen-og-gled-deg-over-jula\\\/#primaryimage\"},\"image\":{\"@id\":\"https:\\\/\\\/trv.no\\\/rastoff\\\/skap-rom-for-kosen-og-gled-deg-over-jula\\\/#primaryimage\"},\"thumbnailUrl\":\"https:\\\/\\\/d2t31hwrov8bve.cloudfront.net\\\/wp-content\\\/uploads\\\/sites\\\/3\\\/2022\\\/12\\\/27162424\\\/rastoff-2-scaled.jpg\",\"datePublished\":\"2022-12-05T08:40:46+00:00\",\"dateModified\":\"2022-12-16T18:49:21+00:00\",\"breadcrumb\":{\"@id\":\"https:\\\/\\\/trv.no\\\/rastoff\\\/skap-rom-for-kosen-og-gled-deg-over-jula\\\/#breadcrumb\"},\"inLanguage\":\"nb-NO\",\"potentialAction\":[{\"@type\":\"ReadAction\",\"target\":[\"https:\\\/\\\/trv.no\\\/rastoff\\\/skap-rom-for-kosen-og-gled-deg-over-jula\\\/\"]}]},{\"@type\":\"ImageObject\",\"inLanguage\":\"nb-NO\",\"@id\":\"https:\\\/\\\/trv.no\\\/rastoff\\\/skap-rom-for-kosen-og-gled-deg-over-jula\\\/#primaryimage\",\"url\":\"https:\\\/\\\/d2t31hwrov8bve.cloudfront.net\\\/wp-content\\\/uploads\\\/sites\\\/3\\\/2022\\\/12\\\/27162424\\\/rastoff-2-scaled.jpg\",\"contentUrl\":\"https:\\\/\\\/d2t31hwrov8bve.cloudfront.net\\\/wp-content\\\/uploads\\\/sites\\\/3\\\/2022\\\/12\\\/27162424\\\/rastoff-2-scaled.jpg\",\"width\":2560,\"height\":1732,\"caption\":\"R\u00e5stoff\"},{\"@type\":\"BreadcrumbList\",\"@id\":\"https:\\\/\\\/trv.no\\\/rastoff\\\/skap-rom-for-kosen-og-gled-deg-over-jula\\\/#breadcrumb\",\"itemListElement\":[{\"@type\":\"ListItem\",\"position\":1,\"name\":\"Hjem\",\"item\":\"https:\\\/\\\/trv.no\\\/rastoff\\\/\"},{\"@type\":\"ListItem\",\"position\":2,\"name\":\"Skap rom for kosen og gled deg over jula\"}]},{\"@type\":\"WebSite\",\"@id\":\"https:\\\/\\\/trv.no\\\/rastoff\\\/#website\",\"url\":\"https:\\\/\\\/trv.no\\\/rastoff\\\/\",\"name\":\"R\u00e5stoff\",\"description\":\"Bare enda et Trondheim Renholdsverk nettsteder-nettsted\",\"publisher\":{\"@id\":\"https:\\\/\\\/trv.no\\\/rastoff\\\/#organization\"},\"potentialAction\":[{\"@type\":\"SearchAction\",\"target\":{\"@type\":\"EntryPoint\",\"urlTemplate\":\"https:\\\/\\\/trv.no\\\/rastoff\\\/?s={search_term_string}\"},\"query-input\":{\"@type\":\"PropertyValueSpecification\",\"valueRequired\":true,\"valueName\":\"search_term_string\"}}],\"inLanguage\":\"nb-NO\"},{\"@type\":\"Organization\",\"@id\":\"https:\\\/\\\/trv.no\\\/rastoff\\\/#organization\",\"name\":\"TRV\",\"url\":\"https:\\\/\\\/trv.no\\\/rastoff\\\/\",\"logo\":{\"@type\":\"ImageObject\",\"inLanguage\":\"nb-NO\",\"@id\":\"https:\\\/\\\/trv.no\\\/rastoff\\\/#\\\/schema\\\/logo\\\/image\\\/\",\"url\":\"https:\\\/\\\/d2t31hwrov8bve.cloudfront.net\\\/wp-content\\\/uploads\\\/sites\\\/3\\\/2019\\\/08\\\/27162735\\\/trvlogo-1.png\",\"contentUrl\":\"https:\\\/\\\/d2t31hwrov8bve.cloudfront.net\\\/wp-content\\\/uploads\\\/sites\\\/3\\\/2019\\\/08\\\/27162735\\\/trvlogo-1.png\",\"width\":579,\"height\":192,\"caption\":\"TRV\"},\"image\":{\"@id\":\"https:\\\/\\\/trv.no\\\/rastoff\\\/#\\\/schema\\\/logo\\\/image\\\/\"}},{\"@type\":\"Person\",\"@id\":\"https:\\\/\\\/trv.no\\\/rastoff\\\/#\\\/schema\\\/person\\\/1c4466c1971ce0f7078c8be858cebaa9\",\"name\":\"Anna Svisdal\",\"image\":{\"@type\":\"ImageObject\",\"inLanguage\":\"nb-NO\",\"@id\":\"https:\\\/\\\/secure.gravatar.com\\\/avatar\\\/0ee1f50f27af1e74f929b381a8975f59513db0806bbbed05d0347075177914f8?s=96&d=mm&r=g\",\"url\":\"https:\\\/\\\/secure.gravatar.com\\\/avatar\\\/0ee1f50f27af1e74f929b381a8975f59513db0806bbbed05d0347075177914f8?s=96&d=mm&r=g\",\"contentUrl\":\"https:\\\/\\\/secure.gravatar.com\\\/avatar\\\/0ee1f50f27af1e74f929b381a8975f59513db0806bbbed05d0347075177914f8?s=96&d=mm&r=g\",\"caption\":\"Anna Svisdal\"},\"url\":\"https:\\\/\\\/trv.no\\\/rastoff\\\/author\\\/anna\\\/\"}]}<\/script>\n<!-- \/ Yoast SEO plugin. -->","yoast_head_json":{"title":"Skap rom for kosen og gled deg over jula - R\u00e5stoff","robots":{"index":"index","follow":"follow","max-snippet":"max-snippet:-1","max-image-preview":"max-image-preview:large","max-video-preview":"max-video-preview:-1"},"canonical":"https:\/\/trv.no\/rastoff\/skap-rom-for-kosen-og-gled-deg-over-jula\/","og_locale":"nb_NO","og_type":"article","og_title":"Skap rom for kosen og gled deg over jula - R\u00e5stoff","og_description":"Det er tida for lave skuldre, samv\u00e6r og n\u00e6rhet. Med noen enkle grep kan h\u00f8ytidsdagene ogs\u00e5 bli mer b\u00e6rekraftige, b\u00e5de for gjester og vertskap. Slik kan alle f\u00e5 nyte julefreden med god samvittighet, velsignet ro og mindre press p\u00e5 \u00f8konomien. Rundt bordet i denne utgaven av R\u00e5stoff har vi samlet noen av Trondheim Renholdsverks ansatte [&hellip;]","og_url":"https:\/\/trv.no\/rastoff\/skap-rom-for-kosen-og-gled-deg-over-jula\/","og_site_name":"R\u00e5stoff","article_published_time":"2022-12-05T08:40:46+00:00","article_modified_time":"2022-12-16T18:49:21+00:00","og_image":[{"width":2560,"height":1732,"url":"https:\/\/trv.no\/rastoff\/wp-content\/uploads\/sites\/3\/2022\/12\/rastoff-2-scaled.jpg","type":"image\/jpeg"}],"author":"Anna Svisdal","twitter_card":"summary_large_image","twitter_misc":{"Skrevet av":"Anna Svisdal","Ansl. lesetid":"12 minutter"},"schema":{"@context":"https:\/\/schema.org","@graph":[{"@type":"Article","@id":"https:\/\/trv.no\/rastoff\/skap-rom-for-kosen-og-gled-deg-over-jula\/#article","isPartOf":{"@id":"https:\/\/trv.no\/rastoff\/skap-rom-for-kosen-og-gled-deg-over-jula\/"},"author":{"name":"Anna Svisdal","@id":"https:\/\/trv.no\/rastoff\/#\/schema\/person\/1c4466c1971ce0f7078c8be858cebaa9"},"headline":"Skap rom for kosen og gled deg over jula","datePublished":"2022-12-05T08:40:46+00:00","dateModified":"2022-12-16T18:49:21+00:00","mainEntityOfPage":{"@id":"https:\/\/trv.no\/rastoff\/skap-rom-for-kosen-og-gled-deg-over-jula\/"},"wordCount":1862,"publisher":{"@id":"https:\/\/trv.no\/rastoff\/#organization"},"image":{"@id":"https:\/\/trv.no\/rastoff\/skap-rom-for-kosen-og-gled-deg-over-jula\/#primaryimage"},"thumbnailUrl":"https:\/\/d2t31hwrov8bve.cloudfront.net\/wp-content\/uploads\/sites\/3\/2022\/12\/27162424\/rastoff-2-scaled.jpg","keywords":["ansatte","BrukOm","bruktbutikk","brukte gaver","gavepapir","gaver","gjenvinning","Jul","ombruk"],"inLanguage":"nb-NO"},{"@type":"WebPage","@id":"https:\/\/trv.no\/rastoff\/skap-rom-for-kosen-og-gled-deg-over-jula\/","url":"https:\/\/trv.no\/rastoff\/skap-rom-for-kosen-og-gled-deg-over-jula\/","name":"Skap rom for kosen og gled deg over jula - R\u00e5stoff","isPartOf":{"@id":"https:\/\/trv.no\/rastoff\/#website"},"primaryImageOfPage":{"@id":"https:\/\/trv.no\/rastoff\/skap-rom-for-kosen-og-gled-deg-over-jula\/#primaryimage"},"image":{"@id":"https:\/\/trv.no\/rastoff\/skap-rom-for-kosen-og-gled-deg-over-jula\/#primaryimage"},"thumbnailUrl":"https:\/\/d2t31hwrov8bve.cloudfront.net\/wp-content\/uploads\/sites\/3\/2022\/12\/27162424\/rastoff-2-scaled.jpg","datePublished":"2022-12-05T08:40:46+00:00","dateModified":"2022-12-16T18:49:21+00:00","breadcrumb":{"@id":"https:\/\/trv.no\/rastoff\/skap-rom-for-kosen-og-gled-deg-over-jula\/#breadcrumb"},"inLanguage":"nb-NO","potentialAction":[{"@type":"ReadAction","target":["https:\/\/trv.no\/rastoff\/skap-rom-for-kosen-og-gled-deg-over-jula\/"]}]},{"@type":"ImageObject","inLanguage":"nb-NO","@id":"https:\/\/trv.no\/rastoff\/skap-rom-for-kosen-og-gled-deg-over-jula\/#primaryimage","url":"https:\/\/d2t31hwrov8bve.cloudfront.net\/wp-content\/uploads\/sites\/3\/2022\/12\/27162424\/rastoff-2-scaled.jpg","contentUrl":"https:\/\/d2t31hwrov8bve.cloudfront.net\/wp-content\/uploads\/sites\/3\/2022\/12\/27162424\/rastoff-2-scaled.jpg","width":2560,"height":1732,"caption":"R\u00e5stoff"},{"@type":"BreadcrumbList","@id":"https:\/\/trv.no\/rastoff\/skap-rom-for-kosen-og-gled-deg-over-jula\/#breadcrumb","itemListElement":[{"@type":"ListItem","position":1,"name":"Hjem","item":"https:\/\/trv.no\/rastoff\/"},{"@type":"ListItem","position":2,"name":"Skap rom for kosen og gled deg over jula"}]},{"@type":"WebSite","@id":"https:\/\/trv.no\/rastoff\/#website","url":"https:\/\/trv.no\/rastoff\/","name":"R\u00e5stoff","description":"Bare enda et Trondheim Renholdsverk nettsteder-nettsted","publisher":{"@id":"https:\/\/trv.no\/rastoff\/#organization"},"potentialAction":[{"@type":"SearchAction","target":{"@type":"EntryPoint","urlTemplate":"https:\/\/trv.no\/rastoff\/?s={search_term_string}"},"query-input":{"@type":"PropertyValueSpecification","valueRequired":true,"valueName":"search_term_string"}}],"inLanguage":"nb-NO"},{"@type":"Organization","@id":"https:\/\/trv.no\/rastoff\/#organization","name":"TRV","url":"https:\/\/trv.no\/rastoff\/","logo":{"@type":"ImageObject","inLanguage":"nb-NO","@id":"https:\/\/trv.no\/rastoff\/#\/schema\/logo\/image\/","url":"https:\/\/d2t31hwrov8bve.cloudfront.net\/wp-content\/uploads\/sites\/3\/2019\/08\/27162735\/trvlogo-1.png","contentUrl":"https:\/\/d2t31hwrov8bve.cloudfront.net\/wp-content\/uploads\/sites\/3\/2019\/08\/27162735\/trvlogo-1.png","width":579,"height":192,"caption":"TRV"},"image":{"@id":"https:\/\/trv.no\/rastoff\/#\/schema\/logo\/image\/"}},{"@type":"Person","@id":"https:\/\/trv.no\/rastoff\/#\/schema\/person\/1c4466c1971ce0f7078c8be858cebaa9","name":"Anna Svisdal","image":{"@type":"ImageObject","inLanguage":"nb-NO","@id":"https:\/\/secure.gravatar.com\/avatar\/0ee1f50f27af1e74f929b381a8975f59513db0806bbbed05d0347075177914f8?s=96&d=mm&r=g","url":"https:\/\/secure.gravatar.com\/avatar\/0ee1f50f27af1e74f929b381a8975f59513db0806bbbed05d0347075177914f8?s=96&d=mm&r=g","contentUrl":"https:\/\/secure.gravatar.com\/avatar\/0ee1f50f27af1e74f929b381a8975f59513db0806bbbed05d0347075177914f8?s=96&d=mm&r=g","caption":"Anna Svisdal"},"url":"https:\/\/trv.no\/rastoff\/author\/anna\/"}]}},"acf":[],"_links":{"self":[{"href":"https:\/\/trv.no\/rastoff\/wp-json\/wp\/v2\/posts\/1827","targetHints":{"allow":["GET"]}}],"collection":[{"href":"https:\/\/trv.no\/rastoff\/wp-json\/wp\/v2\/posts"}],"about":[{"href":"https:\/\/trv.no\/rastoff\/wp-json\/wp\/v2\/types\/post"}],"author":[{"embeddable":true,"href":"https:\/\/trv.no\/rastoff\/wp-json\/wp\/v2\/users\/193"}],"replies":[{"embeddable":true,"href":"https:\/\/trv.no\/rastoff\/wp-json\/wp\/v2\/comments?post=1827"}],"version-history":[{"count":5,"href":"https:\/\/trv.no\/rastoff\/wp-json\/wp\/v2\/posts\/1827\/revisions"}],"predecessor-version":[{"id":1980,"href":"https:\/\/trv.no\/rastoff\/wp-json\/wp\/v2\/posts\/1827\/revisions\/1980"}],"wp:featuredmedia":[{"embeddable":true,"href":"https:\/\/trv.no\/rastoff\/wp-json\/wp\/v2\/media\/1912"}],"wp:attachment":[{"href":"https:\/\/trv.no\/rastoff\/wp-json\/wp\/v2\/media?parent=1827"}],"wp:term":[{"taxonomy":"category","embeddable":true,"href":"https:\/\/trv.no\/rastoff\/wp-json\/wp\/v2\/categories?post=1827"},{"taxonomy":"post_tag","embeddable":true,"href":"https:\/\/trv.no\/rastoff\/wp-json\/wp\/v2\/tags?post=1827"}],"curies":[{"name":"wp","href":"https:\/\/api.w.org\/{rel}","templated":true}]}}