{"id":2306,"date":"2023-10-11T09:37:58","date_gmt":"2023-10-11T07:37:58","guid":{"rendered":"https:\/\/trv.no\/rastoff\/?p=2306"},"modified":"2025-11-13T11:38:32","modified_gmt":"2025-11-13T10:38:32","slug":"mange-trondhjemmere-er-i-gang-med-ny-sortering-det-slar-spesielt-ut-pa-en-avfallstype","status":"publish","type":"post","link":"https:\/\/trv.no\/rastoff\/mange-trondhjemmere-er-i-gang-med-ny-sortering-det-slar-spesielt-ut-pa-en-avfallstype\/","title":{"rendered":"Mange trondhjemmere er i gang med ny sortering. Det sl\u00e5r spesielt ut p\u00e5 \u00e9n avfallstype"},"content":{"rendered":"\n<p class=\"has-ingress-font-size\">Mindre restavfall. Mer sendes til materialgjenvinning.<\/p>\n\n\n\n<p><strong>Det er stikkordene etter innf\u00f8ringen av ny renovasjonsordning i Trondheim.<\/strong><\/p>\n\n\n\n<p><br>I februar 2023 startet arbeidet og  trondhjemmere som har gr\u00f8nne plastbeholdere hjemme f\u00e5r n\u00e5 egne beholdere til matavfall og glass- og metallemballasje, i tillegg til plastsekker for plastemballasje.<\/p>\n\n\n\n<p>Se utrullingsplanen <a href=\"https:\/\/trv.no\/matavfall\/beholdere\/\">her<\/a><\/p>\n\n\n\n<figure class=\"wp-block-image size-large\"><img loading=\"lazy\" decoding=\"async\" width=\"1024\" height=\"683\" src=\"https:\/\/d2t31hwrov8bve.cloudfront.net\/wp-content\/uploads\/sites\/3\/2023\/10\/27162307\/UAM-utrulling-Moholt-juni-2023-13-1024x683.jpg\" alt=\"\" class=\"wp-image-2312\" srcset=\"https:\/\/d2t31hwrov8bve.cloudfront.net\/wp-content\/uploads\/sites\/3\/2023\/10\/27162307\/UAM-utrulling-Moholt-juni-2023-13-1024x683.jpg 1024w, https:\/\/d2t31hwrov8bve.cloudfront.net\/wp-content\/uploads\/sites\/3\/2023\/10\/27162307\/UAM-utrulling-Moholt-juni-2023-13-300x200.jpg 300w, https:\/\/d2t31hwrov8bve.cloudfront.net\/wp-content\/uploads\/sites\/3\/2023\/10\/27162307\/UAM-utrulling-Moholt-juni-2023-13-1536x1024.jpg 1536w, https:\/\/d2t31hwrov8bve.cloudfront.net\/wp-content\/uploads\/sites\/3\/2023\/10\/27162307\/UAM-utrulling-Moholt-juni-2023-13-2048x1365.jpg 2048w\" sizes=\"auto, (max-width: 1024px) 100vw, 1024px\" \/><figcaption class=\"wp-element-caption\">Utrulling av nye avfallsdunker startet i februar i 2023 og vil p\u00e5g\u00e5 frem til neste sommer.<\/figcaption><\/figure>\n\n\n\n<p>M\u00e5let er \u00e5 gj\u00f8re det enklere \u00e5 sortere de ulike avfallstypene. Mer skal g\u00e5 til materialgjenvinning, mindre skal g\u00e5 til energigjenvinning. Potetskrell og kaffegrut skal bli til biogass og jordforbedringsprodukter. Tacoglass og hermetikkbokser skal bli til nye produkter av glass og metall.<\/p>\n\n\n\n<p><strong>LES OGS\u00c5: <a href=\"https:\/\/trv.no\/rastoff\/nar-du-sorterer-matavfallet-for-seg-selv-ser-du-bedre-hva-du-kaster\/\">&#8211; N\u00e5r du sorterer matavfallet for seg selv, ser du bedre hva du kaster, sier Hege p\u00e5 Ranheim<\/a><\/strong><br><\/p>\n\n\n\n<h2 class=\"wp-block-heading\">Restavfallsposene krymper<\/h2>\n\n\n\n<p><br>Bare etter f\u00e5 m\u00e5neder ser Trondheim Renholdsverk at det g\u00e5r i riktig retning. Restavfallsmengden i alle omr\u00e5dene som har f\u00e5tt ny l\u00f8sning i, har i snitt g\u00e5tt ned med 52 prosent. Det henger godt sammen med tallene fra tidligere avfallsanalyser, hvor vi ser at <strong>matavfall<\/strong> utgj\u00f8r mellom 40-50 prosent av restavfallsmengden, m\u00e5lt i vekt.<br>&#8211; Vi ser ogs\u00e5 at den totale avfallsmengden g\u00e5r ned. Det er en trend vi har sett de siste \u00e5rene, med unntak av korona-\u00e5rene. Og med de \u00f8kte prisene og renteoppgangene vi ser n\u00e5, justerer nok mange p\u00e5 forbruket sitt. Kanskje kj\u00f8per de f\u00e6rre nye ting \u2013 og da blir det ogs\u00e5 mindre avfall, sier daglig leder Henning N. Martinsen i Trondheim Renholdsverk.<\/p>\n\n\n\n<figure class=\"wp-block-image size-large\"><img loading=\"lazy\" decoding=\"async\" width=\"1024\" height=\"683\" src=\"https:\/\/d2t31hwrov8bve.cloudfront.net\/wp-content\/uploads\/sites\/3\/2023\/08\/27162351\/Henning-Martinsen-daglig-leder-TRV-desember-2022-foto-TRV-2-1024x683.jpg\" alt=\"Ny renovasjonsforskrift \u2013 se om du m\u00e5 gj\u00f8re endringer p\u00e5 avfallsl\u00f8sningen din hjemme 9\" class=\"wp-image-2206\" srcset=\"https:\/\/d2t31hwrov8bve.cloudfront.net\/wp-content\/uploads\/sites\/3\/2023\/08\/27162351\/Henning-Martinsen-daglig-leder-TRV-desember-2022-foto-TRV-2-1024x683.jpg 1024w, https:\/\/d2t31hwrov8bve.cloudfront.net\/wp-content\/uploads\/sites\/3\/2023\/08\/27162351\/Henning-Martinsen-daglig-leder-TRV-desember-2022-foto-TRV-2-300x200.jpg 300w, https:\/\/d2t31hwrov8bve.cloudfront.net\/wp-content\/uploads\/sites\/3\/2023\/08\/27162351\/Henning-Martinsen-daglig-leder-TRV-desember-2022-foto-TRV-2-1536x1024.jpg 1536w, https:\/\/d2t31hwrov8bve.cloudfront.net\/wp-content\/uploads\/sites\/3\/2023\/08\/27162351\/Henning-Martinsen-daglig-leder-TRV-desember-2022-foto-TRV-2-2048x1365.jpg 2048w\" sizes=\"auto, (max-width: 1024px) 100vw, 1024px\" \/><figcaption class=\"wp-element-caption\">Henning N. Martinsen, Trondheim Renholdsverk.<\/figcaption><\/figure>\n\n\n\n<p><br>I omr\u00e5dene som har f\u00e5tt den nye l\u00f8sningen sendes n\u00e5 til sammen 60 prosent av avfallet til materialgjenvinning.<br>I fjor var det bare 20 prosent av det som ble samlet inn i disse omr\u00e5dene som gikk til materialgjenvinning. Mesteparten, 80 prosent, var restavfall.<\/p>\n\n\n\n<figure class=\"wp-block-image size-full\"><img loading=\"lazy\" decoding=\"async\" width=\"800\" height=\"450\" src=\"https:\/\/d2t31hwrov8bve.cloudfront.net\/wp-content\/uploads\/sites\/3\/2023\/10\/27162309\/avfallsmengde-sammenligning-2022-2023-matavfall.png\" alt=\"\" class=\"wp-image-2308\" srcset=\"https:\/\/d2t31hwrov8bve.cloudfront.net\/wp-content\/uploads\/sites\/3\/2023\/10\/27162309\/avfallsmengde-sammenligning-2022-2023-matavfall.png 800w, https:\/\/d2t31hwrov8bve.cloudfront.net\/wp-content\/uploads\/sites\/3\/2023\/10\/27162309\/avfallsmengde-sammenligning-2022-2023-matavfall-300x169.png 300w\" sizes=\"auto, (max-width: 800px) 100vw, 800px\" \/><\/figure>\n\n\n\n<p><br>&#8211; Dette er sv\u00e6rt gode tall. Og det er matavfallet som utgj\u00f8r den store forskjellen. Med den nye sorteringen f\u00e5r vi endelig skilt ut matavfallet, som er en verdifull ressurs full av n\u00e6ringsstoffer som blir til b\u00e5de biogj\u00f8dsel og biogass, sier Martinsen.<\/p>\n\n\n\n<p><br>Da TRV gjorde en sp\u00f8rreunders\u00f8kelse i de f\u00f8rste omr\u00e5dene som fikk ny l\u00f8sning denne vinteren svarte over 80 prosent at de opplever at det er blitt bedre tilrettelagt for kildesortering i Trondheim.<br>Like mange svarte at de var \u00abveldig forn\u00f8yd\u00bb eller \u00abforn\u00f8yd\u00bb med den nye avfallsl\u00f8sningen.<br>-Vi vet at mange har savnet matavfallssortering i Trondheim. Jeg er glad for at l\u00f8sningen endelig rulles ut over hele byen, sier han.<\/p>\n\n\n\n<h2 class=\"wp-block-heading\">Mer og renere plastemballasje<\/h2>\n\n\n\n<p><br>Innsamling av <strong>plastemballasje<\/strong> i sekk er sv\u00e6rt vanlig i andre kommuner i Norge, men er en helt ny ordning i Trondheim. En del har reagert p\u00e5 at beholderen forsvinner og at de n\u00e5 m\u00e5 henge ut sekker med plast.<\/p>\n\n\n\n<p><br>&#8211; Trondheim har dessverre hatt en h\u00f8y forurensningsgrad i plastavfallet i flere \u00e5r. Det kastes mye som ikke skulle v\u00e6rt der. Det f\u00f8rer til at plasten blir vanskeligere \u00e5 resirkulere og mindre verdt, sier Martinsen.<\/p>\n\n\n\n<p><br>Han viser til at kommuner som sorterer plastemballasje i plastsekk har en vesentlig lavere forurensningsgrad enn Trondheim. N\u00e5 ser vi at det ogs\u00e5 skjer i Trondheim. I omr\u00e5dene som har f\u00e5tt den nye ordningen \u00f8ker mengden innsamlet plast \u2013 og den er renere.<br>P\u00e5 de tre f\u00f8rste rutene som fikk den nye l\u00f8sningen \u00f8kte innsamlet plastemballasje fra 3680 kg p\u00e5 en m\u00e5ned i 2022 til 4440 kilo per m\u00e5ned i 2023. Forurensningsgraden har g\u00e5tt fra cirka 25% til 6 %.<\/p>\n\n\n\n<figure class=\"wp-block-image size-large\"><img loading=\"lazy\" decoding=\"async\" width=\"1024\" height=\"768\" src=\"https:\/\/d2t31hwrov8bve.cloudfront.net\/wp-content\/uploads\/sites\/3\/2023\/10\/27162307\/UAM-mat-og-plastemballasje-6.-mars-4-1024x768.jpg\" alt=\"\" class=\"wp-image-2311\" srcset=\"https:\/\/d2t31hwrov8bve.cloudfront.net\/wp-content\/uploads\/sites\/3\/2023\/10\/27162307\/UAM-mat-og-plastemballasje-6.-mars-4-1024x768.jpg 1024w, https:\/\/d2t31hwrov8bve.cloudfront.net\/wp-content\/uploads\/sites\/3\/2023\/10\/27162307\/UAM-mat-og-plastemballasje-6.-mars-4-300x225.jpg 300w, https:\/\/d2t31hwrov8bve.cloudfront.net\/wp-content\/uploads\/sites\/3\/2023\/10\/27162307\/UAM-mat-og-plastemballasje-6.-mars-4-1536x1152.jpg 1536w, https:\/\/d2t31hwrov8bve.cloudfront.net\/wp-content\/uploads\/sites\/3\/2023\/10\/27162307\/UAM-mat-og-plastemballasje-6.-mars-4-2048x1536.jpg 2048w\" sizes=\"auto, (max-width: 1024px) 100vw, 1024px\" \/><figcaption class=\"wp-element-caption\">Sekker med plastemballasje, satt ut til t\u00f8mmedag p\u00e5 Ranheim vinteren 2023.<\/figcaption><\/figure>\n\n\n\n<p><br>&#8211; Vi tror at dette kan ha noe med plastsekken \u00e5 gj\u00f8re. Det blir \u2013 bokstavelig talt \u2013 mer gjennomsiktig hva man kaster. Jo flinkere vi som innbyggere er til \u00e5 sortere, jo mer blir avfallet verdt n\u00e5r det skal sendes til videre behandling. Det igjen f\u00f8rer til at vi klarer \u00e5 holde renovasjonsgebyret lavest mulig, sier Martinsen.<br>P\u00e5 sikt er ambisjonen at plastemballasjen skal i restavfallbeholderen, og deretter sorteres ut p\u00e5 et ettersorteringsanlegg. Per n\u00e5 er det denne metoden som viser seg \u00e5 gi h\u00f8yest grad av materialgjenvinning.<br>Men det planlagte ettersorteringsanlegget ligger enn\u00e5 noen \u00e5r frem i tid. Derfor er dette n\u00e5 l\u00f8sningen som blir introdusert i Trondheim.<\/p>\n\n\n\n<p><strong>LES OGS\u00c5: <a href=\"https:\/\/trv.no\/plastsekk-kritikk-i-adresseavisen\/\">Plastsekk-kritikk i Adresseavisen<\/a><\/strong><\/p>\n\n\n\n<p>Trondheim Renholdsverk tilbyr ogs\u00e5 kj\u00f8p av brukte avfallsbeholdere, dersom man \u00f8nsker \u00e5 ha en beholder til oppbevaring av <a href=\"https:\/\/trv.no\/trenger-du-en-ekstra-beholder-til-oppbevaring-av-avfallet\/\">plastemballasje mellom t\u00f8mmedager<\/a>.<\/p>\n\n\n\n<h2 class=\"wp-block-heading\"><br>Mer glass- og metallemballasje<\/h2>\n\n\n\n<p><br><strong>Glass- og metallemballasje<\/strong> har frem til n\u00e5 v\u00e6rt samlet inn i containere p\u00e5 returpunkt i Trondheim. Med ny innsamlingsordning like ved boligen forventes det ogs\u00e5 en stor \u00f8kning i mengden innsamlet emballasje.<\/p>\n\n\n\n<p><br>&#8211; Her har vi ingen direkte sammenligningstall. Men vi ser at mengden glass- og metallemballasje \u00f8ker i omr\u00e5dene som har f\u00e5tt den nye ordningen. Fra tidligere avfallsanalyser vet vi at mange kaster syltet\u00f8yglasset og hermetikkboksen i restavfallet. N\u00e5 blir det lettere \u00e5 sortere disse avfallstypene hjemme og vi f\u00e5r sendt mer til materialgjenvinning, sier Martinsen.<br><\/p>\n\n\n\n<p><strong>Papp- og papir<\/strong> er en avfallstype vi er vant til \u00e5 sortere godt fra f\u00f8r, og innsamlet mengde har g\u00e5tt litt opp fra tidligere \u00e5r i omr\u00e5dene som har f\u00e5tt den nye l\u00f8sningen.<br><\/p>\n\n\n\n<h2 class=\"wp-block-heading\">Stort prosjekt<br><\/h2>\n\n\n\n<p>TRV jobber n\u00e5 med \u00e5 sette ut avfallsl\u00f8sninger som gj\u00f8r det enklest mulig \u00e5 sortere ut matavfall, plastemballasje, papp og papir, glass- og metallemballasje og restavfall til hele byens befolkning. Det er ulike avfallsl\u00f8sninger rundt om i byen, og en kompleks jobb \u00e5 innf\u00f8re den nye ordningen.<br>-Det vil ta tid f\u00f8r alle f\u00e5r det samme tilbudet, men det skal bli bra til slutt. M\u00e5let er \u00e5 gj\u00f8re det enkelt \u00e5 kildesortere, slik at vi sammen kan s\u00f8rge for mest mulig av materialene vi omgir oss med kan g\u00e5 tilbake i kretsl\u00f8pet, avslutter daglig leder Henning N. Martinsen i TRV.<br><\/p>\n\n\n\n<p>F\u00f8lg med p\u00e5 <a href=\"https:\/\/trv.no\/matavfall\/\">trv.no\/matavfall <\/a>for informasjon og statusoppdateringer p\u00e5 prosjektet<\/p>\n\n\n\n<div class=\"wp-block-group\"><div class=\"wp-block-group__inner-container is-layout-constrained wp-block-group-is-layout-constrained\"><\/div><\/div>\n","protected":false},"excerpt":{"rendered":"<p>Mindre restavfall. Mer sendes til materialgjenvinning. Det er stikkordene etter innf\u00f8ringen av ny renovasjonsordning i Trondheim. I februar 2023 startet arbeidet og trondhjemmere som har gr\u00f8nne plastbeholdere hjemme f\u00e5r n\u00e5 egne beholdere til matavfall og glass- og metallemballasje, i tillegg til plastsekker for plastemballasje. Se utrullingsplanen her M\u00e5let er \u00e5 gj\u00f8re det enklere \u00e5 sortere [&hellip;]<\/p>\n","protected":false},"author":206,"featured_media":2309,"comment_status":"closed","ping_status":"closed","sticky":false,"template":"","format":"standard","meta":{"_acf_changed":false,"inline_featured_image":false,"video_field":"","footnotes":""},"categories":[9,33,34,1],"tags":[26,25],"class_list":["post-2306","post","type-post","status-publish","format-standard","has-post-thumbnail","hentry","category-avfallssortering","category-matavfall","category-materialgjenvinning","category-ukategorisert","tag-gjenvinning","tag-resirkulering"],"yoast_head":"<!-- This site is optimized with the Yoast SEO plugin v27.3 - https:\/\/yoast.com\/product\/yoast-seo-wordpress\/ -->\n<title>Mange trondhjemmere er i gang med ny sortering. Det sl\u00e5r spesielt ut p\u00e5 \u00e9n avfallstype - R\u00e5stoff<\/title>\n<meta name=\"robots\" content=\"index, follow, max-snippet:-1, max-image-preview:large, max-video-preview:-1\" \/>\n<link rel=\"canonical\" href=\"https:\/\/trv.no\/rastoff\/mange-trondhjemmere-er-i-gang-med-ny-sortering-det-slar-spesielt-ut-pa-en-avfallstype\/\" \/>\n<meta property=\"og:locale\" content=\"nb_NO\" \/>\n<meta property=\"og:type\" content=\"article\" \/>\n<meta property=\"og:title\" content=\"Mange trondhjemmere er i gang med ny sortering. Det sl\u00e5r spesielt ut p\u00e5 \u00e9n avfallstype - R\u00e5stoff\" \/>\n<meta property=\"og:description\" content=\"Mindre restavfall. Mer sendes til materialgjenvinning. Det er stikkordene etter innf\u00f8ringen av ny renovasjonsordning i Trondheim. I februar 2023 startet arbeidet og trondhjemmere som har gr\u00f8nne plastbeholdere hjemme f\u00e5r n\u00e5 egne beholdere til matavfall og glass- og metallemballasje, i tillegg til plastsekker for plastemballasje. Se utrullingsplanen her M\u00e5let er \u00e5 gj\u00f8re det enklere \u00e5 sortere [&hellip;]\" \/>\n<meta property=\"og:url\" content=\"https:\/\/trv.no\/rastoff\/mange-trondhjemmere-er-i-gang-med-ny-sortering-det-slar-spesielt-ut-pa-en-avfallstype\/\" \/>\n<meta property=\"og:site_name\" content=\"R\u00e5stoff\" \/>\n<meta property=\"article:published_time\" content=\"2023-10-11T07:37:58+00:00\" \/>\n<meta property=\"article:modified_time\" content=\"2025-11-13T10:38:32+00:00\" \/>\n<meta property=\"og:image\" content=\"https:\/\/d2t31hwrov8bve.cloudfront.net\/wp-content\/uploads\/sites\/3\/2023\/10\/12095026\/mange-trondhjemmere-er-i-gang-med-ny-sortering-det-slar-spesielt-ut-pa-en-avfallstype-scaled.jpg\" \/>\n\t<meta property=\"og:image:width\" content=\"2560\" \/>\n\t<meta property=\"og:image:height\" content=\"1707\" \/>\n\t<meta property=\"og:image:type\" content=\"image\/jpeg\" \/>\n<meta name=\"author\" content=\"bard\" \/>\n<meta name=\"twitter:card\" content=\"summary_large_image\" \/>\n<meta name=\"twitter:label1\" content=\"Skrevet av\" \/>\n\t<meta name=\"twitter:data1\" content=\"bard\" \/>\n\t<meta name=\"twitter:label2\" content=\"Ansl. lesetid\" \/>\n\t<meta name=\"twitter:data2\" content=\"7 minutter\" \/>\n<script type=\"application\/ld+json\" class=\"yoast-schema-graph\">{\"@context\":\"https:\\\/\\\/schema.org\",\"@graph\":[{\"@type\":\"Article\",\"@id\":\"https:\\\/\\\/trv.no\\\/rastoff\\\/mange-trondhjemmere-er-i-gang-med-ny-sortering-det-slar-spesielt-ut-pa-en-avfallstype\\\/#article\",\"isPartOf\":{\"@id\":\"https:\\\/\\\/trv.no\\\/rastoff\\\/mange-trondhjemmere-er-i-gang-med-ny-sortering-det-slar-spesielt-ut-pa-en-avfallstype\\\/\"},\"author\":{\"name\":\"bard\",\"@id\":\"https:\\\/\\\/trv.no\\\/rastoff\\\/#\\\/schema\\\/person\\\/d18343c9bba2db13e7f656da2d73be0c\"},\"headline\":\"Mange trondhjemmere er i gang med ny sortering. Det sl\u00e5r spesielt ut p\u00e5 \u00e9n avfallstype\",\"datePublished\":\"2023-10-11T07:37:58+00:00\",\"dateModified\":\"2025-11-13T10:38:32+00:00\",\"mainEntityOfPage\":{\"@id\":\"https:\\\/\\\/trv.no\\\/rastoff\\\/mange-trondhjemmere-er-i-gang-med-ny-sortering-det-slar-spesielt-ut-pa-en-avfallstype\\\/\"},\"wordCount\":1006,\"publisher\":{\"@id\":\"https:\\\/\\\/trv.no\\\/rastoff\\\/#organization\"},\"image\":{\"@id\":\"https:\\\/\\\/trv.no\\\/rastoff\\\/mange-trondhjemmere-er-i-gang-med-ny-sortering-det-slar-spesielt-ut-pa-en-avfallstype\\\/#primaryimage\"},\"thumbnailUrl\":\"https:\\\/\\\/d2t31hwrov8bve.cloudfront.net\\\/wp-content\\\/uploads\\\/sites\\\/3\\\/2023\\\/10\\\/27162308\\\/mange-trondhjemmere-er-i-gang-med-ny-sortering-det-slar-spesielt-ut-pa-en-avfallstype-scaled.jpg\",\"keywords\":[\"gjenvinning\",\"resirkulering\"],\"articleSection\":[\"Avfallssortering\",\"Matavfall\",\"Materialgjenvinning\"],\"inLanguage\":\"nb-NO\"},{\"@type\":\"WebPage\",\"@id\":\"https:\\\/\\\/trv.no\\\/rastoff\\\/mange-trondhjemmere-er-i-gang-med-ny-sortering-det-slar-spesielt-ut-pa-en-avfallstype\\\/\",\"url\":\"https:\\\/\\\/trv.no\\\/rastoff\\\/mange-trondhjemmere-er-i-gang-med-ny-sortering-det-slar-spesielt-ut-pa-en-avfallstype\\\/\",\"name\":\"Mange trondhjemmere er i gang med ny sortering. Det sl\u00e5r spesielt ut p\u00e5 \u00e9n avfallstype - R\u00e5stoff\",\"isPartOf\":{\"@id\":\"https:\\\/\\\/trv.no\\\/rastoff\\\/#website\"},\"primaryImageOfPage\":{\"@id\":\"https:\\\/\\\/trv.no\\\/rastoff\\\/mange-trondhjemmere-er-i-gang-med-ny-sortering-det-slar-spesielt-ut-pa-en-avfallstype\\\/#primaryimage\"},\"image\":{\"@id\":\"https:\\\/\\\/trv.no\\\/rastoff\\\/mange-trondhjemmere-er-i-gang-med-ny-sortering-det-slar-spesielt-ut-pa-en-avfallstype\\\/#primaryimage\"},\"thumbnailUrl\":\"https:\\\/\\\/d2t31hwrov8bve.cloudfront.net\\\/wp-content\\\/uploads\\\/sites\\\/3\\\/2023\\\/10\\\/27162308\\\/mange-trondhjemmere-er-i-gang-med-ny-sortering-det-slar-spesielt-ut-pa-en-avfallstype-scaled.jpg\",\"datePublished\":\"2023-10-11T07:37:58+00:00\",\"dateModified\":\"2025-11-13T10:38:32+00:00\",\"breadcrumb\":{\"@id\":\"https:\\\/\\\/trv.no\\\/rastoff\\\/mange-trondhjemmere-er-i-gang-med-ny-sortering-det-slar-spesielt-ut-pa-en-avfallstype\\\/#breadcrumb\"},\"inLanguage\":\"nb-NO\",\"potentialAction\":[{\"@type\":\"ReadAction\",\"target\":[\"https:\\\/\\\/trv.no\\\/rastoff\\\/mange-trondhjemmere-er-i-gang-med-ny-sortering-det-slar-spesielt-ut-pa-en-avfallstype\\\/\"]}]},{\"@type\":\"ImageObject\",\"inLanguage\":\"nb-NO\",\"@id\":\"https:\\\/\\\/trv.no\\\/rastoff\\\/mange-trondhjemmere-er-i-gang-med-ny-sortering-det-slar-spesielt-ut-pa-en-avfallstype\\\/#primaryimage\",\"url\":\"https:\\\/\\\/d2t31hwrov8bve.cloudfront.net\\\/wp-content\\\/uploads\\\/sites\\\/3\\\/2023\\\/10\\\/27162308\\\/mange-trondhjemmere-er-i-gang-med-ny-sortering-det-slar-spesielt-ut-pa-en-avfallstype-scaled.jpg\",\"contentUrl\":\"https:\\\/\\\/d2t31hwrov8bve.cloudfront.net\\\/wp-content\\\/uploads\\\/sites\\\/3\\\/2023\\\/10\\\/27162308\\\/mange-trondhjemmere-er-i-gang-med-ny-sortering-det-slar-spesielt-ut-pa-en-avfallstype-scaled.jpg\",\"width\":2560,\"height\":1707,\"caption\":\"Mange trondhjemmere er i gang med ny sortering. Det sl\u00e5r spesielt ut p\u00e5 \u00e9n avfallstype\"},{\"@type\":\"BreadcrumbList\",\"@id\":\"https:\\\/\\\/trv.no\\\/rastoff\\\/mange-trondhjemmere-er-i-gang-med-ny-sortering-det-slar-spesielt-ut-pa-en-avfallstype\\\/#breadcrumb\",\"itemListElement\":[{\"@type\":\"ListItem\",\"position\":1,\"name\":\"Hjem\",\"item\":\"https:\\\/\\\/trv.no\\\/rastoff\\\/\"},{\"@type\":\"ListItem\",\"position\":2,\"name\":\"Mange trondhjemmere er i gang med ny sortering. Det sl\u00e5r spesielt ut p\u00e5 \u00e9n avfallstype\"}]},{\"@type\":\"WebSite\",\"@id\":\"https:\\\/\\\/trv.no\\\/rastoff\\\/#website\",\"url\":\"https:\\\/\\\/trv.no\\\/rastoff\\\/\",\"name\":\"R\u00e5stoff\",\"description\":\"Bare enda et Trondheim Renholdsverk nettsteder-nettsted\",\"publisher\":{\"@id\":\"https:\\\/\\\/trv.no\\\/rastoff\\\/#organization\"},\"potentialAction\":[{\"@type\":\"SearchAction\",\"target\":{\"@type\":\"EntryPoint\",\"urlTemplate\":\"https:\\\/\\\/trv.no\\\/rastoff\\\/?s={search_term_string}\"},\"query-input\":{\"@type\":\"PropertyValueSpecification\",\"valueRequired\":true,\"valueName\":\"search_term_string\"}}],\"inLanguage\":\"nb-NO\"},{\"@type\":\"Organization\",\"@id\":\"https:\\\/\\\/trv.no\\\/rastoff\\\/#organization\",\"name\":\"TRV\",\"url\":\"https:\\\/\\\/trv.no\\\/rastoff\\\/\",\"logo\":{\"@type\":\"ImageObject\",\"inLanguage\":\"nb-NO\",\"@id\":\"https:\\\/\\\/trv.no\\\/rastoff\\\/#\\\/schema\\\/logo\\\/image\\\/\",\"url\":\"https:\\\/\\\/d2t31hwrov8bve.cloudfront.net\\\/wp-content\\\/uploads\\\/sites\\\/3\\\/2019\\\/08\\\/27162735\\\/trvlogo-1.png\",\"contentUrl\":\"https:\\\/\\\/d2t31hwrov8bve.cloudfront.net\\\/wp-content\\\/uploads\\\/sites\\\/3\\\/2019\\\/08\\\/27162735\\\/trvlogo-1.png\",\"width\":579,\"height\":192,\"caption\":\"TRV\"},\"image\":{\"@id\":\"https:\\\/\\\/trv.no\\\/rastoff\\\/#\\\/schema\\\/logo\\\/image\\\/\"}},{\"@type\":\"Person\",\"@id\":\"https:\\\/\\\/trv.no\\\/rastoff\\\/#\\\/schema\\\/person\\\/d18343c9bba2db13e7f656da2d73be0c\",\"name\":\"bard\",\"image\":{\"@type\":\"ImageObject\",\"inLanguage\":\"nb-NO\",\"@id\":\"https:\\\/\\\/secure.gravatar.com\\\/avatar\\\/5ed2d987974a57ca735daa3587bdd3b4667027cf0f5628de724c038c2b6481ef?s=96&d=mm&r=g\",\"url\":\"https:\\\/\\\/secure.gravatar.com\\\/avatar\\\/5ed2d987974a57ca735daa3587bdd3b4667027cf0f5628de724c038c2b6481ef?s=96&d=mm&r=g\",\"contentUrl\":\"https:\\\/\\\/secure.gravatar.com\\\/avatar\\\/5ed2d987974a57ca735daa3587bdd3b4667027cf0f5628de724c038c2b6481ef?s=96&d=mm&r=g\",\"caption\":\"bard\"},\"url\":\"https:\\\/\\\/trv.no\\\/rastoff\\\/author\\\/bard\\\/\"}]}<\/script>\n<!-- \/ Yoast SEO plugin. -->","yoast_head_json":{"title":"Mange trondhjemmere er i gang med ny sortering. Det sl\u00e5r spesielt ut p\u00e5 \u00e9n avfallstype - R\u00e5stoff","robots":{"index":"index","follow":"follow","max-snippet":"max-snippet:-1","max-image-preview":"max-image-preview:large","max-video-preview":"max-video-preview:-1"},"canonical":"https:\/\/trv.no\/rastoff\/mange-trondhjemmere-er-i-gang-med-ny-sortering-det-slar-spesielt-ut-pa-en-avfallstype\/","og_locale":"nb_NO","og_type":"article","og_title":"Mange trondhjemmere er i gang med ny sortering. Det sl\u00e5r spesielt ut p\u00e5 \u00e9n avfallstype - R\u00e5stoff","og_description":"Mindre restavfall. Mer sendes til materialgjenvinning. Det er stikkordene etter innf\u00f8ringen av ny renovasjonsordning i Trondheim. I februar 2023 startet arbeidet og trondhjemmere som har gr\u00f8nne plastbeholdere hjemme f\u00e5r n\u00e5 egne beholdere til matavfall og glass- og metallemballasje, i tillegg til plastsekker for plastemballasje. Se utrullingsplanen her M\u00e5let er \u00e5 gj\u00f8re det enklere \u00e5 sortere [&hellip;]","og_url":"https:\/\/trv.no\/rastoff\/mange-trondhjemmere-er-i-gang-med-ny-sortering-det-slar-spesielt-ut-pa-en-avfallstype\/","og_site_name":"R\u00e5stoff","article_published_time":"2023-10-11T07:37:58+00:00","article_modified_time":"2025-11-13T10:38:32+00:00","og_image":[{"width":2560,"height":1707,"url":"https:\/\/d2t31hwrov8bve.cloudfront.net\/wp-content\/uploads\/sites\/3\/2023\/10\/12095026\/mange-trondhjemmere-er-i-gang-med-ny-sortering-det-slar-spesielt-ut-pa-en-avfallstype-scaled.jpg","type":"image\/jpeg"}],"author":"bard","twitter_card":"summary_large_image","twitter_misc":{"Skrevet av":"bard","Ansl. lesetid":"7 minutter"},"schema":{"@context":"https:\/\/schema.org","@graph":[{"@type":"Article","@id":"https:\/\/trv.no\/rastoff\/mange-trondhjemmere-er-i-gang-med-ny-sortering-det-slar-spesielt-ut-pa-en-avfallstype\/#article","isPartOf":{"@id":"https:\/\/trv.no\/rastoff\/mange-trondhjemmere-er-i-gang-med-ny-sortering-det-slar-spesielt-ut-pa-en-avfallstype\/"},"author":{"name":"bard","@id":"https:\/\/trv.no\/rastoff\/#\/schema\/person\/d18343c9bba2db13e7f656da2d73be0c"},"headline":"Mange trondhjemmere er i gang med ny sortering. Det sl\u00e5r spesielt ut p\u00e5 \u00e9n avfallstype","datePublished":"2023-10-11T07:37:58+00:00","dateModified":"2025-11-13T10:38:32+00:00","mainEntityOfPage":{"@id":"https:\/\/trv.no\/rastoff\/mange-trondhjemmere-er-i-gang-med-ny-sortering-det-slar-spesielt-ut-pa-en-avfallstype\/"},"wordCount":1006,"publisher":{"@id":"https:\/\/trv.no\/rastoff\/#organization"},"image":{"@id":"https:\/\/trv.no\/rastoff\/mange-trondhjemmere-er-i-gang-med-ny-sortering-det-slar-spesielt-ut-pa-en-avfallstype\/#primaryimage"},"thumbnailUrl":"https:\/\/d2t31hwrov8bve.cloudfront.net\/wp-content\/uploads\/sites\/3\/2023\/10\/27162308\/mange-trondhjemmere-er-i-gang-med-ny-sortering-det-slar-spesielt-ut-pa-en-avfallstype-scaled.jpg","keywords":["gjenvinning","resirkulering"],"articleSection":["Avfallssortering","Matavfall","Materialgjenvinning"],"inLanguage":"nb-NO"},{"@type":"WebPage","@id":"https:\/\/trv.no\/rastoff\/mange-trondhjemmere-er-i-gang-med-ny-sortering-det-slar-spesielt-ut-pa-en-avfallstype\/","url":"https:\/\/trv.no\/rastoff\/mange-trondhjemmere-er-i-gang-med-ny-sortering-det-slar-spesielt-ut-pa-en-avfallstype\/","name":"Mange trondhjemmere er i gang med ny sortering. Det sl\u00e5r spesielt ut p\u00e5 \u00e9n avfallstype - R\u00e5stoff","isPartOf":{"@id":"https:\/\/trv.no\/rastoff\/#website"},"primaryImageOfPage":{"@id":"https:\/\/trv.no\/rastoff\/mange-trondhjemmere-er-i-gang-med-ny-sortering-det-slar-spesielt-ut-pa-en-avfallstype\/#primaryimage"},"image":{"@id":"https:\/\/trv.no\/rastoff\/mange-trondhjemmere-er-i-gang-med-ny-sortering-det-slar-spesielt-ut-pa-en-avfallstype\/#primaryimage"},"thumbnailUrl":"https:\/\/d2t31hwrov8bve.cloudfront.net\/wp-content\/uploads\/sites\/3\/2023\/10\/27162308\/mange-trondhjemmere-er-i-gang-med-ny-sortering-det-slar-spesielt-ut-pa-en-avfallstype-scaled.jpg","datePublished":"2023-10-11T07:37:58+00:00","dateModified":"2025-11-13T10:38:32+00:00","breadcrumb":{"@id":"https:\/\/trv.no\/rastoff\/mange-trondhjemmere-er-i-gang-med-ny-sortering-det-slar-spesielt-ut-pa-en-avfallstype\/#breadcrumb"},"inLanguage":"nb-NO","potentialAction":[{"@type":"ReadAction","target":["https:\/\/trv.no\/rastoff\/mange-trondhjemmere-er-i-gang-med-ny-sortering-det-slar-spesielt-ut-pa-en-avfallstype\/"]}]},{"@type":"ImageObject","inLanguage":"nb-NO","@id":"https:\/\/trv.no\/rastoff\/mange-trondhjemmere-er-i-gang-med-ny-sortering-det-slar-spesielt-ut-pa-en-avfallstype\/#primaryimage","url":"https:\/\/d2t31hwrov8bve.cloudfront.net\/wp-content\/uploads\/sites\/3\/2023\/10\/27162308\/mange-trondhjemmere-er-i-gang-med-ny-sortering-det-slar-spesielt-ut-pa-en-avfallstype-scaled.jpg","contentUrl":"https:\/\/d2t31hwrov8bve.cloudfront.net\/wp-content\/uploads\/sites\/3\/2023\/10\/27162308\/mange-trondhjemmere-er-i-gang-med-ny-sortering-det-slar-spesielt-ut-pa-en-avfallstype-scaled.jpg","width":2560,"height":1707,"caption":"Mange trondhjemmere er i gang med ny sortering. Det sl\u00e5r spesielt ut p\u00e5 \u00e9n avfallstype"},{"@type":"BreadcrumbList","@id":"https:\/\/trv.no\/rastoff\/mange-trondhjemmere-er-i-gang-med-ny-sortering-det-slar-spesielt-ut-pa-en-avfallstype\/#breadcrumb","itemListElement":[{"@type":"ListItem","position":1,"name":"Hjem","item":"https:\/\/trv.no\/rastoff\/"},{"@type":"ListItem","position":2,"name":"Mange trondhjemmere er i gang med ny sortering. Det sl\u00e5r spesielt ut p\u00e5 \u00e9n avfallstype"}]},{"@type":"WebSite","@id":"https:\/\/trv.no\/rastoff\/#website","url":"https:\/\/trv.no\/rastoff\/","name":"R\u00e5stoff","description":"Bare enda et Trondheim Renholdsverk nettsteder-nettsted","publisher":{"@id":"https:\/\/trv.no\/rastoff\/#organization"},"potentialAction":[{"@type":"SearchAction","target":{"@type":"EntryPoint","urlTemplate":"https:\/\/trv.no\/rastoff\/?s={search_term_string}"},"query-input":{"@type":"PropertyValueSpecification","valueRequired":true,"valueName":"search_term_string"}}],"inLanguage":"nb-NO"},{"@type":"Organization","@id":"https:\/\/trv.no\/rastoff\/#organization","name":"TRV","url":"https:\/\/trv.no\/rastoff\/","logo":{"@type":"ImageObject","inLanguage":"nb-NO","@id":"https:\/\/trv.no\/rastoff\/#\/schema\/logo\/image\/","url":"https:\/\/d2t31hwrov8bve.cloudfront.net\/wp-content\/uploads\/sites\/3\/2019\/08\/27162735\/trvlogo-1.png","contentUrl":"https:\/\/d2t31hwrov8bve.cloudfront.net\/wp-content\/uploads\/sites\/3\/2019\/08\/27162735\/trvlogo-1.png","width":579,"height":192,"caption":"TRV"},"image":{"@id":"https:\/\/trv.no\/rastoff\/#\/schema\/logo\/image\/"}},{"@type":"Person","@id":"https:\/\/trv.no\/rastoff\/#\/schema\/person\/d18343c9bba2db13e7f656da2d73be0c","name":"bard","image":{"@type":"ImageObject","inLanguage":"nb-NO","@id":"https:\/\/secure.gravatar.com\/avatar\/5ed2d987974a57ca735daa3587bdd3b4667027cf0f5628de724c038c2b6481ef?s=96&d=mm&r=g","url":"https:\/\/secure.gravatar.com\/avatar\/5ed2d987974a57ca735daa3587bdd3b4667027cf0f5628de724c038c2b6481ef?s=96&d=mm&r=g","contentUrl":"https:\/\/secure.gravatar.com\/avatar\/5ed2d987974a57ca735daa3587bdd3b4667027cf0f5628de724c038c2b6481ef?s=96&d=mm&r=g","caption":"bard"},"url":"https:\/\/trv.no\/rastoff\/author\/bard\/"}]}},"acf":[],"_links":{"self":[{"href":"https:\/\/trv.no\/rastoff\/wp-json\/wp\/v2\/posts\/2306","targetHints":{"allow":["GET"]}}],"collection":[{"href":"https:\/\/trv.no\/rastoff\/wp-json\/wp\/v2\/posts"}],"about":[{"href":"https:\/\/trv.no\/rastoff\/wp-json\/wp\/v2\/types\/post"}],"author":[{"embeddable":true,"href":"https:\/\/trv.no\/rastoff\/wp-json\/wp\/v2\/users\/206"}],"replies":[{"embeddable":true,"href":"https:\/\/trv.no\/rastoff\/wp-json\/wp\/v2\/comments?post=2306"}],"version-history":[{"count":9,"href":"https:\/\/trv.no\/rastoff\/wp-json\/wp\/v2\/posts\/2306\/revisions"}],"predecessor-version":[{"id":2841,"href":"https:\/\/trv.no\/rastoff\/wp-json\/wp\/v2\/posts\/2306\/revisions\/2841"}],"wp:featuredmedia":[{"embeddable":true,"href":"https:\/\/trv.no\/rastoff\/wp-json\/wp\/v2\/media\/2309"}],"wp:attachment":[{"href":"https:\/\/trv.no\/rastoff\/wp-json\/wp\/v2\/media?parent=2306"}],"wp:term":[{"taxonomy":"category","embeddable":true,"href":"https:\/\/trv.no\/rastoff\/wp-json\/wp\/v2\/categories?post=2306"},{"taxonomy":"post_tag","embeddable":true,"href":"https:\/\/trv.no\/rastoff\/wp-json\/wp\/v2\/tags?post=2306"}],"curies":[{"name":"wp","href":"https:\/\/api.w.org\/{rel}","templated":true}]}}