{"id":2443,"date":"2024-03-30T09:39:24","date_gmt":"2024-03-30T08:39:24","guid":{"rendered":"https:\/\/trv.no\/rastoff\/?p=2443"},"modified":"2025-12-17T16:01:43","modified_gmt":"2025-12-17T15:01:43","slug":"valget-av-ombruk-var-suverent-mitt-eget-sier-ordforer-kent-ranum","status":"publish","type":"post","link":"https:\/\/trv.no\/rastoff\/valget-av-ombruk-var-suverent-mitt-eget-sier-ordforer-kent-ranum\/","title":{"rendered":"&#8211; Valget av ombruk var suverent mitt eget, sier ordf\u00f8rer Kent Ranum"},"content":{"rendered":"\n\n\n\n\n<p class=\"has-ingress-font-size\">Da Kent Ranum overtok kontoret som tidligere ordf\u00f8rer Rita Ottervik hadde hatt i 20 \u00e5r, tok han det originale valget \u00e5 fornye det med ombruk av m\u00f8bler. <\/p>\n\n\n\n<p>M\u00f8blene han n\u00e5 har f\u00e5tt, kommer faktisk fra husstander i Trondheim kommune &#8211; og er levert inn p\u00e5 Heggstadmoen gjenvinningsstasjon. <\/p>\n\n\n\n<p>Vi er inne i den stille uken f\u00f8r p\u00e5ske, og R\u00e5dhuset er stengt. Vi skal ha m\u00f8te med ordf\u00f8rer Kent Ranum, og han m\u00e5 selv komme ned og ta oss med gjennom resepsjonsomr\u00e5det. <\/p>\n\n\n\n<p>\u2013 Akkurat n\u00e5 er jeg litt altmuligmann, humrer Ranum. Det er ganske tomt her. Velkommen hit! &nbsp;<\/p>\n\n\n\n<p><strong>&#8211; S\u00e5 etter 20 \u00e5r med Rita, s\u00e5 fikk du satt ditt eget preg p\u00e5 kontoret p\u00e5 en god m\u00e5te? <\/strong><\/p>\n\n\n\n<p>&#8211; Brukte m\u00f8bler har alle med seg en historie og en egen lukt, og forteller et eller annet, om hvor de har st\u00e5tt f\u00f8r, hvilke omgivelser og milj\u00f8 de har st\u00e5tt i. S\u00e5 den st\u00f8rste forandringer var at det luktet annerledes. Jeg er str\u00e5lende forn\u00f8yd, b\u00e5de med valget om \u00e5 bruke dere (BrukOm) \u2013 og \u00e5 f\u00e5 brukte m\u00f8bler \u2013 og type m\u00f8bler, sier Ranum. <\/p>\n\n\n\n\n\n\n\n<p>Han forteller at m\u00f8tebordsstolene er veldig gode \u00e5 sitte i, og at sofaen tjener form\u00e5let med \u00e5 kunne ha uformelle samtaler. <\/p>\n\n\n\n<p>-Sofaen er ogs\u00e5 fin til \u00e5 strekke p\u00e5 ryggen mellom kontordagen og bystyrem\u00f8tet. Hvis du ligger med hodet i den ene enden,&nbsp; s\u00e5 stikker f\u00f8ttene ut p\u00e5 andre siden, slik at jeg f\u00e5r senket hevelsen i anklene\u2026haha\u2026Det funker bra! <\/p>\n\n\n\n\n\n\n\n\n\n\n\n<div class=\"wp-block-group is-nowrap is-layout-flex wp-container-core-group-is-layout-ad2f72ca wp-block-group-is-layout-flex\">\n<figure class=\"wp-block-gallery has-nested-images columns-default is-cropped wp-block-gallery-1 is-layout-flex wp-block-gallery-is-layout-flex\">\n<figure class=\"wp-block-image size-large\"><img loading=\"lazy\" decoding=\"async\" width=\"1024\" height=\"827\" data-id=\"2454\" src=\"https:\/\/d2t31hwrov8bve.cloudfront.net\/wp-content\/uploads\/sites\/3\/2024\/03\/27162210\/valget-av-gjenbruk-var-suverent-mitt-eget-11-1024x827.jpg\" alt=\"Valget av gjenbruk var suverent mitt eget 10\" class=\"wp-image-2454\" srcset=\"https:\/\/d2t31hwrov8bve.cloudfront.net\/wp-content\/uploads\/sites\/3\/2024\/03\/27162210\/valget-av-gjenbruk-var-suverent-mitt-eget-11-1024x827.jpg 1024w, https:\/\/d2t31hwrov8bve.cloudfront.net\/wp-content\/uploads\/sites\/3\/2024\/03\/27162210\/valget-av-gjenbruk-var-suverent-mitt-eget-11-300x242.jpg 300w, https:\/\/d2t31hwrov8bve.cloudfront.net\/wp-content\/uploads\/sites\/3\/2024\/03\/27162210\/valget-av-gjenbruk-var-suverent-mitt-eget-11.jpg 1536w\" sizes=\"auto, (max-width: 1024px) 100vw, 1024px\" \/><figcaption class=\"wp-element-caption\"><strong>F\u00f8r<\/strong><\/figcaption><\/figure>\n\n\n\n<figure class=\"wp-block-image size-large\"><img loading=\"lazy\" decoding=\"async\" width=\"1024\" height=\"576\" data-id=\"2453\" src=\"https:\/\/d2t31hwrov8bve.cloudfront.net\/wp-content\/uploads\/sites\/3\/2024\/03\/27162210\/valget-av-gjenbruk-var-suverent-mitt-eget-10-1024x576.jpg\" alt=\"Valget av gjenbruk var suverent mitt eget 9\" class=\"wp-image-2453\" srcset=\"https:\/\/d2t31hwrov8bve.cloudfront.net\/wp-content\/uploads\/sites\/3\/2024\/03\/27162210\/valget-av-gjenbruk-var-suverent-mitt-eget-10-1024x576.jpg 1024w, https:\/\/d2t31hwrov8bve.cloudfront.net\/wp-content\/uploads\/sites\/3\/2024\/03\/27162210\/valget-av-gjenbruk-var-suverent-mitt-eget-10-300x169.jpg 300w, https:\/\/d2t31hwrov8bve.cloudfront.net\/wp-content\/uploads\/sites\/3\/2024\/03\/27162210\/valget-av-gjenbruk-var-suverent-mitt-eget-10-1536x864.jpg 1536w, https:\/\/d2t31hwrov8bve.cloudfront.net\/wp-content\/uploads\/sites\/3\/2024\/03\/27162210\/valget-av-gjenbruk-var-suverent-mitt-eget-10.jpg 2048w\" sizes=\"auto, (max-width: 1024px) 100vw, 1024px\" \/><figcaption class=\"wp-element-caption\">Etter<\/figcaption><\/figure>\n\n\n\n<figure class=\"wp-block-image size-large\"><img loading=\"lazy\" decoding=\"async\" width=\"1024\" height=\"915\" data-id=\"2444\" src=\"https:\/\/d2t31hwrov8bve.cloudfront.net\/wp-content\/uploads\/sites\/3\/2024\/03\/27162217\/valget-av-gjenbruk-var-suverent-mitt-eget-1024x915.jpg\" alt=\"Valget av gjenbruk var suverent mitt eget\" class=\"wp-image-2444\" srcset=\"https:\/\/d2t31hwrov8bve.cloudfront.net\/wp-content\/uploads\/sites\/3\/2024\/03\/27162217\/valget-av-gjenbruk-var-suverent-mitt-eget-1024x915.jpg 1024w, https:\/\/d2t31hwrov8bve.cloudfront.net\/wp-content\/uploads\/sites\/3\/2024\/03\/27162217\/valget-av-gjenbruk-var-suverent-mitt-eget-300x268.jpg 300w, https:\/\/d2t31hwrov8bve.cloudfront.net\/wp-content\/uploads\/sites\/3\/2024\/03\/27162217\/valget-av-gjenbruk-var-suverent-mitt-eget.jpg 1238w\" sizes=\"auto, (max-width: 1024px) 100vw, 1024px\" \/><figcaption class=\"wp-element-caption\">F\u00f8r <\/figcaption><\/figure>\n\n\n\n<figure class=\"wp-block-image size-large\"><img loading=\"lazy\" decoding=\"async\" width=\"1024\" height=\"915\" data-id=\"2451\" src=\"https:\/\/d2t31hwrov8bve.cloudfront.net\/wp-content\/uploads\/sites\/3\/2024\/03\/27162211\/valget-av-gjenbruk-var-suverent-mitt-eget-8-1024x915.jpg\" alt=\"Valget av gjenbruk var suverent mitt eget 7\" class=\"wp-image-2451\" srcset=\"https:\/\/d2t31hwrov8bve.cloudfront.net\/wp-content\/uploads\/sites\/3\/2024\/03\/27162211\/valget-av-gjenbruk-var-suverent-mitt-eget-8-1024x915.jpg 1024w, https:\/\/d2t31hwrov8bve.cloudfront.net\/wp-content\/uploads\/sites\/3\/2024\/03\/27162211\/valget-av-gjenbruk-var-suverent-mitt-eget-8-300x268.jpg 300w, https:\/\/d2t31hwrov8bve.cloudfront.net\/wp-content\/uploads\/sites\/3\/2024\/03\/27162211\/valget-av-gjenbruk-var-suverent-mitt-eget-8.jpg 1136w\" sizes=\"auto, (max-width: 1024px) 100vw, 1024px\" \/><figcaption class=\"wp-element-caption\">Etter<\/figcaption><\/figure>\n<\/figure>\n<\/div>\n\n\n\n<p>&#8211; Det viktigste er at stolene og sofaen er gode \u00e5 sitte i. Hvis jeg skulle \u00f8nsket meg noe mer, s\u00e5 er det at jeg gjerne skulle hatt to eller fire slike stoler til. Ofte er vi flere deltagere, men det l\u00f8ser jeg med \u00e5 hente inn stoler fra nabokontoret. Dere leverte forresten en stol som jeg ikke kunne beholde, litt fordi den var veldig spesiell &#8211; men hver gang jeg hadde bes\u00f8k s\u00e5 satte de seg der, s\u00e5 det gikk 2 minutter s\u00e5 var de helt borte\u2026.den var altfor god \u00e5 sitte i!<\/p>\n\n\n\n<p><strong>&#8211; Kontoret ditt er et utstillingsvindu for byen og mange er innom her. St\u00e5r du godt i valget ditt?<\/strong><\/p>\n\n\n\n<p>&#8211; De aller fleste ser det ikke eller tenker ikke over det \u2013 mens noen sier &laquo;J\u00f8ss, ka e&#8217; de som har skjedd her, har du nye m\u00f8bla?&raquo; Det eneste sp\u00f8rsm\u00e5let jeg fikk var p\u00e5 grunn av pyntegjenstandene som var med. Da fikk jeg sp\u00f8rsm\u00e5let: &laquo;Har du v\u00e6rt p\u00e5 safari? H\u00e6\u2026om \u00e6 har v\u00e6rt p\u00e5 safari?&#8230;&raquo; Giraffene og strutsen gjorde at det ble litt eksotisk her inne, s\u00e5 det var det noen som la merke til. Ranum ler godt. Milj\u00f8partiet De Gr\u00f8nne var veldig forn\u00f8yd med valget. Det er morsomt med et litt anerkjennende &laquo;Du gjorde <strong>det<\/strong>, ja\u2026&raquo; <\/p>\n\n\n\n<div class=\"wp-block-columns is-layout-flex wp-container-core-columns-is-layout-9d6595d7 wp-block-columns-is-layout-flex\">\n<div class=\"wp-block-column is-layout-flow wp-block-column-is-layout-flow\" style=\"flex-basis:100%\">\n<figure class=\"wp-block-gallery has-nested-images columns-default is-cropped wp-block-gallery-2 is-layout-flex wp-block-gallery-is-layout-flex\">\n<figure class=\"wp-block-image size-large\"><img loading=\"lazy\" decoding=\"async\" width=\"768\" height=\"1024\" data-id=\"2449\" src=\"https:\/\/d2t31hwrov8bve.cloudfront.net\/wp-content\/uploads\/sites\/3\/2024\/03\/27162213\/valget-av-gjenbruk-var-suverent-mitt-eget-6-768x1024.jpg\" alt=\"Valget av gjenbruk var suverent mitt eget 5\" class=\"wp-image-2449\" srcset=\"https:\/\/d2t31hwrov8bve.cloudfront.net\/wp-content\/uploads\/sites\/3\/2024\/03\/27162213\/valget-av-gjenbruk-var-suverent-mitt-eget-6-768x1024.jpg 768w, https:\/\/d2t31hwrov8bve.cloudfront.net\/wp-content\/uploads\/sites\/3\/2024\/03\/27162213\/valget-av-gjenbruk-var-suverent-mitt-eget-6-225x300.jpg 225w, https:\/\/d2t31hwrov8bve.cloudfront.net\/wp-content\/uploads\/sites\/3\/2024\/03\/27162213\/valget-av-gjenbruk-var-suverent-mitt-eget-6-1152x1536.jpg 1152w, https:\/\/d2t31hwrov8bve.cloudfront.net\/wp-content\/uploads\/sites\/3\/2024\/03\/27162213\/valget-av-gjenbruk-var-suverent-mitt-eget-6-1536x2048.jpg 1536w, https:\/\/d2t31hwrov8bve.cloudfront.net\/wp-content\/uploads\/sites\/3\/2024\/03\/27162213\/valget-av-gjenbruk-var-suverent-mitt-eget-6-scaled.jpg 1920w\" sizes=\"auto, (max-width: 768px) 100vw, 768px\" \/><figcaption class=\"wp-element-caption\">Litt mer eksotisk p\u00e5 ordf\u00f8rerkontoret? \ud83d\ude42<\/figcaption><\/figure>\n\n\n\n<figure class=\"wp-block-image size-large\"><img loading=\"lazy\" decoding=\"async\" width=\"768\" height=\"1024\" data-id=\"2450\" src=\"https:\/\/d2t31hwrov8bve.cloudfront.net\/wp-content\/uploads\/sites\/3\/2024\/03\/27162212\/valget-av-gjenbruk-var-suverent-mitt-eget-7-768x1024.jpg\" alt=\"Valget av gjenbruk var suverent mitt eget 6\" class=\"wp-image-2450\" srcset=\"https:\/\/d2t31hwrov8bve.cloudfront.net\/wp-content\/uploads\/sites\/3\/2024\/03\/27162212\/valget-av-gjenbruk-var-suverent-mitt-eget-7-768x1024.jpg 768w, https:\/\/d2t31hwrov8bve.cloudfront.net\/wp-content\/uploads\/sites\/3\/2024\/03\/27162212\/valget-av-gjenbruk-var-suverent-mitt-eget-7-225x300.jpg 225w, https:\/\/d2t31hwrov8bve.cloudfront.net\/wp-content\/uploads\/sites\/3\/2024\/03\/27162212\/valget-av-gjenbruk-var-suverent-mitt-eget-7-1152x1536.jpg 1152w, https:\/\/d2t31hwrov8bve.cloudfront.net\/wp-content\/uploads\/sites\/3\/2024\/03\/27162212\/valget-av-gjenbruk-var-suverent-mitt-eget-7-1536x2048.jpg 1536w, https:\/\/d2t31hwrov8bve.cloudfront.net\/wp-content\/uploads\/sites\/3\/2024\/03\/27162212\/valget-av-gjenbruk-var-suverent-mitt-eget-7-scaled.jpg 1920w\" sizes=\"auto, (max-width: 768px) 100vw, 768px\" \/><figcaption class=\"wp-element-caption\">Ny ordf\u00f8rer i gjenbrukt sofa. <\/figcaption><\/figure>\n<\/figure>\n<\/div>\n<\/div>\n\n\n\n<p>BrukOm fikk foresp\u00f8rselen om \u00e5 finne matchende m\u00f8bler til bordene som allerede sto p\u00e5 kontoret  mot slutten av 2023. De ansatte p\u00e5 BrukOm satte i gang \u00e5 samle interi\u00f8r som ble levert p\u00e5 ordf\u00f8rerens kontor i januar i \u00e5r.<\/p>\n\n\n\n<p><strong>&#8211; Hva tenker du om at du m\u00e5tte vente litt f\u00f8r du fikk noe som passet?<\/strong><\/p>\n\n\n\n<p>&#8211; Det gjorde meg ingenting. For det f\u00f8rste s\u00e5 hadde jeg m\u00f8bler som fungerte. For det andre: n\u00e5r det kom, s\u00e5 ble det til det bedre. Vi var enige om at det m\u00e5tte letes, og det m\u00e5tte finnes, og det var ikke sikkert at det ville komme med en gang. Dere fikk en spesiell bestilling, om matchende m\u00f8bler til bordene som skulle st\u00e5, men det gikk veldig bra.<\/p>\n\n\n\n<p><strong>&#8211; Tror du det er mulig \u00e5 f\u00e5 bedrifter til \u00e5 integrere ombruk i sin forretningsmodell eller er det et luftslott?<\/strong><\/p>\n\n\n\n<p>&#8211; Det er umiddelbart to ting jeg tenker p\u00e5. Det ene er bevisstgj\u00f8ringen. Jo flere som blir bevisst rundt at dette er en mulig og farbar vei, og en vel s\u00e5 bra vei, jo bedre\u2026 ogs\u00e5 med \u00e5 ta ned forbruk, ta ned produksjon, alle disse ringvirkningene av \u00e5 kj\u00f8pe nytt. Pluss at prisen er mer fordelaktig enn \u00e5 kj\u00f8pe helt nytt, sier Ranum. <\/p>\n\n\n\n<p>&#8211; \u00c5 spare penger og milj\u00f8 &#8211; og \u00e5 \u00f8ke bevisstheten rundt gjenbruk &#8211; uansett hvilken \u00f8konomi og forutsetninger du har &#8211; er en veldig god kombinasjon. Jeg blir overrasket om dette ikke er en farbar vei \u2013 og vel s\u00e5 det! sier Ranum med overbevisning. <\/p>\n\n\n\n<blockquote class=\"wp-block-quote is-layout-flow wp-block-quote-is-layout-flow\">\n<figure class=\"wp-block-gallery has-nested-images columns-default is-cropped wp-block-gallery-3 is-layout-flex wp-block-gallery-is-layout-flex\">\n<figure class=\"wp-block-image size-large\"><img loading=\"lazy\" decoding=\"async\" width=\"1024\" height=\"768\" data-id=\"2445\" src=\"https:\/\/d2t31hwrov8bve.cloudfront.net\/wp-content\/uploads\/sites\/3\/2024\/03\/27162216\/valget-av-gjenbruk-var-suverent-mitt-eget-2-1024x768.jpg\" alt=\"Valget av gjenbruk var suverent mitt eget 1\" class=\"wp-image-2445\" srcset=\"https:\/\/d2t31hwrov8bve.cloudfront.net\/wp-content\/uploads\/sites\/3\/2024\/03\/27162216\/valget-av-gjenbruk-var-suverent-mitt-eget-2-1024x768.jpg 1024w, https:\/\/d2t31hwrov8bve.cloudfront.net\/wp-content\/uploads\/sites\/3\/2024\/03\/27162216\/valget-av-gjenbruk-var-suverent-mitt-eget-2-300x225.jpg 300w, https:\/\/d2t31hwrov8bve.cloudfront.net\/wp-content\/uploads\/sites\/3\/2024\/03\/27162216\/valget-av-gjenbruk-var-suverent-mitt-eget-2-1536x1152.jpg 1536w, https:\/\/d2t31hwrov8bve.cloudfront.net\/wp-content\/uploads\/sites\/3\/2024\/03\/27162216\/valget-av-gjenbruk-var-suverent-mitt-eget-2-2048x1536.jpg 2048w\" sizes=\"auto, (max-width: 1024px) 100vw, 1024px\" \/><figcaption class=\"wp-element-caption\">Det er viktig \u00e5 \u00f8ke bevisstheten rundt ombruk<\/figcaption><\/figure>\n<\/figure>\n<\/blockquote>\n\n\n\n<blockquote class=\"wp-block-quote is-layout-flow wp-block-quote-is-layout-flow\">\n\n<\/blockquote>\n\n\n\n<p>&#8211; Vi m\u00e5 f\u00e5 \u00f8kt bevisstheten rundt det, blant beslutningstakere i bedriftene og blant privatpersoner. Og det er jo p\u00e5 full fart fremover! <\/p>\n\n\n\n<p>Ranum opplever at yngre generasjoner er langt mer bevisste. <\/p>\n\n\n\n<p>&#8211; Vi ser det blant annet p\u00e5 attraktiviteten rundt det \u00e5 ha eller ikke ha f\u00f8rerkort, behovet for \u00e5 kj\u00f8re bil. Fokuset rundt \u00e5 reise alternativt, ikke reise i det hele tatt. Fritidsaktiviteter og gjenbruk.<\/p>\n\n\n\n<p>Selv vokste han opp som eldst av fire gutter og fikk for det meste nye kl\u00e6r.<\/p>\n\n\n\n<p>&#8211; Men sp\u00f8r mine tre sm\u00e5br\u00f8dre, s\u00e6rlig sistemann, han som hadde det etter at vi tre andre hadde brukt det\u2026han vokste heldigvis opp i en tid da det var moderne at det var hull i kl\u00e6rne&#8230; Arv av kl\u00e6r var helt naturlig. <\/p>\n\n\n\n<p><strong>&#8211; I dag ligger vi i forbrukstoppen. Hvordan kan vi formidlet dette til barn og ungdom n\u00e5r de er vant til s\u00e5 h\u00f8yt forbruk lenge f\u00f8r de flytter for seg selv?<\/strong><\/p>\n\n\n\n<p>&#8211; Mye dreier seg b\u00e5de om oppveksten hjemmefra, deres egen heim med foreldre og s\u00f8sken \u2013 men ogs\u00e5 skolen, utdanning. Der ser vi jo en dreining i hva de l\u00e6rer p\u00e5 skolen over p\u00e5 mer sirkul\u00e6r\u00f8konomi, gjenbruk, b\u00e6rekraft, FNs b\u00e6rekraftsm\u00e5l. <\/p>\n\n\n\n<p>Han har selv v\u00e6rt mentor, veileder og jurymedlem i Ungt Entrepren\u00f8rskap for ungdomsskoleelever i Trondheim i flere runder. Han har latt seg imponere over hvordan elevene jobber med ulike sp\u00f8rsm\u00e5l om hvordan kan vi utvikle samfunnet v\u00e5rt til \u00e5 bli mer b\u00e6rekraftig.<\/p>\n\n\n\n<p>&#8211; De er flinke,  bevisste, kreative og utrolig l\u00f8sningsorienterte. Ungdommen finner nye lure l\u00f8sninger p\u00e5 s\u00e5 mye, for de har ikke l\u00e6rt seg \u00e5 se de hindrene som vi ser. De ser ingen risikoaspekt, ingen investeringsrisiko og heller ingen hinder ellers, s\u00e5 det er knall, sier ordf\u00f8reren begeistret.<\/p>\n\n\n\n<p>&#8211; Vi st\u00e5r p\u00e5 en m\u00e5te i et veiskille n\u00e5, alts\u00e5 et gjennombrudd, for at det blir et enormt generasjonskl\u00f8ft mellom dagens 70-80 \u00e5ringer og dagens 18-25 \u00e5ringer: &nbsp;Hva er en perfekt verden og hva trenger du for \u00e5 ha et godt liv? Det er to helt forskjellige svar, og den forskjellen har \u00f8kt veldig. Den yngre generasjonen har en helt annen tiln\u00e6rming, sier Ranum.<\/p>\n\n\n\n<p><strong>&#8211; Kjenner du til noen innovative prosjekter eller organisasjoner som jobber med ombruk, som du vil fremsnakke?<\/strong><\/p>\n\n\n\n<p>&#8211; Gjenbrukslageret til Trondheim kommune holder til p\u00e5 Nyhavna sammen med dere, og jeg har v\u00e6rt der og kikket. Omr\u00e5det vil bli enda mer attraktivt og sentralt fremover. Dere i BrukOm m\u00e5 ogs\u00e5 satse p\u00e5 \u00e5 f\u00e5 flere slike stasjoner. Frivillighetssentraler har jeg bes\u00f8kt, blant annet Bua p\u00e5 Leangen. Dit kommer det internasjonale studenter for \u00e5 l\u00e5ne skiutstyr, men ogs\u00e5 barnefamilier med ulike bakgrunner. I stedet for \u00e5 kj\u00f8pe utstyr til skidagen, ski som blir st\u00e5ende i garasjen resten av tiden, s\u00e5 drar de dit og f\u00e5r l\u00e5ne gratis ski, truger, telt. Skolene har ogs\u00e5 en stor rolle for \u00e5 f\u00e5 vekket den neste generasjonen og til \u00e5 ha et helt annet fokus p\u00e5 b\u00e6rekraft.<\/p>\n\n\n\n<blockquote class=\"wp-block-quote is-layout-flow wp-block-quote-is-layout-flow\">\n<p>&#8211; <strong>S\u00e5 det er frivilligheten som har imponert meg n\u00e5r det kommer til mulighetene for \u00e5 bevisstgj\u00f8re og tilby l\u00f8sninger som er mer b\u00e6rekraftige, sier Ranum.<\/strong><\/p>\n\n\n\n<p>Han er ogs\u00e5 sv\u00e6rt opptatt av de over 40 000 studentene som bor i Trondheim <\/p>\n<\/blockquote>\n\n\n\n<p>&#8211; Frivilligheten er viktig, og jeg har jo god kontakt med Studentersamfunnet, Velferdstinget, NTNU, Samskipnaden. Mange er tilreisende og blir sittende alene, spesielt under pandemien, men ogs\u00e5 n\u00e5. Det vi opplever at de beskriver, er at de p\u00e5 en m\u00e5te er i en boble hvor alt er studentrelatert. Det de \u00f8nsker seg er jo en annen arena utenfor studentlivet for \u00e5 f\u00e5 en rot til, da til \u00e5 bli tr\u00f8nder og trondheimer etter hvert. \u00c5 f\u00e5 opplevd mennesker og milj\u00f8er som ikke har noe med studielivet sitt \u00e5 gj\u00f8re. Der har vi egentlig et felles ansvar, s\u00e5 fra v\u00e5r side m\u00e5 vi f\u00e5 mer fart p\u00e5 b\u00e5de det strategiske samarbeidsforumet, med NTNU, Sintef, kommunen, men ogs\u00e5 med n\u00e6ringsliv, frivilligheten da og egen virksomhet, hvor Trondheim Renholdsverk kommer under. Vi er jo en stor arbeidsgiver i kommunen og det \u00e5 f\u00e5 \u00e5pnet opp v\u00e5re d\u00f8rer, for \u00e5 slippe inn de som har lyst til \u00e5 oppleve noe annet enn boblen de sitter i hver dag, er et viktig ansvar.<\/p>\n\n\n\n<figure class=\"wp-block-gallery has-nested-images columns-default is-cropped wp-block-gallery-4 is-layout-flex wp-block-gallery-is-layout-flex\">\n<figure class=\"wp-block-image size-large\"><img loading=\"lazy\" decoding=\"async\" width=\"1024\" height=\"983\" data-id=\"2446\" src=\"https:\/\/d2t31hwrov8bve.cloudfront.net\/wp-content\/uploads\/sites\/3\/2024\/03\/27162215\/valget-av-gjenbruk-var-suverent-mitt-eget-3-1024x983.jpg\" alt=\"Valget av gjenbruk var suverent mitt eget 2\" class=\"wp-image-2446\" srcset=\"https:\/\/d2t31hwrov8bve.cloudfront.net\/wp-content\/uploads\/sites\/3\/2024\/03\/27162215\/valget-av-gjenbruk-var-suverent-mitt-eget-3-1024x983.jpg 1024w, https:\/\/d2t31hwrov8bve.cloudfront.net\/wp-content\/uploads\/sites\/3\/2024\/03\/27162215\/valget-av-gjenbruk-var-suverent-mitt-eget-3-300x288.jpg 300w, https:\/\/d2t31hwrov8bve.cloudfront.net\/wp-content\/uploads\/sites\/3\/2024\/03\/27162215\/valget-av-gjenbruk-var-suverent-mitt-eget-3-1536x1474.jpg 1536w, https:\/\/d2t31hwrov8bve.cloudfront.net\/wp-content\/uploads\/sites\/3\/2024\/03\/27162215\/valget-av-gjenbruk-var-suverent-mitt-eget-3-2048x1966.jpg 2048w\" sizes=\"auto, (max-width: 1024px) 100vw, 1024px\" \/><figcaption class=\"wp-element-caption\">Ombruk er viktig <\/figcaption><\/figure>\n<\/figure>\n\n\n\n<p><strong>&#8211; Da er v\u00e5r tilm\u00e5lte halvtime straks brukt opp! Handler du selv p\u00e5 Finn eller lignende steder? <\/strong><\/p>\n\n\n\n<p>&#8211; Nei, jeg har ikke handlet noe p\u00e5 Finn.no, men vi har kvittet oss med veldig mye p\u00e5 Finn, og det skal ikke jeg ha noen spesielle kred for alts\u00e5. Det er det er det kona som har \u00e6ren for! <\/p>\n\n\n\n<p>Han forteller at da barna i familien var mindre gikk det i ski og sykler. Kl\u00e6r med bruksverdi ble fordelt blant yngre nev\u00f8er og nieser. Og n\u00e5r familien har byttet boliger har det meste g\u00e5tt p\u00e5 Finn til en rimelig penge.<\/p>\n\n\n\n<p>&#8211;  Jeg har ikke v\u00e6rt oppe p\u00e5 gjenvinningsstasjonen hos dere p\u00e5 Heggstadmoen, ikke engang med hageavfall \u2013 men p\u00e5 BrukOm p\u00e5 Nyhavna har jeg v\u00e6rt og tittet i flere runder. Det burde v\u00e6rt flere slike utsalg i byen, gjerne kombinert med beslektet virksomhet som kan l\u00e5ne ut, sette i stand eller pusse opp varer som kommer. Det ville v\u00e6re en god utvikling.<\/p>\n\n\n\n<figure class=\"wp-block-gallery has-nested-images columns-default is-cropped wp-block-gallery-5 is-layout-flex wp-block-gallery-is-layout-flex\">\n<figure class=\"wp-block-image size-large\"><img loading=\"lazy\" decoding=\"async\" width=\"768\" height=\"1024\" data-id=\"2447\" src=\"https:\/\/d2t31hwrov8bve.cloudfront.net\/wp-content\/uploads\/sites\/3\/2024\/03\/27162214\/valget-av-gjenbruk-var-suverent-mitt-eget-4-768x1024.jpg\" alt=\"Valget av gjenbruk var suverent mitt eget 3\" class=\"wp-image-2447\" srcset=\"https:\/\/d2t31hwrov8bve.cloudfront.net\/wp-content\/uploads\/sites\/3\/2024\/03\/27162214\/valget-av-gjenbruk-var-suverent-mitt-eget-4-768x1024.jpg 768w, https:\/\/d2t31hwrov8bve.cloudfront.net\/wp-content\/uploads\/sites\/3\/2024\/03\/27162214\/valget-av-gjenbruk-var-suverent-mitt-eget-4-225x300.jpg 225w, https:\/\/d2t31hwrov8bve.cloudfront.net\/wp-content\/uploads\/sites\/3\/2024\/03\/27162214\/valget-av-gjenbruk-var-suverent-mitt-eget-4-1152x1536.jpg 1152w, https:\/\/d2t31hwrov8bve.cloudfront.net\/wp-content\/uploads\/sites\/3\/2024\/03\/27162214\/valget-av-gjenbruk-var-suverent-mitt-eget-4-1536x2048.jpg 1536w, https:\/\/d2t31hwrov8bve.cloudfront.net\/wp-content\/uploads\/sites\/3\/2024\/03\/27162214\/valget-av-gjenbruk-var-suverent-mitt-eget-4-scaled.jpg 1920w\" sizes=\"auto, (max-width: 768px) 100vw, 768px\" \/><\/figure>\n\n\n\n<figure class=\"wp-block-image size-large\"><img loading=\"lazy\" decoding=\"async\" width=\"768\" height=\"1024\" data-id=\"2448\" src=\"https:\/\/d2t31hwrov8bve.cloudfront.net\/wp-content\/uploads\/sites\/3\/2024\/03\/27162214\/valget-av-gjenbruk-var-suverent-mitt-eget-5-768x1024.jpg\" alt=\"Valget av gjenbruk var suverent mitt eget 4\" class=\"wp-image-2448\" srcset=\"https:\/\/d2t31hwrov8bve.cloudfront.net\/wp-content\/uploads\/sites\/3\/2024\/03\/27162214\/valget-av-gjenbruk-var-suverent-mitt-eget-5-768x1024.jpg 768w, https:\/\/d2t31hwrov8bve.cloudfront.net\/wp-content\/uploads\/sites\/3\/2024\/03\/27162214\/valget-av-gjenbruk-var-suverent-mitt-eget-5-225x300.jpg 225w, https:\/\/d2t31hwrov8bve.cloudfront.net\/wp-content\/uploads\/sites\/3\/2024\/03\/27162214\/valget-av-gjenbruk-var-suverent-mitt-eget-5-1152x1536.jpg 1152w, https:\/\/d2t31hwrov8bve.cloudfront.net\/wp-content\/uploads\/sites\/3\/2024\/03\/27162214\/valget-av-gjenbruk-var-suverent-mitt-eget-5-1536x2048.jpg 1536w, https:\/\/d2t31hwrov8bve.cloudfront.net\/wp-content\/uploads\/sites\/3\/2024\/03\/27162214\/valget-av-gjenbruk-var-suverent-mitt-eget-5-scaled.jpg 1920w\" sizes=\"auto, (max-width: 768px) 100vw, 768px\" \/><\/figure>\n<\/figure>\n\n\n\n<p><strong>&#8211; Vi hadde lyst til \u00e5 gi deg en liten p\u00e5skegave, fra BrukOm selvf\u00f8lgelig&#8230;<\/strong><\/p>\n\n\n\n<p>Butikkleder Janne R\u00f8dsten finner frem spillet &laquo;Stor i kjeften&raquo;. Da smeller det fra Ranum:<\/p>\n\n\n\n<p>&#8211; Ka\u2019 kainn vi ta me te hainn der? Ska vi sj\u00e5 \u2013 intelligent? Nei. Sporty? Nei. Stor i kjeften? Ja! Familien kommer til \u00e5 flire godt av denne. Takk! <\/p>\n\n\n\n<figure class=\"wp-block-gallery has-nested-images columns-default is-cropped wp-block-gallery-6 is-layout-flex wp-block-gallery-is-layout-flex\">\n<figure class=\"wp-block-image size-large\"><img loading=\"lazy\" decoding=\"async\" width=\"1024\" height=\"576\" data-id=\"2452\" src=\"https:\/\/d2t31hwrov8bve.cloudfront.net\/wp-content\/uploads\/sites\/3\/2024\/03\/27162211\/valget-av-gjenbruk-var-suverent-mitt-eget-9-1024x576.jpg\" alt=\"Valget av gjenbruk var suverent mitt eget 8\" class=\"wp-image-2452\" srcset=\"https:\/\/d2t31hwrov8bve.cloudfront.net\/wp-content\/uploads\/sites\/3\/2024\/03\/27162211\/valget-av-gjenbruk-var-suverent-mitt-eget-9-1024x576.jpg 1024w, https:\/\/d2t31hwrov8bve.cloudfront.net\/wp-content\/uploads\/sites\/3\/2024\/03\/27162211\/valget-av-gjenbruk-var-suverent-mitt-eget-9-300x169.jpg 300w, https:\/\/d2t31hwrov8bve.cloudfront.net\/wp-content\/uploads\/sites\/3\/2024\/03\/27162211\/valget-av-gjenbruk-var-suverent-mitt-eget-9-1536x864.jpg 1536w, https:\/\/d2t31hwrov8bve.cloudfront.net\/wp-content\/uploads\/sites\/3\/2024\/03\/27162211\/valget-av-gjenbruk-var-suverent-mitt-eget-9.jpg 2048w\" sizes=\"auto, (max-width: 1024px) 100vw, 1024px\" \/><figcaption class=\"wp-element-caption\">Lykke til med nye oppgaver!<\/figcaption><\/figure>\n<\/figure>\n\n\n\n<div class=\"wp-block-group\"><div class=\"wp-block-group__inner-container is-layout-constrained wp-block-group-is-layout-constrained\"><\/div><\/div>\n","protected":false},"excerpt":{"rendered":"<p>Da Kent Ranum overtok kontoret som tidligere ordf\u00f8rer Rita Ottervik hadde hatt i 20 \u00e5r, tok han det originale valget \u00e5 fornye det med ombruk av m\u00f8bler. M\u00f8blene han n\u00e5 har f\u00e5tt, kommer faktisk fra husstander i Trondheim kommune \u2013 og er levert inn p\u00e5 Heggstadmoen gjenvinningsstasjon.<\/p>\n","protected":false},"author":7,"featured_media":2491,"comment_status":"closed","ping_status":"closed","sticky":true,"template":"","format":"standard","meta":{"_acf_changed":false,"inline_featured_image":false,"video_field":"","footnotes":""},"categories":[3,2,1],"tags":[],"class_list":["post-2443","post","type-post","status-publish","format-standard","has-post-thumbnail","hentry","category-brukom","category-gjenvinningsstasjonen","category-ukategorisert"],"yoast_head":"<!-- This site is optimized with the Yoast SEO plugin v27.3 - https:\/\/yoast.com\/product\/yoast-seo-wordpress\/ -->\n<title>- Valget av ombruk var suverent mitt eget, sier ordf\u00f8rer Kent Ranum - R\u00e5stoff<\/title>\n<meta name=\"robots\" content=\"index, follow, max-snippet:-1, max-image-preview:large, max-video-preview:-1\" \/>\n<link rel=\"canonical\" href=\"https:\/\/trv.no\/rastoff\/valget-av-ombruk-var-suverent-mitt-eget-sier-ordforer-kent-ranum\/\" \/>\n<meta property=\"og:locale\" content=\"nb_NO\" \/>\n<meta property=\"og:type\" content=\"article\" \/>\n<meta property=\"og:title\" content=\"- Valget av ombruk var suverent mitt eget, sier ordf\u00f8rer Kent Ranum - R\u00e5stoff\" \/>\n<meta property=\"og:description\" content=\"Da Kent Ranum overtok kontoret som tidligere ordf\u00f8rer Rita Ottervik hadde hatt i 20 \u00e5r, tok han det originale valget \u00e5 fornye det med ombruk av m\u00f8bler. M\u00f8blene han n\u00e5 har f\u00e5tt, kommer faktisk fra husstander i Trondheim kommune \u2013 og er levert inn p\u00e5 Heggstadmoen gjenvinningsstasjon.\" \/>\n<meta property=\"og:url\" content=\"https:\/\/trv.no\/rastoff\/valget-av-ombruk-var-suverent-mitt-eget-sier-ordforer-kent-ranum\/\" \/>\n<meta property=\"og:site_name\" content=\"R\u00e5stoff\" \/>\n<meta property=\"article:published_time\" content=\"2024-03-30T08:39:24+00:00\" \/>\n<meta property=\"article:modified_time\" content=\"2025-12-17T15:01:43+00:00\" \/>\n<meta property=\"og:image\" content=\"https:\/\/d2t31hwrov8bve.cloudfront.net\/wp-content\/uploads\/sites\/3\/2024\/03\/12094914\/valget-av-ombruk-var-suverent-mitt-eget-sier-ordforer-kent-ranum-2-scaled-e1712153926455.jpg\" \/>\n\t<meta property=\"og:image:width\" content=\"1582\" \/>\n\t<meta property=\"og:image:height\" content=\"981\" \/>\n\t<meta property=\"og:image:type\" content=\"image\/jpeg\" \/>\n<meta name=\"author\" content=\"Tone K. Berg\" \/>\n<meta name=\"twitter:card\" content=\"summary_large_image\" \/>\n<meta name=\"twitter:label1\" content=\"Skrevet av\" \/>\n\t<meta name=\"twitter:data1\" content=\"Tone K. Berg\" \/>\n\t<meta name=\"twitter:label2\" content=\"Ansl. lesetid\" \/>\n\t<meta name=\"twitter:data2\" content=\"11 minutter\" \/>\n<script type=\"application\/ld+json\" class=\"yoast-schema-graph\">{\"@context\":\"https:\\\/\\\/schema.org\",\"@graph\":[{\"@type\":\"Article\",\"@id\":\"https:\\\/\\\/trv.no\\\/rastoff\\\/valget-av-ombruk-var-suverent-mitt-eget-sier-ordforer-kent-ranum\\\/#article\",\"isPartOf\":{\"@id\":\"https:\\\/\\\/trv.no\\\/rastoff\\\/valget-av-ombruk-var-suverent-mitt-eget-sier-ordforer-kent-ranum\\\/\"},\"author\":{\"name\":\"Tone K. Berg\",\"@id\":\"https:\\\/\\\/trv.no\\\/rastoff\\\/#\\\/schema\\\/person\\\/2274c89de40e6acd8f865ba63cd0a14f\"},\"headline\":\"&#8211; Valget av ombruk var suverent mitt eget, sier ordf\u00f8rer Kent Ranum\",\"datePublished\":\"2024-03-30T08:39:24+00:00\",\"dateModified\":\"2025-12-17T15:01:43+00:00\",\"mainEntityOfPage\":{\"@id\":\"https:\\\/\\\/trv.no\\\/rastoff\\\/valget-av-ombruk-var-suverent-mitt-eget-sier-ordforer-kent-ranum\\\/\"},\"wordCount\":1743,\"publisher\":{\"@id\":\"https:\\\/\\\/trv.no\\\/rastoff\\\/#organization\"},\"image\":{\"@id\":\"https:\\\/\\\/trv.no\\\/rastoff\\\/valget-av-ombruk-var-suverent-mitt-eget-sier-ordforer-kent-ranum\\\/#primaryimage\"},\"thumbnailUrl\":\"https:\\\/\\\/d2t31hwrov8bve.cloudfront.net\\\/wp-content\\\/uploads\\\/sites\\\/3\\\/2024\\\/03\\\/27162208\\\/valget-av-ombruk-var-suverent-mitt-eget-sier-ordforer-kent-ranum-2-scaled-e1712153926455.jpg\",\"articleSection\":[\"BrukOM\",\"Gjenvinningsstasjonen\"],\"inLanguage\":\"nb-NO\"},{\"@type\":\"WebPage\",\"@id\":\"https:\\\/\\\/trv.no\\\/rastoff\\\/valget-av-ombruk-var-suverent-mitt-eget-sier-ordforer-kent-ranum\\\/\",\"url\":\"https:\\\/\\\/trv.no\\\/rastoff\\\/valget-av-ombruk-var-suverent-mitt-eget-sier-ordforer-kent-ranum\\\/\",\"name\":\"- Valget av ombruk var suverent mitt eget, sier ordf\u00f8rer Kent Ranum - R\u00e5stoff\",\"isPartOf\":{\"@id\":\"https:\\\/\\\/trv.no\\\/rastoff\\\/#website\"},\"primaryImageOfPage\":{\"@id\":\"https:\\\/\\\/trv.no\\\/rastoff\\\/valget-av-ombruk-var-suverent-mitt-eget-sier-ordforer-kent-ranum\\\/#primaryimage\"},\"image\":{\"@id\":\"https:\\\/\\\/trv.no\\\/rastoff\\\/valget-av-ombruk-var-suverent-mitt-eget-sier-ordforer-kent-ranum\\\/#primaryimage\"},\"thumbnailUrl\":\"https:\\\/\\\/d2t31hwrov8bve.cloudfront.net\\\/wp-content\\\/uploads\\\/sites\\\/3\\\/2024\\\/03\\\/27162208\\\/valget-av-ombruk-var-suverent-mitt-eget-sier-ordforer-kent-ranum-2-scaled-e1712153926455.jpg\",\"datePublished\":\"2024-03-30T08:39:24+00:00\",\"dateModified\":\"2025-12-17T15:01:43+00:00\",\"breadcrumb\":{\"@id\":\"https:\\\/\\\/trv.no\\\/rastoff\\\/valget-av-ombruk-var-suverent-mitt-eget-sier-ordforer-kent-ranum\\\/#breadcrumb\"},\"inLanguage\":\"nb-NO\",\"potentialAction\":[{\"@type\":\"ReadAction\",\"target\":[\"https:\\\/\\\/trv.no\\\/rastoff\\\/valget-av-ombruk-var-suverent-mitt-eget-sier-ordforer-kent-ranum\\\/\"]}]},{\"@type\":\"ImageObject\",\"inLanguage\":\"nb-NO\",\"@id\":\"https:\\\/\\\/trv.no\\\/rastoff\\\/valget-av-ombruk-var-suverent-mitt-eget-sier-ordforer-kent-ranum\\\/#primaryimage\",\"url\":\"https:\\\/\\\/d2t31hwrov8bve.cloudfront.net\\\/wp-content\\\/uploads\\\/sites\\\/3\\\/2024\\\/03\\\/27162208\\\/valget-av-ombruk-var-suverent-mitt-eget-sier-ordforer-kent-ranum-2-scaled-e1712153926455.jpg\",\"contentUrl\":\"https:\\\/\\\/d2t31hwrov8bve.cloudfront.net\\\/wp-content\\\/uploads\\\/sites\\\/3\\\/2024\\\/03\\\/27162208\\\/valget-av-ombruk-var-suverent-mitt-eget-sier-ordforer-kent-ranum-2-scaled-e1712153926455.jpg\",\"width\":1582,\"height\":981,\"caption\":\"Valget av ombruk var suverent mitt eget, sier ordf\u00f8rer Kent Ranum 1\"},{\"@type\":\"BreadcrumbList\",\"@id\":\"https:\\\/\\\/trv.no\\\/rastoff\\\/valget-av-ombruk-var-suverent-mitt-eget-sier-ordforer-kent-ranum\\\/#breadcrumb\",\"itemListElement\":[{\"@type\":\"ListItem\",\"position\":1,\"name\":\"Hjem\",\"item\":\"https:\\\/\\\/trv.no\\\/rastoff\\\/\"},{\"@type\":\"ListItem\",\"position\":2,\"name\":\"&#8211; Valget av ombruk var suverent mitt eget, sier ordf\u00f8rer Kent Ranum\"}]},{\"@type\":\"WebSite\",\"@id\":\"https:\\\/\\\/trv.no\\\/rastoff\\\/#website\",\"url\":\"https:\\\/\\\/trv.no\\\/rastoff\\\/\",\"name\":\"R\u00e5stoff\",\"description\":\"Bare enda et Trondheim Renholdsverk nettsteder-nettsted\",\"publisher\":{\"@id\":\"https:\\\/\\\/trv.no\\\/rastoff\\\/#organization\"},\"potentialAction\":[{\"@type\":\"SearchAction\",\"target\":{\"@type\":\"EntryPoint\",\"urlTemplate\":\"https:\\\/\\\/trv.no\\\/rastoff\\\/?s={search_term_string}\"},\"query-input\":{\"@type\":\"PropertyValueSpecification\",\"valueRequired\":true,\"valueName\":\"search_term_string\"}}],\"inLanguage\":\"nb-NO\"},{\"@type\":\"Organization\",\"@id\":\"https:\\\/\\\/trv.no\\\/rastoff\\\/#organization\",\"name\":\"TRV\",\"url\":\"https:\\\/\\\/trv.no\\\/rastoff\\\/\",\"logo\":{\"@type\":\"ImageObject\",\"inLanguage\":\"nb-NO\",\"@id\":\"https:\\\/\\\/trv.no\\\/rastoff\\\/#\\\/schema\\\/logo\\\/image\\\/\",\"url\":\"https:\\\/\\\/d2t31hwrov8bve.cloudfront.net\\\/wp-content\\\/uploads\\\/sites\\\/3\\\/2019\\\/08\\\/27162735\\\/trvlogo-1.png\",\"contentUrl\":\"https:\\\/\\\/d2t31hwrov8bve.cloudfront.net\\\/wp-content\\\/uploads\\\/sites\\\/3\\\/2019\\\/08\\\/27162735\\\/trvlogo-1.png\",\"width\":579,\"height\":192,\"caption\":\"TRV\"},\"image\":{\"@id\":\"https:\\\/\\\/trv.no\\\/rastoff\\\/#\\\/schema\\\/logo\\\/image\\\/\"}},{\"@type\":\"Person\",\"@id\":\"https:\\\/\\\/trv.no\\\/rastoff\\\/#\\\/schema\\\/person\\\/2274c89de40e6acd8f865ba63cd0a14f\",\"name\":\"Tone K. Berg\",\"image\":{\"@type\":\"ImageObject\",\"inLanguage\":\"nb-NO\",\"@id\":\"https:\\\/\\\/secure.gravatar.com\\\/avatar\\\/0c20386505dde641ddabe135150b2e8ad50e0526f619ceb70df9c724034007d5?s=96&d=mm&r=g\",\"url\":\"https:\\\/\\\/secure.gravatar.com\\\/avatar\\\/0c20386505dde641ddabe135150b2e8ad50e0526f619ceb70df9c724034007d5?s=96&d=mm&r=g\",\"contentUrl\":\"https:\\\/\\\/secure.gravatar.com\\\/avatar\\\/0c20386505dde641ddabe135150b2e8ad50e0526f619ceb70df9c724034007d5?s=96&d=mm&r=g\",\"caption\":\"Tone K. Berg\"},\"url\":\"https:\\\/\\\/trv.no\\\/rastoff\\\/author\\\/tone-k-berg\\\/\"}]}<\/script>\n<!-- \/ Yoast SEO plugin. -->","yoast_head_json":{"title":"- Valget av ombruk var suverent mitt eget, sier ordf\u00f8rer Kent Ranum - R\u00e5stoff","robots":{"index":"index","follow":"follow","max-snippet":"max-snippet:-1","max-image-preview":"max-image-preview:large","max-video-preview":"max-video-preview:-1"},"canonical":"https:\/\/trv.no\/rastoff\/valget-av-ombruk-var-suverent-mitt-eget-sier-ordforer-kent-ranum\/","og_locale":"nb_NO","og_type":"article","og_title":"- Valget av ombruk var suverent mitt eget, sier ordf\u00f8rer Kent Ranum - R\u00e5stoff","og_description":"Da Kent Ranum overtok kontoret som tidligere ordf\u00f8rer Rita Ottervik hadde hatt i 20 \u00e5r, tok han det originale valget \u00e5 fornye det med ombruk av m\u00f8bler. M\u00f8blene han n\u00e5 har f\u00e5tt, kommer faktisk fra husstander i Trondheim kommune \u2013 og er levert inn p\u00e5 Heggstadmoen gjenvinningsstasjon.","og_url":"https:\/\/trv.no\/rastoff\/valget-av-ombruk-var-suverent-mitt-eget-sier-ordforer-kent-ranum\/","og_site_name":"R\u00e5stoff","article_published_time":"2024-03-30T08:39:24+00:00","article_modified_time":"2025-12-17T15:01:43+00:00","og_image":[{"width":1582,"height":981,"url":"https:\/\/d2t31hwrov8bve.cloudfront.net\/wp-content\/uploads\/sites\/3\/2024\/03\/12094914\/valget-av-ombruk-var-suverent-mitt-eget-sier-ordforer-kent-ranum-2-scaled-e1712153926455.jpg","type":"image\/jpeg"}],"author":"Tone K. Berg","twitter_card":"summary_large_image","twitter_misc":{"Skrevet av":"Tone K. Berg","Ansl. lesetid":"11 minutter"},"schema":{"@context":"https:\/\/schema.org","@graph":[{"@type":"Article","@id":"https:\/\/trv.no\/rastoff\/valget-av-ombruk-var-suverent-mitt-eget-sier-ordforer-kent-ranum\/#article","isPartOf":{"@id":"https:\/\/trv.no\/rastoff\/valget-av-ombruk-var-suverent-mitt-eget-sier-ordforer-kent-ranum\/"},"author":{"name":"Tone K. Berg","@id":"https:\/\/trv.no\/rastoff\/#\/schema\/person\/2274c89de40e6acd8f865ba63cd0a14f"},"headline":"&#8211; Valget av ombruk var suverent mitt eget, sier ordf\u00f8rer Kent Ranum","datePublished":"2024-03-30T08:39:24+00:00","dateModified":"2025-12-17T15:01:43+00:00","mainEntityOfPage":{"@id":"https:\/\/trv.no\/rastoff\/valget-av-ombruk-var-suverent-mitt-eget-sier-ordforer-kent-ranum\/"},"wordCount":1743,"publisher":{"@id":"https:\/\/trv.no\/rastoff\/#organization"},"image":{"@id":"https:\/\/trv.no\/rastoff\/valget-av-ombruk-var-suverent-mitt-eget-sier-ordforer-kent-ranum\/#primaryimage"},"thumbnailUrl":"https:\/\/d2t31hwrov8bve.cloudfront.net\/wp-content\/uploads\/sites\/3\/2024\/03\/27162208\/valget-av-ombruk-var-suverent-mitt-eget-sier-ordforer-kent-ranum-2-scaled-e1712153926455.jpg","articleSection":["BrukOM","Gjenvinningsstasjonen"],"inLanguage":"nb-NO"},{"@type":"WebPage","@id":"https:\/\/trv.no\/rastoff\/valget-av-ombruk-var-suverent-mitt-eget-sier-ordforer-kent-ranum\/","url":"https:\/\/trv.no\/rastoff\/valget-av-ombruk-var-suverent-mitt-eget-sier-ordforer-kent-ranum\/","name":"- Valget av ombruk var suverent mitt eget, sier ordf\u00f8rer Kent Ranum - R\u00e5stoff","isPartOf":{"@id":"https:\/\/trv.no\/rastoff\/#website"},"primaryImageOfPage":{"@id":"https:\/\/trv.no\/rastoff\/valget-av-ombruk-var-suverent-mitt-eget-sier-ordforer-kent-ranum\/#primaryimage"},"image":{"@id":"https:\/\/trv.no\/rastoff\/valget-av-ombruk-var-suverent-mitt-eget-sier-ordforer-kent-ranum\/#primaryimage"},"thumbnailUrl":"https:\/\/d2t31hwrov8bve.cloudfront.net\/wp-content\/uploads\/sites\/3\/2024\/03\/27162208\/valget-av-ombruk-var-suverent-mitt-eget-sier-ordforer-kent-ranum-2-scaled-e1712153926455.jpg","datePublished":"2024-03-30T08:39:24+00:00","dateModified":"2025-12-17T15:01:43+00:00","breadcrumb":{"@id":"https:\/\/trv.no\/rastoff\/valget-av-ombruk-var-suverent-mitt-eget-sier-ordforer-kent-ranum\/#breadcrumb"},"inLanguage":"nb-NO","potentialAction":[{"@type":"ReadAction","target":["https:\/\/trv.no\/rastoff\/valget-av-ombruk-var-suverent-mitt-eget-sier-ordforer-kent-ranum\/"]}]},{"@type":"ImageObject","inLanguage":"nb-NO","@id":"https:\/\/trv.no\/rastoff\/valget-av-ombruk-var-suverent-mitt-eget-sier-ordforer-kent-ranum\/#primaryimage","url":"https:\/\/d2t31hwrov8bve.cloudfront.net\/wp-content\/uploads\/sites\/3\/2024\/03\/27162208\/valget-av-ombruk-var-suverent-mitt-eget-sier-ordforer-kent-ranum-2-scaled-e1712153926455.jpg","contentUrl":"https:\/\/d2t31hwrov8bve.cloudfront.net\/wp-content\/uploads\/sites\/3\/2024\/03\/27162208\/valget-av-ombruk-var-suverent-mitt-eget-sier-ordforer-kent-ranum-2-scaled-e1712153926455.jpg","width":1582,"height":981,"caption":"Valget av ombruk var suverent mitt eget, sier ordf\u00f8rer Kent Ranum 1"},{"@type":"BreadcrumbList","@id":"https:\/\/trv.no\/rastoff\/valget-av-ombruk-var-suverent-mitt-eget-sier-ordforer-kent-ranum\/#breadcrumb","itemListElement":[{"@type":"ListItem","position":1,"name":"Hjem","item":"https:\/\/trv.no\/rastoff\/"},{"@type":"ListItem","position":2,"name":"&#8211; Valget av ombruk var suverent mitt eget, sier ordf\u00f8rer Kent Ranum"}]},{"@type":"WebSite","@id":"https:\/\/trv.no\/rastoff\/#website","url":"https:\/\/trv.no\/rastoff\/","name":"R\u00e5stoff","description":"Bare enda et Trondheim Renholdsverk nettsteder-nettsted","publisher":{"@id":"https:\/\/trv.no\/rastoff\/#organization"},"potentialAction":[{"@type":"SearchAction","target":{"@type":"EntryPoint","urlTemplate":"https:\/\/trv.no\/rastoff\/?s={search_term_string}"},"query-input":{"@type":"PropertyValueSpecification","valueRequired":true,"valueName":"search_term_string"}}],"inLanguage":"nb-NO"},{"@type":"Organization","@id":"https:\/\/trv.no\/rastoff\/#organization","name":"TRV","url":"https:\/\/trv.no\/rastoff\/","logo":{"@type":"ImageObject","inLanguage":"nb-NO","@id":"https:\/\/trv.no\/rastoff\/#\/schema\/logo\/image\/","url":"https:\/\/d2t31hwrov8bve.cloudfront.net\/wp-content\/uploads\/sites\/3\/2019\/08\/27162735\/trvlogo-1.png","contentUrl":"https:\/\/d2t31hwrov8bve.cloudfront.net\/wp-content\/uploads\/sites\/3\/2019\/08\/27162735\/trvlogo-1.png","width":579,"height":192,"caption":"TRV"},"image":{"@id":"https:\/\/trv.no\/rastoff\/#\/schema\/logo\/image\/"}},{"@type":"Person","@id":"https:\/\/trv.no\/rastoff\/#\/schema\/person\/2274c89de40e6acd8f865ba63cd0a14f","name":"Tone K. Berg","image":{"@type":"ImageObject","inLanguage":"nb-NO","@id":"https:\/\/secure.gravatar.com\/avatar\/0c20386505dde641ddabe135150b2e8ad50e0526f619ceb70df9c724034007d5?s=96&d=mm&r=g","url":"https:\/\/secure.gravatar.com\/avatar\/0c20386505dde641ddabe135150b2e8ad50e0526f619ceb70df9c724034007d5?s=96&d=mm&r=g","contentUrl":"https:\/\/secure.gravatar.com\/avatar\/0c20386505dde641ddabe135150b2e8ad50e0526f619ceb70df9c724034007d5?s=96&d=mm&r=g","caption":"Tone K. Berg"},"url":"https:\/\/trv.no\/rastoff\/author\/tone-k-berg\/"}]}},"acf":[],"_links":{"self":[{"href":"https:\/\/trv.no\/rastoff\/wp-json\/wp\/v2\/posts\/2443","targetHints":{"allow":["GET"]}}],"collection":[{"href":"https:\/\/trv.no\/rastoff\/wp-json\/wp\/v2\/posts"}],"about":[{"href":"https:\/\/trv.no\/rastoff\/wp-json\/wp\/v2\/types\/post"}],"author":[{"embeddable":true,"href":"https:\/\/trv.no\/rastoff\/wp-json\/wp\/v2\/users\/7"}],"replies":[{"embeddable":true,"href":"https:\/\/trv.no\/rastoff\/wp-json\/wp\/v2\/comments?post=2443"}],"version-history":[{"count":6,"href":"https:\/\/trv.no\/rastoff\/wp-json\/wp\/v2\/posts\/2443\/revisions"}],"predecessor-version":[{"id":2942,"href":"https:\/\/trv.no\/rastoff\/wp-json\/wp\/v2\/posts\/2443\/revisions\/2942"}],"wp:featuredmedia":[{"embeddable":true,"href":"https:\/\/trv.no\/rastoff\/wp-json\/wp\/v2\/media\/2491"}],"wp:attachment":[{"href":"https:\/\/trv.no\/rastoff\/wp-json\/wp\/v2\/media?parent=2443"}],"wp:term":[{"taxonomy":"category","embeddable":true,"href":"https:\/\/trv.no\/rastoff\/wp-json\/wp\/v2\/categories?post=2443"},{"taxonomy":"post_tag","embeddable":true,"href":"https:\/\/trv.no\/rastoff\/wp-json\/wp\/v2\/tags?post=2443"}],"curies":[{"name":"wp","href":"https:\/\/api.w.org\/{rel}","templated":true}]}}