{"id":2506,"date":"2024-04-12T14:08:38","date_gmt":"2024-04-12T12:08:38","guid":{"rendered":"https:\/\/trv.no\/rastoff\/?p=2506"},"modified":"2025-11-13T11:54:49","modified_gmt":"2025-11-13T10:54:49","slug":"brukom-markedsdag-og-auksjon-2024","status":"publish","type":"post","link":"https:\/\/trv.no\/rastoff\/brukom-markedsdag-og-auksjon-2024\/","title":{"rendered":"BrukOm markedsdag og auksjon 2024"},"content":{"rendered":"\n<p>Sett av l\u00f8rdag 20. april! Da blir det stor auksjon og mye som skjer p\u00e5 Nyhavna! <\/p>\n\n\n\n<h2 class=\"wp-block-heading\">BrukOm butikk holder \u00e5pent som vanlig kl 10-17<\/h2>\n\n\n\n<p><strong>Sykkelsesongen <\/strong>er i gang. <\/p>\n\n\n\n<p>Hos oss finner du nesten alt,&nbsp; bortsett fra kl\u00e6r. Vi selger m\u00f8bler, sportsutstyr, b\u00f8ker, musikkinstrument, kunst, kj\u00f8kkenutstyr, samleobjekt, vesker og smykker,&nbsp;leker, interi\u00f8rartikler, dekket\u00f8y, barneutstyr, verkt\u00f8y og mye annet.<\/p>\n\n\n\n<figure class=\"wp-block-gallery has-nested-images columns-default is-cropped wp-block-gallery-1 is-layout-flex wp-block-gallery-is-layout-flex\">\n<figure class=\"wp-block-image size-large\"><img loading=\"lazy\" decoding=\"async\" width=\"1024\" height=\"1024\" data-id=\"1494\" src=\"https:\/\/d2t31hwrov8bve.cloudfront.net\/wp-content\/uploads\/sites\/3\/2022\/03\/27162536\/brukom-markedsdag-og-auksjon-9-1024x1024.jpg\" alt=\"BrukOm markedsdag og auksjon 9\" class=\"wp-image-1494\" srcset=\"https:\/\/d2t31hwrov8bve.cloudfront.net\/wp-content\/uploads\/sites\/3\/2022\/03\/27162536\/brukom-markedsdag-og-auksjon-9-1024x1024.jpg 1024w, https:\/\/d2t31hwrov8bve.cloudfront.net\/wp-content\/uploads\/sites\/3\/2022\/03\/27162536\/brukom-markedsdag-og-auksjon-9-300x300.jpg 300w, https:\/\/d2t31hwrov8bve.cloudfront.net\/wp-content\/uploads\/sites\/3\/2022\/03\/27162536\/brukom-markedsdag-og-auksjon-9-150x150.jpg 150w, https:\/\/d2t31hwrov8bve.cloudfront.net\/wp-content\/uploads\/sites\/3\/2022\/03\/27162536\/brukom-markedsdag-og-auksjon-9.jpg 1440w\" sizes=\"auto, (max-width: 1024px) 100vw, 1024px\" \/><\/figure>\n\n\n\n<figure class=\"wp-block-image size-large\"><img loading=\"lazy\" decoding=\"async\" width=\"768\" height=\"1024\" data-id=\"1308\" src=\"https:\/\/d2t31hwrov8bve.cloudfront.net\/wp-content\/uploads\/sites\/3\/2022\/01\/27162631\/test-brukom-6-768x1024.jpg\" alt=\"Test BrukOm 5\" class=\"wp-image-1308\" srcset=\"https:\/\/d2t31hwrov8bve.cloudfront.net\/wp-content\/uploads\/sites\/3\/2022\/01\/27162631\/test-brukom-6-768x1024.jpg 768w, https:\/\/d2t31hwrov8bve.cloudfront.net\/wp-content\/uploads\/sites\/3\/2022\/01\/27162631\/test-brukom-6-225x300.jpg 225w, https:\/\/d2t31hwrov8bve.cloudfront.net\/wp-content\/uploads\/sites\/3\/2022\/01\/27162631\/test-brukom-6-1152x1536.jpg 1152w, https:\/\/d2t31hwrov8bve.cloudfront.net\/wp-content\/uploads\/sites\/3\/2022\/01\/27162631\/test-brukom-6-1536x2048.jpg 1536w, https:\/\/d2t31hwrov8bve.cloudfront.net\/wp-content\/uploads\/sites\/3\/2022\/01\/27162631\/test-brukom-6-scaled.jpg 1920w\" sizes=\"auto, (max-width: 768px) 100vw, 768px\" \/><\/figure>\n\n\n\n<figure class=\"wp-block-image size-large\"><img loading=\"lazy\" decoding=\"async\" width=\"1024\" height=\"768\" data-id=\"1305\" src=\"https:\/\/d2t31hwrov8bve.cloudfront.net\/wp-content\/uploads\/sites\/3\/2022\/01\/27162632\/test-brukom-4-1024x768.jpg\" alt=\"Test BrukOm 3\" class=\"wp-image-1305\" srcset=\"https:\/\/d2t31hwrov8bve.cloudfront.net\/wp-content\/uploads\/sites\/3\/2022\/01\/27162632\/test-brukom-4-1024x768.jpg 1024w, https:\/\/d2t31hwrov8bve.cloudfront.net\/wp-content\/uploads\/sites\/3\/2022\/01\/27162632\/test-brukom-4-300x225.jpg 300w, https:\/\/d2t31hwrov8bve.cloudfront.net\/wp-content\/uploads\/sites\/3\/2022\/01\/27162632\/test-brukom-4-1536x1152.jpg 1536w, https:\/\/d2t31hwrov8bve.cloudfront.net\/wp-content\/uploads\/sites\/3\/2022\/01\/27162632\/test-brukom-4-2048x1536.jpg 2048w\" sizes=\"auto, (max-width: 1024px) 100vw, 1024px\" \/><\/figure>\n<\/figure>\n\n\n\n\n\n\n\n<p>F\u00f8lg oss &lt;3 p\u00e5 Facebook:&nbsp;&nbsp;<a href=\"https:\/\/www.facebook.com\/brukombutikk\" target=\"_blank\" rel=\"noreferrer noopener\">BrukOm butikk<\/a>&nbsp; og p\u00e5 Instagram:&nbsp;&nbsp;<a href=\"https:\/\/www.instagram.com\/brukombutikk\/\" target=\"_blank\" rel=\"noreferrer noopener\">BrukOm butikk<\/a>&nbsp;<\/p>\n\n\n\n<h2 class=\"wp-block-heading\">Auksjon kl 12 \u2013 14<\/h2>\n\n\n\n<h2 class=\"wp-block-heading\">Her finner du listene over varene som kommer p\u00e5 auksjon<\/h2>\n\n\n\n<p><strong><a href=\"https:\/\/d2t31hwrov8bve.cloudfront.net\/wp-content\/uploads\/sites\/3\/2024\/04\/27162206\/Liste-auksjon-2024-1.pdf\">Auksjonsliste i nummerert rekkef\u00f8lge med utropspris<\/a><\/strong><\/p>\n\n\n\n<p>Varene vil stilles ut inne i BrukOm hallen fredag 19. april for besiktigelse, og vi kj\u00f8rer auksjon i hurtig tempo med utropspris! Auksjonarius er Bj\u00f8rn Frithjof Anderssen.<\/p>\n\n\n\n<p>N\u00e5r du har f\u00e5tt tilslaget, f\u00e5r du en lapp som du m\u00e5 ta med til kassen for \u00e5 betale. N\u00e5r du har f\u00e5tt kvittering, kan du hente ut skatten din!<\/p>\n\n\n\n\n\n\n\n<p><a href=\"https:\/\/www.facebook.com\/DiverseKitchenNorway\/\">Diverse Kitchen<\/a> serverer deilig indisk street food hele dagen: wraps, crispy fried chicken, cake pops, mango lassi, masala chai og mer. <\/p>\n\n\n\n<p><a href=\"https:\/\/www.instagram.com\/buildherworkshop\/\">BuildHer<\/a>&nbsp;har stand kl 10-15. De viser frem byggeprosjekt og redesign du enkelt kan klare selv, og de \u00f8nsker flere jenter som medlemmer!<\/p>\n\n\n\n<p>Selv har vi stand har med enkle redesign prosjekter og informasjon om utsortering av matavfall.<\/p>\n\n\n\n<p><strong><a href=\"https:\/\/www.facebook.com\/fivhstudenter\/?locale=nb_NO\">Framtiden i v\u00e5re hender Trondheim studentlag<\/a><\/strong>&nbsp;har stand kl 14-16. \u00abLyst til \u00e5 bidra til en gr\u00f8nnere og mer rettferdig verden? Vi arbeider med klima og milj\u00f8, b\u00e6rekraft\u00bb<\/p>\n\n\n\n<p>Vel m\u00f8tt! <\/p>\n\n\n\n<div class=\"wp-block-group\"><div class=\"wp-block-group__inner-container is-layout-constrained wp-block-group-is-layout-constrained\"><\/div><\/div>\n","protected":false},"excerpt":{"rendered":"<p>Sett av l\u00f8rdag 20. april! Da blir det stor auksjon og mye som skjer p\u00e5 Nyhavna! BrukOm butikk holder \u00e5pent som vanlig kl 10-17 Sykkelsesongen er i gang. Hos oss finner du nesten alt,&nbsp; bortsett fra kl\u00e6r. Vi selger m\u00f8bler, sportsutstyr, b\u00f8ker, musikkinstrument, kunst, kj\u00f8kkenutstyr, samleobjekt, vesker og smykker,&nbsp;leker, interi\u00f8rartikler, dekket\u00f8y, barneutstyr, verkt\u00f8y og mye [&hellip;]<\/p>\n","protected":false},"author":7,"featured_media":2508,"comment_status":"closed","ping_status":"closed","sticky":false,"template":"","format":"standard","meta":{"_acf_changed":false,"inline_featured_image":false,"video_field":"","footnotes":""},"categories":[1],"tags":[],"class_list":["post-2506","post","type-post","status-publish","format-standard","has-post-thumbnail","hentry","category-ukategorisert"],"yoast_head":"<!-- This site is optimized with the Yoast SEO plugin v27.3 - https:\/\/yoast.com\/product\/yoast-seo-wordpress\/ -->\n<title>BrukOm markedsdag og auksjon 2024 - R\u00e5stoff<\/title>\n<meta name=\"robots\" content=\"index, follow, max-snippet:-1, max-image-preview:large, max-video-preview:-1\" \/>\n<link rel=\"canonical\" href=\"https:\/\/trv.no\/rastoff\/brukom-markedsdag-og-auksjon-2024\/\" \/>\n<meta property=\"og:locale\" content=\"nb_NO\" \/>\n<meta property=\"og:type\" content=\"article\" \/>\n<meta property=\"og:title\" content=\"BrukOm markedsdag og auksjon 2024 - R\u00e5stoff\" \/>\n<meta property=\"og:description\" content=\"Sett av l\u00f8rdag 20. april! Da blir det stor auksjon og mye som skjer p\u00e5 Nyhavna! BrukOm butikk holder \u00e5pent som vanlig kl 10-17 Sykkelsesongen er i gang. Hos oss finner du nesten alt,&nbsp; bortsett fra kl\u00e6r. Vi selger m\u00f8bler, sportsutstyr, b\u00f8ker, musikkinstrument, kunst, kj\u00f8kkenutstyr, samleobjekt, vesker og smykker,&nbsp;leker, interi\u00f8rartikler, dekket\u00f8y, barneutstyr, verkt\u00f8y og mye [&hellip;]\" \/>\n<meta property=\"og:url\" content=\"https:\/\/trv.no\/rastoff\/brukom-markedsdag-og-auksjon-2024\/\" \/>\n<meta property=\"og:site_name\" content=\"R\u00e5stoff\" \/>\n<meta property=\"article:published_time\" content=\"2024-04-12T12:08:38+00:00\" \/>\n<meta property=\"article:modified_time\" content=\"2025-11-13T10:54:49+00:00\" \/>\n<meta property=\"og:image\" content=\"https:\/\/d2t31hwrov8bve.cloudfront.net\/wp-content\/uploads\/sites\/3\/2024\/04\/12094913\/BrukOm-solsikke-sommer.jpg\" \/>\n\t<meta property=\"og:image:width\" content=\"2016\" \/>\n\t<meta property=\"og:image:height\" content=\"1512\" \/>\n\t<meta property=\"og:image:type\" content=\"image\/jpeg\" \/>\n<meta name=\"author\" content=\"Tone K. Berg\" \/>\n<meta name=\"twitter:card\" content=\"summary_large_image\" \/>\n<meta name=\"twitter:label1\" content=\"Skrevet av\" \/>\n\t<meta name=\"twitter:data1\" content=\"Tone K. Berg\" \/>\n\t<meta name=\"twitter:label2\" content=\"Ansl. lesetid\" \/>\n\t<meta name=\"twitter:data2\" content=\"3 minutter\" \/>\n<script type=\"application\/ld+json\" class=\"yoast-schema-graph\">{\"@context\":\"https:\\\/\\\/schema.org\",\"@graph\":[{\"@type\":\"Article\",\"@id\":\"https:\\\/\\\/trv.no\\\/rastoff\\\/brukom-markedsdag-og-auksjon-2024\\\/#article\",\"isPartOf\":{\"@id\":\"https:\\\/\\\/trv.no\\\/rastoff\\\/brukom-markedsdag-og-auksjon-2024\\\/\"},\"author\":{\"name\":\"Tone K. Berg\",\"@id\":\"https:\\\/\\\/trv.no\\\/rastoff\\\/#\\\/schema\\\/person\\\/2274c89de40e6acd8f865ba63cd0a14f\"},\"headline\":\"BrukOm markedsdag og auksjon 2024\",\"datePublished\":\"2024-04-12T12:08:38+00:00\",\"dateModified\":\"2025-11-13T10:54:49+00:00\",\"mainEntityOfPage\":{\"@id\":\"https:\\\/\\\/trv.no\\\/rastoff\\\/brukom-markedsdag-og-auksjon-2024\\\/\"},\"wordCount\":264,\"publisher\":{\"@id\":\"https:\\\/\\\/trv.no\\\/rastoff\\\/#organization\"},\"image\":{\"@id\":\"https:\\\/\\\/trv.no\\\/rastoff\\\/brukom-markedsdag-og-auksjon-2024\\\/#primaryimage\"},\"thumbnailUrl\":\"https:\\\/\\\/d2t31hwrov8bve.cloudfront.net\\\/wp-content\\\/uploads\\\/sites\\\/3\\\/2024\\\/04\\\/27162207\\\/BrukOm-solsikke-sommer.jpg\",\"inLanguage\":\"nb-NO\"},{\"@type\":\"WebPage\",\"@id\":\"https:\\\/\\\/trv.no\\\/rastoff\\\/brukom-markedsdag-og-auksjon-2024\\\/\",\"url\":\"https:\\\/\\\/trv.no\\\/rastoff\\\/brukom-markedsdag-og-auksjon-2024\\\/\",\"name\":\"BrukOm markedsdag og auksjon 2024 - R\u00e5stoff\",\"isPartOf\":{\"@id\":\"https:\\\/\\\/trv.no\\\/rastoff\\\/#website\"},\"primaryImageOfPage\":{\"@id\":\"https:\\\/\\\/trv.no\\\/rastoff\\\/brukom-markedsdag-og-auksjon-2024\\\/#primaryimage\"},\"image\":{\"@id\":\"https:\\\/\\\/trv.no\\\/rastoff\\\/brukom-markedsdag-og-auksjon-2024\\\/#primaryimage\"},\"thumbnailUrl\":\"https:\\\/\\\/d2t31hwrov8bve.cloudfront.net\\\/wp-content\\\/uploads\\\/sites\\\/3\\\/2024\\\/04\\\/27162207\\\/BrukOm-solsikke-sommer.jpg\",\"datePublished\":\"2024-04-12T12:08:38+00:00\",\"dateModified\":\"2025-11-13T10:54:49+00:00\",\"breadcrumb\":{\"@id\":\"https:\\\/\\\/trv.no\\\/rastoff\\\/brukom-markedsdag-og-auksjon-2024\\\/#breadcrumb\"},\"inLanguage\":\"nb-NO\",\"potentialAction\":[{\"@type\":\"ReadAction\",\"target\":[\"https:\\\/\\\/trv.no\\\/rastoff\\\/brukom-markedsdag-og-auksjon-2024\\\/\"]}]},{\"@type\":\"ImageObject\",\"inLanguage\":\"nb-NO\",\"@id\":\"https:\\\/\\\/trv.no\\\/rastoff\\\/brukom-markedsdag-og-auksjon-2024\\\/#primaryimage\",\"url\":\"https:\\\/\\\/d2t31hwrov8bve.cloudfront.net\\\/wp-content\\\/uploads\\\/sites\\\/3\\\/2024\\\/04\\\/27162207\\\/BrukOm-solsikke-sommer.jpg\",\"contentUrl\":\"https:\\\/\\\/d2t31hwrov8bve.cloudfront.net\\\/wp-content\\\/uploads\\\/sites\\\/3\\\/2024\\\/04\\\/27162207\\\/BrukOm-solsikke-sommer.jpg\",\"width\":2016,\"height\":1512,\"caption\":\"BrukOm markedsdag og auksjon 2024\"},{\"@type\":\"BreadcrumbList\",\"@id\":\"https:\\\/\\\/trv.no\\\/rastoff\\\/brukom-markedsdag-og-auksjon-2024\\\/#breadcrumb\",\"itemListElement\":[{\"@type\":\"ListItem\",\"position\":1,\"name\":\"Hjem\",\"item\":\"https:\\\/\\\/trv.no\\\/rastoff\\\/\"},{\"@type\":\"ListItem\",\"position\":2,\"name\":\"BrukOm markedsdag og auksjon 2024\"}]},{\"@type\":\"WebSite\",\"@id\":\"https:\\\/\\\/trv.no\\\/rastoff\\\/#website\",\"url\":\"https:\\\/\\\/trv.no\\\/rastoff\\\/\",\"name\":\"R\u00e5stoff\",\"description\":\"Bare enda et Trondheim Renholdsverk nettsteder-nettsted\",\"publisher\":{\"@id\":\"https:\\\/\\\/trv.no\\\/rastoff\\\/#organization\"},\"potentialAction\":[{\"@type\":\"SearchAction\",\"target\":{\"@type\":\"EntryPoint\",\"urlTemplate\":\"https:\\\/\\\/trv.no\\\/rastoff\\\/?s={search_term_string}\"},\"query-input\":{\"@type\":\"PropertyValueSpecification\",\"valueRequired\":true,\"valueName\":\"search_term_string\"}}],\"inLanguage\":\"nb-NO\"},{\"@type\":\"Organization\",\"@id\":\"https:\\\/\\\/trv.no\\\/rastoff\\\/#organization\",\"name\":\"TRV\",\"url\":\"https:\\\/\\\/trv.no\\\/rastoff\\\/\",\"logo\":{\"@type\":\"ImageObject\",\"inLanguage\":\"nb-NO\",\"@id\":\"https:\\\/\\\/trv.no\\\/rastoff\\\/#\\\/schema\\\/logo\\\/image\\\/\",\"url\":\"https:\\\/\\\/d2t31hwrov8bve.cloudfront.net\\\/wp-content\\\/uploads\\\/sites\\\/3\\\/2019\\\/08\\\/27162735\\\/trvlogo-1.png\",\"contentUrl\":\"https:\\\/\\\/d2t31hwrov8bve.cloudfront.net\\\/wp-content\\\/uploads\\\/sites\\\/3\\\/2019\\\/08\\\/27162735\\\/trvlogo-1.png\",\"width\":579,\"height\":192,\"caption\":\"TRV\"},\"image\":{\"@id\":\"https:\\\/\\\/trv.no\\\/rastoff\\\/#\\\/schema\\\/logo\\\/image\\\/\"}},{\"@type\":\"Person\",\"@id\":\"https:\\\/\\\/trv.no\\\/rastoff\\\/#\\\/schema\\\/person\\\/2274c89de40e6acd8f865ba63cd0a14f\",\"name\":\"Tone K. Berg\",\"image\":{\"@type\":\"ImageObject\",\"inLanguage\":\"nb-NO\",\"@id\":\"https:\\\/\\\/secure.gravatar.com\\\/avatar\\\/0c20386505dde641ddabe135150b2e8ad50e0526f619ceb70df9c724034007d5?s=96&d=mm&r=g\",\"url\":\"https:\\\/\\\/secure.gravatar.com\\\/avatar\\\/0c20386505dde641ddabe135150b2e8ad50e0526f619ceb70df9c724034007d5?s=96&d=mm&r=g\",\"contentUrl\":\"https:\\\/\\\/secure.gravatar.com\\\/avatar\\\/0c20386505dde641ddabe135150b2e8ad50e0526f619ceb70df9c724034007d5?s=96&d=mm&r=g\",\"caption\":\"Tone K. Berg\"},\"url\":\"https:\\\/\\\/trv.no\\\/rastoff\\\/author\\\/tone-k-berg\\\/\"}]}<\/script>\n<!-- \/ Yoast SEO plugin. -->","yoast_head_json":{"title":"BrukOm markedsdag og auksjon 2024 - R\u00e5stoff","robots":{"index":"index","follow":"follow","max-snippet":"max-snippet:-1","max-image-preview":"max-image-preview:large","max-video-preview":"max-video-preview:-1"},"canonical":"https:\/\/trv.no\/rastoff\/brukom-markedsdag-og-auksjon-2024\/","og_locale":"nb_NO","og_type":"article","og_title":"BrukOm markedsdag og auksjon 2024 - R\u00e5stoff","og_description":"Sett av l\u00f8rdag 20. april! Da blir det stor auksjon og mye som skjer p\u00e5 Nyhavna! BrukOm butikk holder \u00e5pent som vanlig kl 10-17 Sykkelsesongen er i gang. Hos oss finner du nesten alt,&nbsp; bortsett fra kl\u00e6r. Vi selger m\u00f8bler, sportsutstyr, b\u00f8ker, musikkinstrument, kunst, kj\u00f8kkenutstyr, samleobjekt, vesker og smykker,&nbsp;leker, interi\u00f8rartikler, dekket\u00f8y, barneutstyr, verkt\u00f8y og mye [&hellip;]","og_url":"https:\/\/trv.no\/rastoff\/brukom-markedsdag-og-auksjon-2024\/","og_site_name":"R\u00e5stoff","article_published_time":"2024-04-12T12:08:38+00:00","article_modified_time":"2025-11-13T10:54:49+00:00","og_image":[{"width":2016,"height":1512,"url":"https:\/\/d2t31hwrov8bve.cloudfront.net\/wp-content\/uploads\/sites\/3\/2024\/04\/12094913\/BrukOm-solsikke-sommer.jpg","type":"image\/jpeg"}],"author":"Tone K. Berg","twitter_card":"summary_large_image","twitter_misc":{"Skrevet av":"Tone K. Berg","Ansl. lesetid":"3 minutter"},"schema":{"@context":"https:\/\/schema.org","@graph":[{"@type":"Article","@id":"https:\/\/trv.no\/rastoff\/brukom-markedsdag-og-auksjon-2024\/#article","isPartOf":{"@id":"https:\/\/trv.no\/rastoff\/brukom-markedsdag-og-auksjon-2024\/"},"author":{"name":"Tone K. Berg","@id":"https:\/\/trv.no\/rastoff\/#\/schema\/person\/2274c89de40e6acd8f865ba63cd0a14f"},"headline":"BrukOm markedsdag og auksjon 2024","datePublished":"2024-04-12T12:08:38+00:00","dateModified":"2025-11-13T10:54:49+00:00","mainEntityOfPage":{"@id":"https:\/\/trv.no\/rastoff\/brukom-markedsdag-og-auksjon-2024\/"},"wordCount":264,"publisher":{"@id":"https:\/\/trv.no\/rastoff\/#organization"},"image":{"@id":"https:\/\/trv.no\/rastoff\/brukom-markedsdag-og-auksjon-2024\/#primaryimage"},"thumbnailUrl":"https:\/\/d2t31hwrov8bve.cloudfront.net\/wp-content\/uploads\/sites\/3\/2024\/04\/27162207\/BrukOm-solsikke-sommer.jpg","inLanguage":"nb-NO"},{"@type":"WebPage","@id":"https:\/\/trv.no\/rastoff\/brukom-markedsdag-og-auksjon-2024\/","url":"https:\/\/trv.no\/rastoff\/brukom-markedsdag-og-auksjon-2024\/","name":"BrukOm markedsdag og auksjon 2024 - R\u00e5stoff","isPartOf":{"@id":"https:\/\/trv.no\/rastoff\/#website"},"primaryImageOfPage":{"@id":"https:\/\/trv.no\/rastoff\/brukom-markedsdag-og-auksjon-2024\/#primaryimage"},"image":{"@id":"https:\/\/trv.no\/rastoff\/brukom-markedsdag-og-auksjon-2024\/#primaryimage"},"thumbnailUrl":"https:\/\/d2t31hwrov8bve.cloudfront.net\/wp-content\/uploads\/sites\/3\/2024\/04\/27162207\/BrukOm-solsikke-sommer.jpg","datePublished":"2024-04-12T12:08:38+00:00","dateModified":"2025-11-13T10:54:49+00:00","breadcrumb":{"@id":"https:\/\/trv.no\/rastoff\/brukom-markedsdag-og-auksjon-2024\/#breadcrumb"},"inLanguage":"nb-NO","potentialAction":[{"@type":"ReadAction","target":["https:\/\/trv.no\/rastoff\/brukom-markedsdag-og-auksjon-2024\/"]}]},{"@type":"ImageObject","inLanguage":"nb-NO","@id":"https:\/\/trv.no\/rastoff\/brukom-markedsdag-og-auksjon-2024\/#primaryimage","url":"https:\/\/d2t31hwrov8bve.cloudfront.net\/wp-content\/uploads\/sites\/3\/2024\/04\/27162207\/BrukOm-solsikke-sommer.jpg","contentUrl":"https:\/\/d2t31hwrov8bve.cloudfront.net\/wp-content\/uploads\/sites\/3\/2024\/04\/27162207\/BrukOm-solsikke-sommer.jpg","width":2016,"height":1512,"caption":"BrukOm markedsdag og auksjon 2024"},{"@type":"BreadcrumbList","@id":"https:\/\/trv.no\/rastoff\/brukom-markedsdag-og-auksjon-2024\/#breadcrumb","itemListElement":[{"@type":"ListItem","position":1,"name":"Hjem","item":"https:\/\/trv.no\/rastoff\/"},{"@type":"ListItem","position":2,"name":"BrukOm markedsdag og auksjon 2024"}]},{"@type":"WebSite","@id":"https:\/\/trv.no\/rastoff\/#website","url":"https:\/\/trv.no\/rastoff\/","name":"R\u00e5stoff","description":"Bare enda et Trondheim Renholdsverk nettsteder-nettsted","publisher":{"@id":"https:\/\/trv.no\/rastoff\/#organization"},"potentialAction":[{"@type":"SearchAction","target":{"@type":"EntryPoint","urlTemplate":"https:\/\/trv.no\/rastoff\/?s={search_term_string}"},"query-input":{"@type":"PropertyValueSpecification","valueRequired":true,"valueName":"search_term_string"}}],"inLanguage":"nb-NO"},{"@type":"Organization","@id":"https:\/\/trv.no\/rastoff\/#organization","name":"TRV","url":"https:\/\/trv.no\/rastoff\/","logo":{"@type":"ImageObject","inLanguage":"nb-NO","@id":"https:\/\/trv.no\/rastoff\/#\/schema\/logo\/image\/","url":"https:\/\/d2t31hwrov8bve.cloudfront.net\/wp-content\/uploads\/sites\/3\/2019\/08\/27162735\/trvlogo-1.png","contentUrl":"https:\/\/d2t31hwrov8bve.cloudfront.net\/wp-content\/uploads\/sites\/3\/2019\/08\/27162735\/trvlogo-1.png","width":579,"height":192,"caption":"TRV"},"image":{"@id":"https:\/\/trv.no\/rastoff\/#\/schema\/logo\/image\/"}},{"@type":"Person","@id":"https:\/\/trv.no\/rastoff\/#\/schema\/person\/2274c89de40e6acd8f865ba63cd0a14f","name":"Tone K. Berg","image":{"@type":"ImageObject","inLanguage":"nb-NO","@id":"https:\/\/secure.gravatar.com\/avatar\/0c20386505dde641ddabe135150b2e8ad50e0526f619ceb70df9c724034007d5?s=96&d=mm&r=g","url":"https:\/\/secure.gravatar.com\/avatar\/0c20386505dde641ddabe135150b2e8ad50e0526f619ceb70df9c724034007d5?s=96&d=mm&r=g","contentUrl":"https:\/\/secure.gravatar.com\/avatar\/0c20386505dde641ddabe135150b2e8ad50e0526f619ceb70df9c724034007d5?s=96&d=mm&r=g","caption":"Tone K. Berg"},"url":"https:\/\/trv.no\/rastoff\/author\/tone-k-berg\/"}]}},"acf":[],"_links":{"self":[{"href":"https:\/\/trv.no\/rastoff\/wp-json\/wp\/v2\/posts\/2506","targetHints":{"allow":["GET"]}}],"collection":[{"href":"https:\/\/trv.no\/rastoff\/wp-json\/wp\/v2\/posts"}],"about":[{"href":"https:\/\/trv.no\/rastoff\/wp-json\/wp\/v2\/types\/post"}],"author":[{"embeddable":true,"href":"https:\/\/trv.no\/rastoff\/wp-json\/wp\/v2\/users\/7"}],"replies":[{"embeddable":true,"href":"https:\/\/trv.no\/rastoff\/wp-json\/wp\/v2\/comments?post=2506"}],"version-history":[{"count":5,"href":"https:\/\/trv.no\/rastoff\/wp-json\/wp\/v2\/posts\/2506\/revisions"}],"predecessor-version":[{"id":2848,"href":"https:\/\/trv.no\/rastoff\/wp-json\/wp\/v2\/posts\/2506\/revisions\/2848"}],"wp:featuredmedia":[{"embeddable":true,"href":"https:\/\/trv.no\/rastoff\/wp-json\/wp\/v2\/media\/2508"}],"wp:attachment":[{"href":"https:\/\/trv.no\/rastoff\/wp-json\/wp\/v2\/media?parent=2506"}],"wp:term":[{"taxonomy":"category","embeddable":true,"href":"https:\/\/trv.no\/rastoff\/wp-json\/wp\/v2\/categories?post=2506"},{"taxonomy":"post_tag","embeddable":true,"href":"https:\/\/trv.no\/rastoff\/wp-json\/wp\/v2\/tags?post=2506"}],"curies":[{"name":"wp","href":"https:\/\/api.w.org\/{rel}","templated":true}]}}