{"id":2521,"date":"2024-05-08T17:22:38","date_gmt":"2024-05-08T15:22:38","guid":{"rendered":"https:\/\/trv.no\/rastoff\/?p=2521"},"modified":"2025-11-13T11:54:32","modified_gmt":"2025-11-13T10:54:32","slug":"brukom-familiedag","status":"publish","type":"post","link":"https:\/\/trv.no\/rastoff\/brukom-familiedag\/","title":{"rendered":"BrukOm familiedag"},"content":{"rendered":"\n<h2 class=\"wp-block-heading\">L\u00f8rdag 25. mai 2024 b\u00f8r du ta turen til BrukOm p\u00e5 Nyhavna! <\/h2>\n\n\n\n<h2 class=\"wp-block-heading\"><strong>BrukOm butikk holder \u00e5pent som vanlig kl 10-17<\/strong><\/h2>\n\n\n\n\n\n\n\n<figure class=\"wp-block-gallery has-nested-images columns-default is-cropped wp-block-gallery-1 is-layout-flex wp-block-gallery-is-layout-flex\">\n<figure class=\"wp-block-image size-large\"><img loading=\"lazy\" decoding=\"async\" width=\"1024\" height=\"683\" data-id=\"2525\" src=\"https:\/\/d2t31hwrov8bve.cloudfront.net\/wp-content\/uploads\/sites\/3\/2024\/05\/27162203\/Rasmus_og_VBB_4_Foto_Endre-Forbord-1024x683.jpg\" alt=\"\" class=\"wp-image-2525\" srcset=\"https:\/\/d2t31hwrov8bve.cloudfront.net\/wp-content\/uploads\/sites\/3\/2024\/05\/27162203\/Rasmus_og_VBB_4_Foto_Endre-Forbord-1024x683.jpg 1024w, https:\/\/d2t31hwrov8bve.cloudfront.net\/wp-content\/uploads\/sites\/3\/2024\/05\/27162203\/Rasmus_og_VBB_4_Foto_Endre-Forbord-300x200.jpg 300w, https:\/\/d2t31hwrov8bve.cloudfront.net\/wp-content\/uploads\/sites\/3\/2024\/05\/27162203\/Rasmus_og_VBB_4_Foto_Endre-Forbord-1536x1024.jpg 1536w, https:\/\/d2t31hwrov8bve.cloudfront.net\/wp-content\/uploads\/sites\/3\/2024\/05\/27162203\/Rasmus_og_VBB_4_Foto_Endre-Forbord-2048x1365.jpg 2048w\" sizes=\"auto, (max-width: 1024px) 100vw, 1024px\" \/><figcaption class=\"wp-element-caption\">Rasmus og Verdens Beste Band<\/figcaption><\/figure>\n<\/figure>\n\n\n\n<h2 class=\"wp-block-heading\">Rasmus og Verdens Beste Band spiller GRATIS MINI-KONSERT kl 12!<br>Verdenspremiere: Live fremf\u00f8ring av den nylanserte sangen &laquo;Om igjen&raquo;<\/h2>\n\n\n\n<ul class=\"wp-block-list\">\n<li>Vi har v\u00e6rt s\u00e5 heldige \u00e5 f\u00e5 samarbeide med dem og spille inn videoen til sangen her p\u00e5 BrukOm. Den f\u00e5r du ogs\u00e5 se! <\/li>\n\n\n\n<li>De har vunnet Spelemannsprisen fire ganger, mottatt Teskjekjerringprisen og Kardemommestipend<\/li>\n\n\n\n<li>Rasmus og Verdens Beste Band best\u00e5r av Kriss Stemland, Morten Berger Stai, Stian Lundberg og Rasmus Rohde. Musikerne har bakgrunn fra \u00abJazzlinja\u00bb ved NTNU, og spiller i et flere andre band og konstellasjoner.<\/li>\n<\/ul>\n\n\n\n<figure class=\"wp-block-image size-full\"><img loading=\"lazy\" decoding=\"async\" width=\"810\" height=\"810\" src=\"https:\/\/d2t31hwrov8bve.cloudfront.net\/wp-content\/uploads\/sites\/3\/2024\/05\/27162202\/Skogly-1.png\" alt=\"BrukOm familiedag 5\" class=\"wp-image-2528\" srcset=\"https:\/\/d2t31hwrov8bve.cloudfront.net\/wp-content\/uploads\/sites\/3\/2024\/05\/27162202\/Skogly-1.png 810w, https:\/\/d2t31hwrov8bve.cloudfront.net\/wp-content\/uploads\/sites\/3\/2024\/05\/27162202\/Skogly-1-300x300.png 300w, https:\/\/d2t31hwrov8bve.cloudfront.net\/wp-content\/uploads\/sites\/3\/2024\/05\/27162202\/Skogly-1-150x150.png 150w\" sizes=\"auto, (max-width: 810px) 100vw, 810px\" \/><\/figure>\n\n\n\n<h2 class=\"wp-block-heading\">Postapokalyptisk Supermarked inviterer til et annerledes verksted hvor du kan lage din egen gjenbruksfigur. Ta med deg god fantasi, s\u00e5 ordner vi resten! Verkstedet bruker limpistol, s\u00e5 barna b\u00f8r ha f\u00f8lge av foresatte<\/h2>\n\n\n\n\n\n\n\n<figure class=\"wp-block-image size-large\"><img loading=\"lazy\" decoding=\"async\" width=\"769\" height=\"1024\" src=\"https:\/\/d2t31hwrov8bve.cloudfront.net\/wp-content\/uploads\/sites\/3\/2024\/05\/27162201\/brukom-familiedag-769x1024.jpg\" alt=\"BrukOm familiedag 6\" class=\"wp-image-2530\" srcset=\"https:\/\/d2t31hwrov8bve.cloudfront.net\/wp-content\/uploads\/sites\/3\/2024\/05\/27162201\/brukom-familiedag-769x1024.jpg 769w, https:\/\/d2t31hwrov8bve.cloudfront.net\/wp-content\/uploads\/sites\/3\/2024\/05\/27162201\/brukom-familiedag-225x300.jpg 225w, https:\/\/d2t31hwrov8bve.cloudfront.net\/wp-content\/uploads\/sites\/3\/2024\/05\/27162201\/brukom-familiedag-1154x1536.jpg 1154w, https:\/\/d2t31hwrov8bve.cloudfront.net\/wp-content\/uploads\/sites\/3\/2024\/05\/27162201\/brukom-familiedag.jpg 1170w\" sizes=\"auto, (max-width: 769px) 100vw, 769px\" \/><\/figure>\n\n\n\n<h2 class=\"wp-block-heading\">Dyrene p\u00e5 Lamon og Sammen om S\u00f8ppel kommer p\u00e5 bes\u00f8k med LamoTralla full av kreativt utstyr. Det blir ansiktsmaling, &nbsp;s\u00e5pebobler og utdeling av ryddeutstyr<\/h2>\n\n\n\n\n\n\n\n<figure class=\"wp-block-image size-large\"><img loading=\"lazy\" decoding=\"async\" width=\"576\" height=\"1024\" src=\"https:\/\/d2t31hwrov8bve.cloudfront.net\/wp-content\/uploads\/sites\/3\/2024\/05\/27162202\/20240507_102324-576x1024.jpg\" alt=\"BrukOm familiedag 1\" class=\"wp-image-2526\" srcset=\"https:\/\/d2t31hwrov8bve.cloudfront.net\/wp-content\/uploads\/sites\/3\/2024\/05\/27162202\/20240507_102324-576x1024.jpg 576w, https:\/\/d2t31hwrov8bve.cloudfront.net\/wp-content\/uploads\/sites\/3\/2024\/05\/27162202\/20240507_102324-169x300.jpg 169w, https:\/\/d2t31hwrov8bve.cloudfront.net\/wp-content\/uploads\/sites\/3\/2024\/05\/27162202\/20240507_102324-864x1536.jpg 864w, https:\/\/d2t31hwrov8bve.cloudfront.net\/wp-content\/uploads\/sites\/3\/2024\/05\/27162202\/20240507_102324-1152x2048.jpg 1152w, https:\/\/d2t31hwrov8bve.cloudfront.net\/wp-content\/uploads\/sites\/3\/2024\/05\/27162202\/20240507_102324-scaled.jpg 1440w\" sizes=\"auto, (max-width: 576px) 100vw, 576px\" \/><\/figure>\n\n\n\n<h2 class=\"wp-block-heading\">P\u00e5 bamsesykehuset kan du f\u00e5 reparert kosedyret ditt i sm\u00e5skadeklinikken \u2013 en pasient per barn<\/h2>\n\n\n\n\n\n\n\n\n\n\n\n<figure class=\"wp-block-image size-large\"><img loading=\"lazy\" decoding=\"async\" width=\"768\" height=\"1024\" src=\"https:\/\/d2t31hwrov8bve.cloudfront.net\/wp-content\/uploads\/sites\/3\/2024\/05\/27162204\/20230604_124838-768x1024.jpg\" alt=\"BrukOm familiedag 2\" class=\"wp-image-2524\" srcset=\"https:\/\/d2t31hwrov8bve.cloudfront.net\/wp-content\/uploads\/sites\/3\/2024\/05\/27162204\/20230604_124838-768x1024.jpg 768w, https:\/\/d2t31hwrov8bve.cloudfront.net\/wp-content\/uploads\/sites\/3\/2024\/05\/27162204\/20230604_124838-225x300.jpg 225w, https:\/\/d2t31hwrov8bve.cloudfront.net\/wp-content\/uploads\/sites\/3\/2024\/05\/27162204\/20230604_124838-1152x1536.jpg 1152w, https:\/\/d2t31hwrov8bve.cloudfront.net\/wp-content\/uploads\/sites\/3\/2024\/05\/27162204\/20230604_124838-1536x2048.jpg 1536w, https:\/\/d2t31hwrov8bve.cloudfront.net\/wp-content\/uploads\/sites\/3\/2024\/05\/27162204\/20230604_124838-scaled.jpg 1920w\" sizes=\"auto, (max-width: 768px) 100vw, 768px\" \/><\/figure>\n\n\n\n<h2 class=\"wp-block-heading\">Hos Milj\u00f8agentene kan du delta i en engasjerende natursti eller pr\u00f8ve fiskedammen og l\u00e6re om kildesortering &#8211; premier til alle som deltar. <\/h2>\n\n\n\n<h2 class=\"wp-block-heading\">I lekekroken kan barna f\u00e5 teste kvaliteten p\u00e5 brukte leker fra BrukOm<\/h2>\n\n\n\n<figure class=\"wp-block-image size-large\"><img loading=\"lazy\" decoding=\"async\" width=\"768\" height=\"1024\" src=\"https:\/\/d2t31hwrov8bve.cloudfront.net\/wp-content\/uploads\/sites\/3\/2024\/05\/27162201\/IMG_3722-768x1024.jpg\" alt=\"\" class=\"wp-image-2537\" srcset=\"https:\/\/d2t31hwrov8bve.cloudfront.net\/wp-content\/uploads\/sites\/3\/2024\/05\/27162201\/IMG_3722-768x1024.jpg 768w, https:\/\/d2t31hwrov8bve.cloudfront.net\/wp-content\/uploads\/sites\/3\/2024\/05\/27162201\/IMG_3722-225x300.jpg 225w, https:\/\/d2t31hwrov8bve.cloudfront.net\/wp-content\/uploads\/sites\/3\/2024\/05\/27162201\/IMG_3722-1152x1536.jpg 1152w, https:\/\/d2t31hwrov8bve.cloudfront.net\/wp-content\/uploads\/sites\/3\/2024\/05\/27162201\/IMG_3722-1536x2048.jpg 1536w, https:\/\/d2t31hwrov8bve.cloudfront.net\/wp-content\/uploads\/sites\/3\/2024\/05\/27162201\/IMG_3722-scaled.jpg 1920w\" sizes=\"auto, (max-width: 768px) 100vw, 768px\" \/><\/figure>\n\n\n\n<h2 class=\"wp-block-heading\"><a href=\"https:\/\/www.facebook.com\/DiverseKitchenNorway\/\">Diverse Kitchen<\/a>&nbsp;serverer deilig indisk street food hele dagen: wraps, crispy fried chicken, cake pops, mango lassi, masala chai og mer.<\/h2>\n\n\n\n<h2 class=\"wp-block-heading\">VELKOMMEN TIL OSS P\u00c5 BRUKOM FAMILIEDAG! <\/h2>\n\n\n\n<div class=\"wp-block-group\"><div class=\"wp-block-group__inner-container is-layout-constrained wp-block-group-is-layout-constrained\"><\/div><\/div>\n","protected":false},"excerpt":{"rendered":"<p>BrukOm familiedag 25. mai 2024<br \/>\nRasmus og Verdens Beste Band med GRATIS MINI-KONSERT<\/p>\n","protected":false},"author":7,"featured_media":2541,"comment_status":"closed","ping_status":"closed","sticky":false,"template":"","format":"standard","meta":{"_acf_changed":false,"inline_featured_image":false,"video_field":"","footnotes":""},"categories":[1],"tags":[],"class_list":["post-2521","post","type-post","status-publish","format-standard","has-post-thumbnail","hentry","category-ukategorisert"],"yoast_head":"<!-- This site is optimized with the Yoast SEO plugin v27.3 - https:\/\/yoast.com\/product\/yoast-seo-wordpress\/ -->\n<title>BrukOm familiedag - R\u00e5stoff<\/title>\n<meta name=\"robots\" content=\"index, follow, max-snippet:-1, max-image-preview:large, max-video-preview:-1\" \/>\n<link rel=\"canonical\" href=\"https:\/\/trv.no\/rastoff\/brukom-familiedag\/\" \/>\n<meta property=\"og:locale\" content=\"nb_NO\" \/>\n<meta property=\"og:type\" content=\"article\" \/>\n<meta property=\"og:title\" content=\"BrukOm familiedag - R\u00e5stoff\" \/>\n<meta property=\"og:description\" content=\"BrukOm familiedag 25. mai 2024 Rasmus og Verdens Beste Band med GRATIS MINI-KONSERT\" \/>\n<meta property=\"og:url\" content=\"https:\/\/trv.no\/rastoff\/brukom-familiedag\/\" \/>\n<meta property=\"og:site_name\" content=\"R\u00e5stoff\" \/>\n<meta property=\"article:published_time\" content=\"2024-05-08T15:22:38+00:00\" \/>\n<meta property=\"article:modified_time\" content=\"2025-11-13T10:54:32+00:00\" \/>\n<meta property=\"og:image\" content=\"https:\/\/d2t31hwrov8bve.cloudfront.net\/wp-content\/uploads\/sites\/3\/2024\/05\/12094905\/brukom-familiedag-2.png\" \/>\n\t<meta property=\"og:image:width\" content=\"1409\" \/>\n\t<meta property=\"og:image:height\" content=\"466\" \/>\n\t<meta property=\"og:image:type\" content=\"image\/png\" \/>\n<meta name=\"author\" content=\"Tone K. Berg\" \/>\n<meta name=\"twitter:card\" content=\"summary_large_image\" \/>\n<meta name=\"twitter:label1\" content=\"Skrevet av\" \/>\n\t<meta name=\"twitter:data1\" content=\"Tone K. Berg\" \/>\n\t<meta name=\"twitter:label2\" content=\"Ansl. lesetid\" \/>\n\t<meta name=\"twitter:data2\" content=\"3 minutter\" \/>\n<script type=\"application\/ld+json\" class=\"yoast-schema-graph\">{\"@context\":\"https:\\\/\\\/schema.org\",\"@graph\":[{\"@type\":\"Article\",\"@id\":\"https:\\\/\\\/trv.no\\\/rastoff\\\/brukom-familiedag\\\/#article\",\"isPartOf\":{\"@id\":\"https:\\\/\\\/trv.no\\\/rastoff\\\/brukom-familiedag\\\/\"},\"author\":{\"name\":\"Tone K. Berg\",\"@id\":\"https:\\\/\\\/trv.no\\\/rastoff\\\/#\\\/schema\\\/person\\\/2274c89de40e6acd8f865ba63cd0a14f\"},\"headline\":\"BrukOm familiedag\",\"datePublished\":\"2024-05-08T15:22:38+00:00\",\"dateModified\":\"2025-11-13T10:54:32+00:00\",\"mainEntityOfPage\":{\"@id\":\"https:\\\/\\\/trv.no\\\/rastoff\\\/brukom-familiedag\\\/\"},\"wordCount\":258,\"publisher\":{\"@id\":\"https:\\\/\\\/trv.no\\\/rastoff\\\/#organization\"},\"image\":{\"@id\":\"https:\\\/\\\/trv.no\\\/rastoff\\\/brukom-familiedag\\\/#primaryimage\"},\"thumbnailUrl\":\"https:\\\/\\\/d2t31hwrov8bve.cloudfront.net\\\/wp-content\\\/uploads\\\/sites\\\/3\\\/2024\\\/05\\\/27162200\\\/brukom-familiedag-2.png\",\"inLanguage\":\"nb-NO\"},{\"@type\":\"WebPage\",\"@id\":\"https:\\\/\\\/trv.no\\\/rastoff\\\/brukom-familiedag\\\/\",\"url\":\"https:\\\/\\\/trv.no\\\/rastoff\\\/brukom-familiedag\\\/\",\"name\":\"BrukOm familiedag - R\u00e5stoff\",\"isPartOf\":{\"@id\":\"https:\\\/\\\/trv.no\\\/rastoff\\\/#website\"},\"primaryImageOfPage\":{\"@id\":\"https:\\\/\\\/trv.no\\\/rastoff\\\/brukom-familiedag\\\/#primaryimage\"},\"image\":{\"@id\":\"https:\\\/\\\/trv.no\\\/rastoff\\\/brukom-familiedag\\\/#primaryimage\"},\"thumbnailUrl\":\"https:\\\/\\\/d2t31hwrov8bve.cloudfront.net\\\/wp-content\\\/uploads\\\/sites\\\/3\\\/2024\\\/05\\\/27162200\\\/brukom-familiedag-2.png\",\"datePublished\":\"2024-05-08T15:22:38+00:00\",\"dateModified\":\"2025-11-13T10:54:32+00:00\",\"breadcrumb\":{\"@id\":\"https:\\\/\\\/trv.no\\\/rastoff\\\/brukom-familiedag\\\/#breadcrumb\"},\"inLanguage\":\"nb-NO\",\"potentialAction\":[{\"@type\":\"ReadAction\",\"target\":[\"https:\\\/\\\/trv.no\\\/rastoff\\\/brukom-familiedag\\\/\"]}]},{\"@type\":\"ImageObject\",\"inLanguage\":\"nb-NO\",\"@id\":\"https:\\\/\\\/trv.no\\\/rastoff\\\/brukom-familiedag\\\/#primaryimage\",\"url\":\"https:\\\/\\\/d2t31hwrov8bve.cloudfront.net\\\/wp-content\\\/uploads\\\/sites\\\/3\\\/2024\\\/05\\\/27162200\\\/brukom-familiedag-2.png\",\"contentUrl\":\"https:\\\/\\\/d2t31hwrov8bve.cloudfront.net\\\/wp-content\\\/uploads\\\/sites\\\/3\\\/2024\\\/05\\\/27162200\\\/brukom-familiedag-2.png\",\"width\":1409,\"height\":466,\"caption\":\"BrukOm familiedag 8\"},{\"@type\":\"BreadcrumbList\",\"@id\":\"https:\\\/\\\/trv.no\\\/rastoff\\\/brukom-familiedag\\\/#breadcrumb\",\"itemListElement\":[{\"@type\":\"ListItem\",\"position\":1,\"name\":\"Hjem\",\"item\":\"https:\\\/\\\/trv.no\\\/rastoff\\\/\"},{\"@type\":\"ListItem\",\"position\":2,\"name\":\"BrukOm familiedag\"}]},{\"@type\":\"WebSite\",\"@id\":\"https:\\\/\\\/trv.no\\\/rastoff\\\/#website\",\"url\":\"https:\\\/\\\/trv.no\\\/rastoff\\\/\",\"name\":\"R\u00e5stoff\",\"description\":\"Bare enda et Trondheim Renholdsverk nettsteder-nettsted\",\"publisher\":{\"@id\":\"https:\\\/\\\/trv.no\\\/rastoff\\\/#organization\"},\"potentialAction\":[{\"@type\":\"SearchAction\",\"target\":{\"@type\":\"EntryPoint\",\"urlTemplate\":\"https:\\\/\\\/trv.no\\\/rastoff\\\/?s={search_term_string}\"},\"query-input\":{\"@type\":\"PropertyValueSpecification\",\"valueRequired\":true,\"valueName\":\"search_term_string\"}}],\"inLanguage\":\"nb-NO\"},{\"@type\":\"Organization\",\"@id\":\"https:\\\/\\\/trv.no\\\/rastoff\\\/#organization\",\"name\":\"TRV\",\"url\":\"https:\\\/\\\/trv.no\\\/rastoff\\\/\",\"logo\":{\"@type\":\"ImageObject\",\"inLanguage\":\"nb-NO\",\"@id\":\"https:\\\/\\\/trv.no\\\/rastoff\\\/#\\\/schema\\\/logo\\\/image\\\/\",\"url\":\"https:\\\/\\\/d2t31hwrov8bve.cloudfront.net\\\/wp-content\\\/uploads\\\/sites\\\/3\\\/2019\\\/08\\\/27162735\\\/trvlogo-1.png\",\"contentUrl\":\"https:\\\/\\\/d2t31hwrov8bve.cloudfront.net\\\/wp-content\\\/uploads\\\/sites\\\/3\\\/2019\\\/08\\\/27162735\\\/trvlogo-1.png\",\"width\":579,\"height\":192,\"caption\":\"TRV\"},\"image\":{\"@id\":\"https:\\\/\\\/trv.no\\\/rastoff\\\/#\\\/schema\\\/logo\\\/image\\\/\"}},{\"@type\":\"Person\",\"@id\":\"https:\\\/\\\/trv.no\\\/rastoff\\\/#\\\/schema\\\/person\\\/2274c89de40e6acd8f865ba63cd0a14f\",\"name\":\"Tone K. Berg\",\"image\":{\"@type\":\"ImageObject\",\"inLanguage\":\"nb-NO\",\"@id\":\"https:\\\/\\\/secure.gravatar.com\\\/avatar\\\/0c20386505dde641ddabe135150b2e8ad50e0526f619ceb70df9c724034007d5?s=96&d=mm&r=g\",\"url\":\"https:\\\/\\\/secure.gravatar.com\\\/avatar\\\/0c20386505dde641ddabe135150b2e8ad50e0526f619ceb70df9c724034007d5?s=96&d=mm&r=g\",\"contentUrl\":\"https:\\\/\\\/secure.gravatar.com\\\/avatar\\\/0c20386505dde641ddabe135150b2e8ad50e0526f619ceb70df9c724034007d5?s=96&d=mm&r=g\",\"caption\":\"Tone K. Berg\"},\"url\":\"https:\\\/\\\/trv.no\\\/rastoff\\\/author\\\/tone-k-berg\\\/\"}]}<\/script>\n<!-- \/ Yoast SEO plugin. -->","yoast_head_json":{"title":"BrukOm familiedag - R\u00e5stoff","robots":{"index":"index","follow":"follow","max-snippet":"max-snippet:-1","max-image-preview":"max-image-preview:large","max-video-preview":"max-video-preview:-1"},"canonical":"https:\/\/trv.no\/rastoff\/brukom-familiedag\/","og_locale":"nb_NO","og_type":"article","og_title":"BrukOm familiedag - R\u00e5stoff","og_description":"BrukOm familiedag 25. mai 2024 Rasmus og Verdens Beste Band med GRATIS MINI-KONSERT","og_url":"https:\/\/trv.no\/rastoff\/brukom-familiedag\/","og_site_name":"R\u00e5stoff","article_published_time":"2024-05-08T15:22:38+00:00","article_modified_time":"2025-11-13T10:54:32+00:00","og_image":[{"width":1409,"height":466,"url":"https:\/\/d2t31hwrov8bve.cloudfront.net\/wp-content\/uploads\/sites\/3\/2024\/05\/12094905\/brukom-familiedag-2.png","type":"image\/png"}],"author":"Tone K. Berg","twitter_card":"summary_large_image","twitter_misc":{"Skrevet av":"Tone K. Berg","Ansl. lesetid":"3 minutter"},"schema":{"@context":"https:\/\/schema.org","@graph":[{"@type":"Article","@id":"https:\/\/trv.no\/rastoff\/brukom-familiedag\/#article","isPartOf":{"@id":"https:\/\/trv.no\/rastoff\/brukom-familiedag\/"},"author":{"name":"Tone K. Berg","@id":"https:\/\/trv.no\/rastoff\/#\/schema\/person\/2274c89de40e6acd8f865ba63cd0a14f"},"headline":"BrukOm familiedag","datePublished":"2024-05-08T15:22:38+00:00","dateModified":"2025-11-13T10:54:32+00:00","mainEntityOfPage":{"@id":"https:\/\/trv.no\/rastoff\/brukom-familiedag\/"},"wordCount":258,"publisher":{"@id":"https:\/\/trv.no\/rastoff\/#organization"},"image":{"@id":"https:\/\/trv.no\/rastoff\/brukom-familiedag\/#primaryimage"},"thumbnailUrl":"https:\/\/d2t31hwrov8bve.cloudfront.net\/wp-content\/uploads\/sites\/3\/2024\/05\/27162200\/brukom-familiedag-2.png","inLanguage":"nb-NO"},{"@type":"WebPage","@id":"https:\/\/trv.no\/rastoff\/brukom-familiedag\/","url":"https:\/\/trv.no\/rastoff\/brukom-familiedag\/","name":"BrukOm familiedag - R\u00e5stoff","isPartOf":{"@id":"https:\/\/trv.no\/rastoff\/#website"},"primaryImageOfPage":{"@id":"https:\/\/trv.no\/rastoff\/brukom-familiedag\/#primaryimage"},"image":{"@id":"https:\/\/trv.no\/rastoff\/brukom-familiedag\/#primaryimage"},"thumbnailUrl":"https:\/\/d2t31hwrov8bve.cloudfront.net\/wp-content\/uploads\/sites\/3\/2024\/05\/27162200\/brukom-familiedag-2.png","datePublished":"2024-05-08T15:22:38+00:00","dateModified":"2025-11-13T10:54:32+00:00","breadcrumb":{"@id":"https:\/\/trv.no\/rastoff\/brukom-familiedag\/#breadcrumb"},"inLanguage":"nb-NO","potentialAction":[{"@type":"ReadAction","target":["https:\/\/trv.no\/rastoff\/brukom-familiedag\/"]}]},{"@type":"ImageObject","inLanguage":"nb-NO","@id":"https:\/\/trv.no\/rastoff\/brukom-familiedag\/#primaryimage","url":"https:\/\/d2t31hwrov8bve.cloudfront.net\/wp-content\/uploads\/sites\/3\/2024\/05\/27162200\/brukom-familiedag-2.png","contentUrl":"https:\/\/d2t31hwrov8bve.cloudfront.net\/wp-content\/uploads\/sites\/3\/2024\/05\/27162200\/brukom-familiedag-2.png","width":1409,"height":466,"caption":"BrukOm familiedag 8"},{"@type":"BreadcrumbList","@id":"https:\/\/trv.no\/rastoff\/brukom-familiedag\/#breadcrumb","itemListElement":[{"@type":"ListItem","position":1,"name":"Hjem","item":"https:\/\/trv.no\/rastoff\/"},{"@type":"ListItem","position":2,"name":"BrukOm familiedag"}]},{"@type":"WebSite","@id":"https:\/\/trv.no\/rastoff\/#website","url":"https:\/\/trv.no\/rastoff\/","name":"R\u00e5stoff","description":"Bare enda et Trondheim Renholdsverk nettsteder-nettsted","publisher":{"@id":"https:\/\/trv.no\/rastoff\/#organization"},"potentialAction":[{"@type":"SearchAction","target":{"@type":"EntryPoint","urlTemplate":"https:\/\/trv.no\/rastoff\/?s={search_term_string}"},"query-input":{"@type":"PropertyValueSpecification","valueRequired":true,"valueName":"search_term_string"}}],"inLanguage":"nb-NO"},{"@type":"Organization","@id":"https:\/\/trv.no\/rastoff\/#organization","name":"TRV","url":"https:\/\/trv.no\/rastoff\/","logo":{"@type":"ImageObject","inLanguage":"nb-NO","@id":"https:\/\/trv.no\/rastoff\/#\/schema\/logo\/image\/","url":"https:\/\/d2t31hwrov8bve.cloudfront.net\/wp-content\/uploads\/sites\/3\/2019\/08\/27162735\/trvlogo-1.png","contentUrl":"https:\/\/d2t31hwrov8bve.cloudfront.net\/wp-content\/uploads\/sites\/3\/2019\/08\/27162735\/trvlogo-1.png","width":579,"height":192,"caption":"TRV"},"image":{"@id":"https:\/\/trv.no\/rastoff\/#\/schema\/logo\/image\/"}},{"@type":"Person","@id":"https:\/\/trv.no\/rastoff\/#\/schema\/person\/2274c89de40e6acd8f865ba63cd0a14f","name":"Tone K. Berg","image":{"@type":"ImageObject","inLanguage":"nb-NO","@id":"https:\/\/secure.gravatar.com\/avatar\/0c20386505dde641ddabe135150b2e8ad50e0526f619ceb70df9c724034007d5?s=96&d=mm&r=g","url":"https:\/\/secure.gravatar.com\/avatar\/0c20386505dde641ddabe135150b2e8ad50e0526f619ceb70df9c724034007d5?s=96&d=mm&r=g","contentUrl":"https:\/\/secure.gravatar.com\/avatar\/0c20386505dde641ddabe135150b2e8ad50e0526f619ceb70df9c724034007d5?s=96&d=mm&r=g","caption":"Tone K. Berg"},"url":"https:\/\/trv.no\/rastoff\/author\/tone-k-berg\/"}]}},"acf":[],"_links":{"self":[{"href":"https:\/\/trv.no\/rastoff\/wp-json\/wp\/v2\/posts\/2521","targetHints":{"allow":["GET"]}}],"collection":[{"href":"https:\/\/trv.no\/rastoff\/wp-json\/wp\/v2\/posts"}],"about":[{"href":"https:\/\/trv.no\/rastoff\/wp-json\/wp\/v2\/types\/post"}],"author":[{"embeddable":true,"href":"https:\/\/trv.no\/rastoff\/wp-json\/wp\/v2\/users\/7"}],"replies":[{"embeddable":true,"href":"https:\/\/trv.no\/rastoff\/wp-json\/wp\/v2\/comments?post=2521"}],"version-history":[{"count":5,"href":"https:\/\/trv.no\/rastoff\/wp-json\/wp\/v2\/posts\/2521\/revisions"}],"predecessor-version":[{"id":2847,"href":"https:\/\/trv.no\/rastoff\/wp-json\/wp\/v2\/posts\/2521\/revisions\/2847"}],"wp:featuredmedia":[{"embeddable":true,"href":"https:\/\/trv.no\/rastoff\/wp-json\/wp\/v2\/media\/2541"}],"wp:attachment":[{"href":"https:\/\/trv.no\/rastoff\/wp-json\/wp\/v2\/media?parent=2521"}],"wp:term":[{"taxonomy":"category","embeddable":true,"href":"https:\/\/trv.no\/rastoff\/wp-json\/wp\/v2\/categories?post=2521"},{"taxonomy":"post_tag","embeddable":true,"href":"https:\/\/trv.no\/rastoff\/wp-json\/wp\/v2\/tags?post=2521"}],"curies":[{"name":"wp","href":"https:\/\/api.w.org\/{rel}","templated":true}]}}