{"id":2548,"date":"2024-06-26T13:32:50","date_gmt":"2024-06-26T11:32:50","guid":{"rendered":"https:\/\/trv.no\/rastoff\/?p=2548"},"modified":"2024-08-08T10:58:47","modified_gmt":"2024-08-08T08:58:47","slug":"forste-del-av-storprosjektet-er-unnagjort-na-venter-resten-av-byen","status":"publish","type":"post","link":"https:\/\/trv.no\/rastoff\/forste-del-av-storprosjektet-er-unnagjort-na-venter-resten-av-byen\/","title":{"rendered":"F\u00f8rste del av storprosjektet er unnagjort \u2013 n\u00e5 venter resten av byen"},"content":{"rendered":"\n<p class=\"has-ingress-font-size\">55 000 husholdninger i Trondheim f\u00e5tt den nye avfallsl\u00f8sningen.<\/p>\n\n\n\n<p>Er du en av dem som har gr\u00f8nne plastbeholdere for avfallet utenfor huset ditt, har du i l\u00f8pet av det siste 1,5 \u00e5ret f\u00e5tt den nye avfallsl\u00f8sningen.<br>Du har kanskje sett et lite tog av TRV-biler komme gjennom gata di?<\/p>\n\n\n\n<p> Vi har kj\u00f8rt gjennom n\u00e6rmest hver eneste gatestubb i den flotte byen v\u00e5r og n\u00e5 er f\u00f8rste del av prosjektet ferdig.<\/p>\n\n\n\n<figure class=\"wp-block-video\"><video height=\"720\" style=\"aspect-ratio: 1280 \/ 720;\" width=\"1280\" controls src=\"https:\/\/d2t31hwrov8bve.cloudfront.net\/wp-content\/uploads\/sites\/3\/2024\/06\/27162151\/UAM-utrulling-TRV-Utsikten-mai-2024-lav-kvalitet.mp4\"><\/video><figcaption class=\"wp-element-caption\">Slik s\u00e5 det ut da vi satte ut noen av de siste beholderne p\u00e5 Nedre By\u00e5sen i slutten av mai 2024.<\/figcaption><\/figure>\n\n\n\n<p><br>I de neste \u00e5rene fortsetter jobben med \u00e5 innf\u00f8re bedre sorteringsordning over hele byen. Da skal dere som har containere over eller under bakken, eller avfallssug der dere bor ogs\u00e5 f\u00e5 den nye l\u00f8sningen. Enkelte er allerede i gang. Vi har allerede satt ut containerl\u00f8sning p\u00e5 249 lokasjoner, 99 for private husholdninger ( cirka 3000 boenheter) og 150 for kommunal n\u00e6ring. Men det store flertallet vil f\u00e5 den nye l\u00f8sningen i l\u00f8pet av de neste \u00e5rene.<\/p>\n\n\n\n<div class=\"wp-block-rastoff-innerblock undefined wrap-block green-theme\"><div class=\"inner-block left-align\">\n<h2 class=\"wp-block-heading\">Bor du i et omr\u00e5de med felles avfallsl\u00f8sning og lurer p\u00e5 n\u00e5r du f\u00e5r den nye ordningen?<\/h2>\n\n\n\n<p>Her er det vanskelig \u00e5 gi konkrete svar, fordi hvert enkelt borettslag\/omr\u00e5de m\u00e5 planlegges for seg fordi det kreves individuelle tilpasninger. Vi tar kontakt i forkant av utrulling av ny l\u00f8sning. Er du styreleder eller vaktmester i et borettslag eller sameie, ta gjerne kontakt med oss for \u00e5 diskutere mulige l\u00f8sninger rundt deres eiendommer. Beboere og huseiere vil f\u00e5 beskjed i god tid i forveien.<\/p>\n<\/div><\/div>\n\n\n\n<h2 class=\"wp-block-heading\">Stort prosjekt<\/h2>\n\n\n\n<figure class=\"wp-block-image size-large\"><img loading=\"lazy\" decoding=\"async\" width=\"1024\" height=\"683\" src=\"https:\/\/d2t31hwrov8bve.cloudfront.net\/wp-content\/uploads\/sites\/3\/2024\/06\/27162158\/2024-05-UAM-utrulling-tog-Utsikten-1024x683.jpg\" alt=\"\" class=\"wp-image-2551\" srcset=\"https:\/\/d2t31hwrov8bve.cloudfront.net\/wp-content\/uploads\/sites\/3\/2024\/06\/27162158\/2024-05-UAM-utrulling-tog-Utsikten-1024x683.jpg 1024w, https:\/\/d2t31hwrov8bve.cloudfront.net\/wp-content\/uploads\/sites\/3\/2024\/06\/27162158\/2024-05-UAM-utrulling-tog-Utsikten-300x200.jpg 300w, https:\/\/d2t31hwrov8bve.cloudfront.net\/wp-content\/uploads\/sites\/3\/2024\/06\/27162158\/2024-05-UAM-utrulling-tog-Utsikten-1536x1024.jpg 1536w, https:\/\/d2t31hwrov8bve.cloudfront.net\/wp-content\/uploads\/sites\/3\/2024\/06\/27162158\/2024-05-UAM-utrulling-tog-Utsikten-2048x1365.jpg 2048w\" sizes=\"auto, (max-width: 1024px) 100vw, 1024px\" \/><\/figure>\n\n\n\n<p>I februar 2023 startet prosjektet i Olderdalen, p\u00e5 \u00f8stsiden av Trondheim. Vi har merket og klargjort over 60 000 nye avfallsbeholdere og har pakket startpakker med informasjon og utstyr til husholdningene. Gjennom uke etter uke har vi jobbet oss gjennom gate for gate og satt ut den nye avfallsl\u00f8sningen. Det vi gj\u00f8r n\u00e5 er den st\u00f8rste endringen i kildesorteringssystemet i Trondheim siden slutten av 90-tallet, da det ble innf\u00f8rt tre beholdere utenfor boligen.<\/p>\n\n\n\n<figure class=\"wp-block-image size-large\"><img loading=\"lazy\" decoding=\"async\" width=\"1024\" height=\"683\" src=\"https:\/\/d2t31hwrov8bve.cloudfront.net\/wp-content\/uploads\/sites\/3\/2024\/06\/27162156\/UAM-utrulling-forste-dag-2023-19-1024x683.jpg\" alt=\"\" class=\"wp-image-2554\" srcset=\"https:\/\/d2t31hwrov8bve.cloudfront.net\/wp-content\/uploads\/sites\/3\/2024\/06\/27162156\/UAM-utrulling-forste-dag-2023-19-1024x683.jpg 1024w, https:\/\/d2t31hwrov8bve.cloudfront.net\/wp-content\/uploads\/sites\/3\/2024\/06\/27162156\/UAM-utrulling-forste-dag-2023-19-300x200.jpg 300w, https:\/\/d2t31hwrov8bve.cloudfront.net\/wp-content\/uploads\/sites\/3\/2024\/06\/27162156\/UAM-utrulling-forste-dag-2023-19-1536x1024.jpg 1536w, https:\/\/d2t31hwrov8bve.cloudfront.net\/wp-content\/uploads\/sites\/3\/2024\/06\/27162156\/UAM-utrulling-forste-dag-2023-19-2048x1365.jpg 2048w\" sizes=\"auto, (max-width: 1024px) 100vw, 1024px\" \/><figcaption class=\"wp-element-caption\">F\u00f8rste dag med utrulling p\u00e5 Ranheim, 6. februar 2023. Her ble de f\u00f8rste beholderne satt ut.<\/figcaption><\/figure>\n\n\n\n<h2 class=\"wp-block-heading\">De fleste er forn\u00f8yd<\/h2>\n\n\n\n<p>P\u00e5 forh\u00e5nd var mange spente p\u00e5 den nye kildesorteringsordningen. Vi har snakket med folk langs v\u00e5r vei, og vi har svart p\u00e5 telefon og e-post p\u00e5 kundesenteret. De fleste er godt forn\u00f8yd med \u00e5 endelig kunne sortere ut matavfallet sitt i Trondheim. Det er ogs\u00e5 svaret vi fikk da vi gjennomf\u00f8rte en st\u00f8rre sp\u00f8rreunders\u00f8kelse i vinter.<\/p>\n\n\n\n<p>79 prosent svarte at de var enten forn\u00f8yd (41 prosent), veldig forn\u00f8yd (25 prosent) og n\u00f8ytral (13 prosent) til den nye ordningen. 13 prosent var misforn\u00f8yd, mens 6 prosent var veldig misforn\u00f8yd. Les mer om hva de som er misforn\u00f8yde reagerer p\u00e5 lenger ned i saken.<\/p>\n\n\n\n\n\n\n\n<figure class=\"wp-block-image size-large\"><img loading=\"lazy\" decoding=\"async\" width=\"1024\" height=\"683\" src=\"https:\/\/d2t31hwrov8bve.cloudfront.net\/wp-content\/uploads\/sites\/3\/2024\/06\/27162154\/forste-del-av-storprosjektet-er-unnagjort-na-venter-resten-av-byen-1024x683.jpg\" alt=\"F\u00f8rste del av storprosjektet er unnagjort \u2013 n\u00e5 venter resten av byen 1\" class=\"wp-image-2558\" srcset=\"https:\/\/d2t31hwrov8bve.cloudfront.net\/wp-content\/uploads\/sites\/3\/2024\/06\/27162154\/forste-del-av-storprosjektet-er-unnagjort-na-venter-resten-av-byen-1024x683.jpg 1024w, https:\/\/d2t31hwrov8bve.cloudfront.net\/wp-content\/uploads\/sites\/3\/2024\/06\/27162154\/forste-del-av-storprosjektet-er-unnagjort-na-venter-resten-av-byen-300x200.jpg 300w, https:\/\/d2t31hwrov8bve.cloudfront.net\/wp-content\/uploads\/sites\/3\/2024\/06\/27162154\/forste-del-av-storprosjektet-er-unnagjort-na-venter-resten-av-byen-1536x1024.jpg 1536w, https:\/\/d2t31hwrov8bve.cloudfront.net\/wp-content\/uploads\/sites\/3\/2024\/06\/27162154\/forste-del-av-storprosjektet-er-unnagjort-na-venter-resten-av-byen-2048x1365.jpg 2048w\" sizes=\"auto, (max-width: 1024px) 100vw, 1024px\" \/><figcaption class=\"wp-element-caption\">&laquo;Skall, skrell, skrotter og grut &#8211; n\u00e5 skal matavfall sorteres ut&raquo;. Mange har ventet p\u00e5 \u00e5 f\u00e5 sortere ut matavfallet i Trondheim. <\/figcaption><\/figure>\n\n\n\n<h2 class=\"wp-block-heading\">Restavfallsmengdene g\u00e5r ned<\/h2>\n\n\n\n<p><br>\u00c5 kunne sortere matavfallet har lenge v\u00e6rt \u00f8nsket. Da ser vi ogs\u00e5 at restavfallsmengdene g\u00e5r betydelig ned. Derfor er ogs\u00e5 hentefrekvensen p\u00e5 restavfallet endret \u2013 fra hver 2. uke til hver 4. uke. Dette er ogs\u00e5 l\u00f8sningen i flere andre kommuner og i omr\u00e5dene som har f\u00e5tt den nye l\u00f8sningen, ser vi at restavfallsmengdene er halvert! Det sv\u00e6rt gode resultater.<br>Egen beholder for glass- og metallemballasje har ogs\u00e5 blitt tatt godt imot. De fleste opplever det som langt enklere \u00e5 bli kvitt glass- og metallemballasjen n\u00e5.<br><\/p>\n\n\n\n<h2 class=\"wp-block-heading\">Hva sier de som er misforn\u00f8yd?<\/h2>\n\n\n\n<p>Men endring er ikke alltid like enkelt \u2013 eller velkomment. Det vet vi ogs\u00e5.<br>I sp\u00f8rreunders\u00f8kelsen spurte vi de som sa at de var misforn\u00f8yd eller sv\u00e6rt misforn\u00f8yd med den nye ordningen om hva de reagerte mest p\u00e5.<\/p>\n\n\n\n<figure class=\"wp-block-image size-large\"><img loading=\"lazy\" decoding=\"async\" width=\"1024\" height=\"768\" src=\"https:\/\/d2t31hwrov8bve.cloudfront.net\/wp-content\/uploads\/sites\/3\/2024\/06\/27162153\/forste-del-av-storprosjektet-er-unnagjort-na-venter-resten-av-byen-3-1024x768.jpg\" alt=\"F\u00f8rste del av storprosjektet er unnagjort \u2013 n\u00e5 venter resten av byen 3\" class=\"wp-image-2560\" srcset=\"https:\/\/d2t31hwrov8bve.cloudfront.net\/wp-content\/uploads\/sites\/3\/2024\/06\/27162153\/forste-del-av-storprosjektet-er-unnagjort-na-venter-resten-av-byen-3-1024x768.jpg 1024w, https:\/\/d2t31hwrov8bve.cloudfront.net\/wp-content\/uploads\/sites\/3\/2024\/06\/27162153\/forste-del-av-storprosjektet-er-unnagjort-na-venter-resten-av-byen-3-300x225.jpg 300w, https:\/\/d2t31hwrov8bve.cloudfront.net\/wp-content\/uploads\/sites\/3\/2024\/06\/27162153\/forste-del-av-storprosjektet-er-unnagjort-na-venter-resten-av-byen-3-1536x1152.jpg 1536w, https:\/\/d2t31hwrov8bve.cloudfront.net\/wp-content\/uploads\/sites\/3\/2024\/06\/27162153\/forste-del-av-storprosjektet-er-unnagjort-na-venter-resten-av-byen-3-2048x1536.jpg 2048w\" sizes=\"auto, (max-width: 1024px) 100vw, 1024px\" \/><figcaption class=\"wp-element-caption\">Plastsekk som henger ute p\u00e5 beholderne. Et vanlig syn rundt om i landet &#8211; og n\u00e5 ogs\u00e5 i Trondheim.<\/figcaption><\/figure>\n\n\n\n<p><br>Av dem som er misforn\u00f8yd svarte 38 % at de synes sortering av plastemballasje i sekk er upraktisk og 19 % at de ikke \u00f8nsker\/har plass til flere beholdere utenfor boligen.<br>Vi har siden v\u00e5ren 2023 tilbudt kj\u00f8p av brukte avfallsbeholdere til mellomlagring av plastemballasje og dette har v\u00e6rt en popul\u00e6r ordning.<br>Vi har v\u00e6rt i dialog med kolleger fra andre renovasjonsselskaper i landet som har hatt plastsekk-l\u00f8sning lenge. Ingen forteller om store problemer med plastsekker p\u00e5 avveie eller fors\u00f8pling. Kundene har l\u00e6rt seg l\u00f8sningen og hvordan de h\u00e5ndterer plastsekkene over tid. Det regner vi ogs\u00e5 med at vil skje i Trondheim.<\/p>\n\n\n\n<h2 class=\"wp-block-heading\">Mange bruker app for t\u00f8mmeplan<\/h2>\n\n\n\n<p>For \u00e5 informere husholdningene har vi brukt b\u00e5de brev i post, informasjon p\u00e5 d\u00f8ra, i tillegg til at prosjektet har f\u00e5tt en god del medieomtale.<\/p>\n\n\n\n<figure class=\"wp-block-image size-large\"><img loading=\"lazy\" decoding=\"async\" width=\"1024\" height=\"683\" src=\"https:\/\/d2t31hwrov8bve.cloudfront.net\/wp-content\/uploads\/sites\/3\/2024\/06\/27162154\/forste-del-av-storprosjektet-er-unnagjort-na-venter-resten-av-byen-2-1024x683.jpg\" alt=\"F\u00f8rste del av storprosjektet er unnagjort \u2013 n\u00e5 venter resten av byen 2\" class=\"wp-image-2559\" srcset=\"https:\/\/d2t31hwrov8bve.cloudfront.net\/wp-content\/uploads\/sites\/3\/2024\/06\/27162154\/forste-del-av-storprosjektet-er-unnagjort-na-venter-resten-av-byen-2-1024x683.jpg 1024w, https:\/\/d2t31hwrov8bve.cloudfront.net\/wp-content\/uploads\/sites\/3\/2024\/06\/27162154\/forste-del-av-storprosjektet-er-unnagjort-na-venter-resten-av-byen-2-300x200.jpg 300w, https:\/\/d2t31hwrov8bve.cloudfront.net\/wp-content\/uploads\/sites\/3\/2024\/06\/27162154\/forste-del-av-storprosjektet-er-unnagjort-na-venter-resten-av-byen-2-1536x1024.jpg 1536w, https:\/\/d2t31hwrov8bve.cloudfront.net\/wp-content\/uploads\/sites\/3\/2024\/06\/27162154\/forste-del-av-storprosjektet-er-unnagjort-na-venter-resten-av-byen-2-2048x1365.jpg 2048w\" sizes=\"auto, (max-width: 1024px) 100vw, 1024px\" \/><figcaption class=\"wp-element-caption\">Startpakken som deles ut til husholdningene inneholder informasjon, sorteringslister, bioposer til matavfall, plastsekker til plastemballasje og en luftet kurv til matavfallsposene.<\/figcaption><\/figure>\n\n\n\n<p><br>75 % er enten forn\u00f8yd eller sv\u00e6rt forn\u00f8yd med informasjonen de har f\u00e5tt om den nye ordningen. 19 % er n\u00f8ytrale, og 1 % er misforn\u00f8yd.<br>78 % bruker appen \u201cT\u00f8mmeplan Trondheim\u201d for \u00e5 f\u00e5 informasjon om n\u00e5r avfallet t\u00f8mmes. 9 % bruker t\u00f8mmeplanen som ligger p\u00e5 trv.no.<\/p>\n\n\n\n<figure class=\"wp-block-image size-large\"><img loading=\"lazy\" decoding=\"async\" width=\"1024\" height=\"682\" src=\"https:\/\/d2t31hwrov8bve.cloudfront.net\/wp-content\/uploads\/sites\/3\/2024\/06\/27162152\/image-1024x682.png\" alt=\"\" class=\"wp-image-2564\" srcset=\"https:\/\/d2t31hwrov8bve.cloudfront.net\/wp-content\/uploads\/sites\/3\/2024\/06\/27162152\/image-1024x682.png 1024w, https:\/\/d2t31hwrov8bve.cloudfront.net\/wp-content\/uploads\/sites\/3\/2024\/06\/27162152\/image-300x200.png 300w, https:\/\/d2t31hwrov8bve.cloudfront.net\/wp-content\/uploads\/sites\/3\/2024\/06\/27162152\/image-1536x1023.png 1536w, https:\/\/d2t31hwrov8bve.cloudfront.net\/wp-content\/uploads\/sites\/3\/2024\/06\/27162152\/image.png 1600w\" sizes=\"auto, (max-width: 1024px) 100vw, 1024px\" \/><figcaption class=\"wp-element-caption\">Mange bruker Trondheim Renholdsverks app &laquo;T\u00f8mmeplan Trondheim&raquo;.<\/figcaption><\/figure>\n\n\n\n<p>Avfallsl\u00f8sningene rundt om i byen er en del av hverdagen til oss alle. Fortsatt trengs det justeringer her og der, og mange m\u00e5 venne seg p\u00e5 nye vaner. Men alt i alt opplever vi at innf\u00f8ringen av den nye ordningen har g\u00e5tt veldig bra.<br>Det har tatt tid \u00e5 f\u00e5 dette p\u00e5 plass, det vet vi. S\u00e5 takk for t\u00e5lmodigheten!<\/p>\n\n\n\n\n\n\n\n<figure class=\"wp-block-image size-large\"><img loading=\"lazy\" decoding=\"async\" width=\"1024\" height=\"683\" src=\"https:\/\/d2t31hwrov8bve.cloudfront.net\/wp-content\/uploads\/sites\/3\/2024\/06\/27162157\/2024-05-UAM-team-Utsikten-jubel-1024x683.jpg\" alt=\"\" class=\"wp-image-2553\" srcset=\"https:\/\/d2t31hwrov8bve.cloudfront.net\/wp-content\/uploads\/sites\/3\/2024\/06\/27162157\/2024-05-UAM-team-Utsikten-jubel-1024x683.jpg 1024w, https:\/\/d2t31hwrov8bve.cloudfront.net\/wp-content\/uploads\/sites\/3\/2024\/06\/27162157\/2024-05-UAM-team-Utsikten-jubel-300x200.jpg 300w, https:\/\/d2t31hwrov8bve.cloudfront.net\/wp-content\/uploads\/sites\/3\/2024\/06\/27162157\/2024-05-UAM-team-Utsikten-jubel-1536x1024.jpg 1536w, https:\/\/d2t31hwrov8bve.cloudfront.net\/wp-content\/uploads\/sites\/3\/2024\/06\/27162157\/2024-05-UAM-team-Utsikten-jubel-2048x1365.jpg 2048w\" sizes=\"auto, (max-width: 1024px) 100vw, 1024px\" \/><figcaption class=\"wp-element-caption\">Dette er laget som har s\u00f8rget for \u00e5 sette ut den nye avfallsl\u00f8sningen i Trondheim. Her fra Utsikten i juni 2024.<\/figcaption><\/figure>\n\n\n\n\n","protected":false},"excerpt":{"rendered":"<p>55 000 husholdninger i Trondheim f\u00e5tt den nye avfallsl\u00f8sningen. Er du en av dem som har gr\u00f8nne plastbeholdere for avfallet utenfor huset ditt, har du i l\u00f8pet av det siste 1,5 \u00e5ret f\u00e5tt den nye avfallsl\u00f8sningen.Du har kanskje sett et lite tog av TRV-biler komme gjennom gata di? Vi har kj\u00f8rt gjennom n\u00e6rmest hver eneste [&hellip;]<\/p>\n","protected":false},"author":206,"featured_media":2549,"comment_status":"closed","ping_status":"closed","sticky":false,"template":"","format":"standard","meta":{"_acf_changed":false,"inline_featured_image":false,"video_field":"","footnotes":""},"categories":[9,62,34,1],"tags":[],"class_list":["post-2548","post","type-post","status-publish","format-standard","has-post-thumbnail","hentry","category-avfallssortering","category-glass-og-metallemballasje","category-materialgjenvinning","category-ukategorisert"],"yoast_head":"<!-- This site is optimized with the Yoast SEO plugin v27.3 - https:\/\/yoast.com\/product\/yoast-seo-wordpress\/ -->\n<title>F\u00f8rste del av storprosjektet er unnagjort \u2013 n\u00e5 venter resten av byen - R\u00e5stoff<\/title>\n<meta name=\"robots\" content=\"index, follow, max-snippet:-1, max-image-preview:large, max-video-preview:-1\" \/>\n<link rel=\"canonical\" href=\"https:\/\/trv.no\/rastoff\/forste-del-av-storprosjektet-er-unnagjort-na-venter-resten-av-byen\/\" \/>\n<meta property=\"og:locale\" content=\"nb_NO\" \/>\n<meta property=\"og:type\" content=\"article\" \/>\n<meta property=\"og:title\" content=\"F\u00f8rste del av storprosjektet er unnagjort \u2013 n\u00e5 venter resten av byen - R\u00e5stoff\" \/>\n<meta property=\"og:description\" content=\"55 000 husholdninger i Trondheim f\u00e5tt den nye avfallsl\u00f8sningen. Er du en av dem som har gr\u00f8nne plastbeholdere for avfallet utenfor huset ditt, har du i l\u00f8pet av det siste 1,5 \u00e5ret f\u00e5tt den nye avfallsl\u00f8sningen.Du har kanskje sett et lite tog av TRV-biler komme gjennom gata di? Vi har kj\u00f8rt gjennom n\u00e6rmest hver eneste [&hellip;]\" \/>\n<meta property=\"og:url\" content=\"https:\/\/trv.no\/rastoff\/forste-del-av-storprosjektet-er-unnagjort-na-venter-resten-av-byen\/\" \/>\n<meta property=\"og:site_name\" content=\"R\u00e5stoff\" \/>\n<meta property=\"article:published_time\" content=\"2024-06-26T11:32:50+00:00\" \/>\n<meta property=\"article:modified_time\" content=\"2024-08-08T08:58:47+00:00\" \/>\n<meta property=\"og:image\" content=\"https:\/\/trv.no\/rastoff\/wp-content\/uploads\/sites\/3\/2024\/06\/automatisk-kladd-1024x517.png\" \/>\n\t<meta property=\"og:image:width\" content=\"1024\" \/>\n\t<meta property=\"og:image:height\" content=\"517\" \/>\n\t<meta property=\"og:image:type\" content=\"image\/png\" \/>\n<meta name=\"author\" content=\"bard\" \/>\n<meta name=\"twitter:card\" content=\"summary_large_image\" \/>\n<meta name=\"twitter:label1\" content=\"Skrevet av\" \/>\n\t<meta name=\"twitter:data1\" content=\"bard\" \/>\n\t<meta name=\"twitter:label2\" content=\"Ansl. lesetid\" \/>\n\t<meta name=\"twitter:data2\" content=\"7 minutter\" \/>\n<script type=\"application\/ld+json\" class=\"yoast-schema-graph\">{\"@context\":\"https:\\\/\\\/schema.org\",\"@graph\":[{\"@type\":\"Article\",\"@id\":\"https:\\\/\\\/trv.no\\\/rastoff\\\/forste-del-av-storprosjektet-er-unnagjort-na-venter-resten-av-byen\\\/#article\",\"isPartOf\":{\"@id\":\"https:\\\/\\\/trv.no\\\/rastoff\\\/forste-del-av-storprosjektet-er-unnagjort-na-venter-resten-av-byen\\\/\"},\"author\":{\"name\":\"bard\",\"@id\":\"https:\\\/\\\/trv.no\\\/rastoff\\\/#\\\/schema\\\/person\\\/d18343c9bba2db13e7f656da2d73be0c\"},\"headline\":\"F\u00f8rste del av storprosjektet er unnagjort \u2013 n\u00e5 venter resten av byen\",\"datePublished\":\"2024-06-26T11:32:50+00:00\",\"dateModified\":\"2024-08-08T08:58:47+00:00\",\"mainEntityOfPage\":{\"@id\":\"https:\\\/\\\/trv.no\\\/rastoff\\\/forste-del-av-storprosjektet-er-unnagjort-na-venter-resten-av-byen\\\/\"},\"wordCount\":963,\"publisher\":{\"@id\":\"https:\\\/\\\/trv.no\\\/rastoff\\\/#organization\"},\"image\":{\"@id\":\"https:\\\/\\\/trv.no\\\/rastoff\\\/forste-del-av-storprosjektet-er-unnagjort-na-venter-resten-av-byen\\\/#primaryimage\"},\"thumbnailUrl\":\"https:\\\/\\\/d2t31hwrov8bve.cloudfront.net\\\/wp-content\\\/uploads\\\/sites\\\/3\\\/2024\\\/06\\\/27162159\\\/automatisk-kladd.png\",\"articleSection\":[\"Avfallssortering\",\"Glass- og metallemballasje\",\"Materialgjenvinning\"],\"inLanguage\":\"nb-NO\"},{\"@type\":\"WebPage\",\"@id\":\"https:\\\/\\\/trv.no\\\/rastoff\\\/forste-del-av-storprosjektet-er-unnagjort-na-venter-resten-av-byen\\\/\",\"url\":\"https:\\\/\\\/trv.no\\\/rastoff\\\/forste-del-av-storprosjektet-er-unnagjort-na-venter-resten-av-byen\\\/\",\"name\":\"F\u00f8rste del av storprosjektet er unnagjort \u2013 n\u00e5 venter resten av byen - R\u00e5stoff\",\"isPartOf\":{\"@id\":\"https:\\\/\\\/trv.no\\\/rastoff\\\/#website\"},\"primaryImageOfPage\":{\"@id\":\"https:\\\/\\\/trv.no\\\/rastoff\\\/forste-del-av-storprosjektet-er-unnagjort-na-venter-resten-av-byen\\\/#primaryimage\"},\"image\":{\"@id\":\"https:\\\/\\\/trv.no\\\/rastoff\\\/forste-del-av-storprosjektet-er-unnagjort-na-venter-resten-av-byen\\\/#primaryimage\"},\"thumbnailUrl\":\"https:\\\/\\\/d2t31hwrov8bve.cloudfront.net\\\/wp-content\\\/uploads\\\/sites\\\/3\\\/2024\\\/06\\\/27162159\\\/automatisk-kladd.png\",\"datePublished\":\"2024-06-26T11:32:50+00:00\",\"dateModified\":\"2024-08-08T08:58:47+00:00\",\"breadcrumb\":{\"@id\":\"https:\\\/\\\/trv.no\\\/rastoff\\\/forste-del-av-storprosjektet-er-unnagjort-na-venter-resten-av-byen\\\/#breadcrumb\"},\"inLanguage\":\"nb-NO\",\"potentialAction\":[{\"@type\":\"ReadAction\",\"target\":[\"https:\\\/\\\/trv.no\\\/rastoff\\\/forste-del-av-storprosjektet-er-unnagjort-na-venter-resten-av-byen\\\/\"]}]},{\"@type\":\"ImageObject\",\"inLanguage\":\"nb-NO\",\"@id\":\"https:\\\/\\\/trv.no\\\/rastoff\\\/forste-del-av-storprosjektet-er-unnagjort-na-venter-resten-av-byen\\\/#primaryimage\",\"url\":\"https:\\\/\\\/d2t31hwrov8bve.cloudfront.net\\\/wp-content\\\/uploads\\\/sites\\\/3\\\/2024\\\/06\\\/27162159\\\/automatisk-kladd.png\",\"contentUrl\":\"https:\\\/\\\/d2t31hwrov8bve.cloudfront.net\\\/wp-content\\\/uploads\\\/sites\\\/3\\\/2024\\\/06\\\/27162159\\\/automatisk-kladd.png\",\"width\":2876,\"height\":1451,\"caption\":\"Automatisk kladd\"},{\"@type\":\"BreadcrumbList\",\"@id\":\"https:\\\/\\\/trv.no\\\/rastoff\\\/forste-del-av-storprosjektet-er-unnagjort-na-venter-resten-av-byen\\\/#breadcrumb\",\"itemListElement\":[{\"@type\":\"ListItem\",\"position\":1,\"name\":\"Hjem\",\"item\":\"https:\\\/\\\/trv.no\\\/rastoff\\\/\"},{\"@type\":\"ListItem\",\"position\":2,\"name\":\"F\u00f8rste del av storprosjektet er unnagjort \u2013 n\u00e5 venter resten av byen\"}]},{\"@type\":\"WebSite\",\"@id\":\"https:\\\/\\\/trv.no\\\/rastoff\\\/#website\",\"url\":\"https:\\\/\\\/trv.no\\\/rastoff\\\/\",\"name\":\"R\u00e5stoff\",\"description\":\"Bare enda et Trondheim Renholdsverk nettsteder-nettsted\",\"publisher\":{\"@id\":\"https:\\\/\\\/trv.no\\\/rastoff\\\/#organization\"},\"potentialAction\":[{\"@type\":\"SearchAction\",\"target\":{\"@type\":\"EntryPoint\",\"urlTemplate\":\"https:\\\/\\\/trv.no\\\/rastoff\\\/?s={search_term_string}\"},\"query-input\":{\"@type\":\"PropertyValueSpecification\",\"valueRequired\":true,\"valueName\":\"search_term_string\"}}],\"inLanguage\":\"nb-NO\"},{\"@type\":\"Organization\",\"@id\":\"https:\\\/\\\/trv.no\\\/rastoff\\\/#organization\",\"name\":\"TRV\",\"url\":\"https:\\\/\\\/trv.no\\\/rastoff\\\/\",\"logo\":{\"@type\":\"ImageObject\",\"inLanguage\":\"nb-NO\",\"@id\":\"https:\\\/\\\/trv.no\\\/rastoff\\\/#\\\/schema\\\/logo\\\/image\\\/\",\"url\":\"https:\\\/\\\/d2t31hwrov8bve.cloudfront.net\\\/wp-content\\\/uploads\\\/sites\\\/3\\\/2019\\\/08\\\/27162735\\\/trvlogo-1.png\",\"contentUrl\":\"https:\\\/\\\/d2t31hwrov8bve.cloudfront.net\\\/wp-content\\\/uploads\\\/sites\\\/3\\\/2019\\\/08\\\/27162735\\\/trvlogo-1.png\",\"width\":579,\"height\":192,\"caption\":\"TRV\"},\"image\":{\"@id\":\"https:\\\/\\\/trv.no\\\/rastoff\\\/#\\\/schema\\\/logo\\\/image\\\/\"}},{\"@type\":\"Person\",\"@id\":\"https:\\\/\\\/trv.no\\\/rastoff\\\/#\\\/schema\\\/person\\\/d18343c9bba2db13e7f656da2d73be0c\",\"name\":\"bard\",\"image\":{\"@type\":\"ImageObject\",\"inLanguage\":\"nb-NO\",\"@id\":\"https:\\\/\\\/secure.gravatar.com\\\/avatar\\\/5ed2d987974a57ca735daa3587bdd3b4667027cf0f5628de724c038c2b6481ef?s=96&d=mm&r=g\",\"url\":\"https:\\\/\\\/secure.gravatar.com\\\/avatar\\\/5ed2d987974a57ca735daa3587bdd3b4667027cf0f5628de724c038c2b6481ef?s=96&d=mm&r=g\",\"contentUrl\":\"https:\\\/\\\/secure.gravatar.com\\\/avatar\\\/5ed2d987974a57ca735daa3587bdd3b4667027cf0f5628de724c038c2b6481ef?s=96&d=mm&r=g\",\"caption\":\"bard\"},\"url\":\"https:\\\/\\\/trv.no\\\/rastoff\\\/author\\\/bard\\\/\"}]}<\/script>\n<!-- \/ Yoast SEO plugin. -->","yoast_head_json":{"title":"F\u00f8rste del av storprosjektet er unnagjort \u2013 n\u00e5 venter resten av byen - R\u00e5stoff","robots":{"index":"index","follow":"follow","max-snippet":"max-snippet:-1","max-image-preview":"max-image-preview:large","max-video-preview":"max-video-preview:-1"},"canonical":"https:\/\/trv.no\/rastoff\/forste-del-av-storprosjektet-er-unnagjort-na-venter-resten-av-byen\/","og_locale":"nb_NO","og_type":"article","og_title":"F\u00f8rste del av storprosjektet er unnagjort \u2013 n\u00e5 venter resten av byen - R\u00e5stoff","og_description":"55 000 husholdninger i Trondheim f\u00e5tt den nye avfallsl\u00f8sningen. Er du en av dem som har gr\u00f8nne plastbeholdere for avfallet utenfor huset ditt, har du i l\u00f8pet av det siste 1,5 \u00e5ret f\u00e5tt den nye avfallsl\u00f8sningen.Du har kanskje sett et lite tog av TRV-biler komme gjennom gata di? Vi har kj\u00f8rt gjennom n\u00e6rmest hver eneste [&hellip;]","og_url":"https:\/\/trv.no\/rastoff\/forste-del-av-storprosjektet-er-unnagjort-na-venter-resten-av-byen\/","og_site_name":"R\u00e5stoff","article_published_time":"2024-06-26T11:32:50+00:00","article_modified_time":"2024-08-08T08:58:47+00:00","og_image":[{"width":1024,"height":517,"url":"https:\/\/trv.no\/rastoff\/wp-content\/uploads\/sites\/3\/2024\/06\/automatisk-kladd-1024x517.png","type":"image\/png"}],"author":"bard","twitter_card":"summary_large_image","twitter_misc":{"Skrevet av":"bard","Ansl. lesetid":"7 minutter"},"schema":{"@context":"https:\/\/schema.org","@graph":[{"@type":"Article","@id":"https:\/\/trv.no\/rastoff\/forste-del-av-storprosjektet-er-unnagjort-na-venter-resten-av-byen\/#article","isPartOf":{"@id":"https:\/\/trv.no\/rastoff\/forste-del-av-storprosjektet-er-unnagjort-na-venter-resten-av-byen\/"},"author":{"name":"bard","@id":"https:\/\/trv.no\/rastoff\/#\/schema\/person\/d18343c9bba2db13e7f656da2d73be0c"},"headline":"F\u00f8rste del av storprosjektet er unnagjort \u2013 n\u00e5 venter resten av byen","datePublished":"2024-06-26T11:32:50+00:00","dateModified":"2024-08-08T08:58:47+00:00","mainEntityOfPage":{"@id":"https:\/\/trv.no\/rastoff\/forste-del-av-storprosjektet-er-unnagjort-na-venter-resten-av-byen\/"},"wordCount":963,"publisher":{"@id":"https:\/\/trv.no\/rastoff\/#organization"},"image":{"@id":"https:\/\/trv.no\/rastoff\/forste-del-av-storprosjektet-er-unnagjort-na-venter-resten-av-byen\/#primaryimage"},"thumbnailUrl":"https:\/\/d2t31hwrov8bve.cloudfront.net\/wp-content\/uploads\/sites\/3\/2024\/06\/27162159\/automatisk-kladd.png","articleSection":["Avfallssortering","Glass- og metallemballasje","Materialgjenvinning"],"inLanguage":"nb-NO"},{"@type":"WebPage","@id":"https:\/\/trv.no\/rastoff\/forste-del-av-storprosjektet-er-unnagjort-na-venter-resten-av-byen\/","url":"https:\/\/trv.no\/rastoff\/forste-del-av-storprosjektet-er-unnagjort-na-venter-resten-av-byen\/","name":"F\u00f8rste del av storprosjektet er unnagjort \u2013 n\u00e5 venter resten av byen - R\u00e5stoff","isPartOf":{"@id":"https:\/\/trv.no\/rastoff\/#website"},"primaryImageOfPage":{"@id":"https:\/\/trv.no\/rastoff\/forste-del-av-storprosjektet-er-unnagjort-na-venter-resten-av-byen\/#primaryimage"},"image":{"@id":"https:\/\/trv.no\/rastoff\/forste-del-av-storprosjektet-er-unnagjort-na-venter-resten-av-byen\/#primaryimage"},"thumbnailUrl":"https:\/\/d2t31hwrov8bve.cloudfront.net\/wp-content\/uploads\/sites\/3\/2024\/06\/27162159\/automatisk-kladd.png","datePublished":"2024-06-26T11:32:50+00:00","dateModified":"2024-08-08T08:58:47+00:00","breadcrumb":{"@id":"https:\/\/trv.no\/rastoff\/forste-del-av-storprosjektet-er-unnagjort-na-venter-resten-av-byen\/#breadcrumb"},"inLanguage":"nb-NO","potentialAction":[{"@type":"ReadAction","target":["https:\/\/trv.no\/rastoff\/forste-del-av-storprosjektet-er-unnagjort-na-venter-resten-av-byen\/"]}]},{"@type":"ImageObject","inLanguage":"nb-NO","@id":"https:\/\/trv.no\/rastoff\/forste-del-av-storprosjektet-er-unnagjort-na-venter-resten-av-byen\/#primaryimage","url":"https:\/\/d2t31hwrov8bve.cloudfront.net\/wp-content\/uploads\/sites\/3\/2024\/06\/27162159\/automatisk-kladd.png","contentUrl":"https:\/\/d2t31hwrov8bve.cloudfront.net\/wp-content\/uploads\/sites\/3\/2024\/06\/27162159\/automatisk-kladd.png","width":2876,"height":1451,"caption":"Automatisk kladd"},{"@type":"BreadcrumbList","@id":"https:\/\/trv.no\/rastoff\/forste-del-av-storprosjektet-er-unnagjort-na-venter-resten-av-byen\/#breadcrumb","itemListElement":[{"@type":"ListItem","position":1,"name":"Hjem","item":"https:\/\/trv.no\/rastoff\/"},{"@type":"ListItem","position":2,"name":"F\u00f8rste del av storprosjektet er unnagjort \u2013 n\u00e5 venter resten av byen"}]},{"@type":"WebSite","@id":"https:\/\/trv.no\/rastoff\/#website","url":"https:\/\/trv.no\/rastoff\/","name":"R\u00e5stoff","description":"Bare enda et Trondheim Renholdsverk nettsteder-nettsted","publisher":{"@id":"https:\/\/trv.no\/rastoff\/#organization"},"potentialAction":[{"@type":"SearchAction","target":{"@type":"EntryPoint","urlTemplate":"https:\/\/trv.no\/rastoff\/?s={search_term_string}"},"query-input":{"@type":"PropertyValueSpecification","valueRequired":true,"valueName":"search_term_string"}}],"inLanguage":"nb-NO"},{"@type":"Organization","@id":"https:\/\/trv.no\/rastoff\/#organization","name":"TRV","url":"https:\/\/trv.no\/rastoff\/","logo":{"@type":"ImageObject","inLanguage":"nb-NO","@id":"https:\/\/trv.no\/rastoff\/#\/schema\/logo\/image\/","url":"https:\/\/d2t31hwrov8bve.cloudfront.net\/wp-content\/uploads\/sites\/3\/2019\/08\/27162735\/trvlogo-1.png","contentUrl":"https:\/\/d2t31hwrov8bve.cloudfront.net\/wp-content\/uploads\/sites\/3\/2019\/08\/27162735\/trvlogo-1.png","width":579,"height":192,"caption":"TRV"},"image":{"@id":"https:\/\/trv.no\/rastoff\/#\/schema\/logo\/image\/"}},{"@type":"Person","@id":"https:\/\/trv.no\/rastoff\/#\/schema\/person\/d18343c9bba2db13e7f656da2d73be0c","name":"bard","image":{"@type":"ImageObject","inLanguage":"nb-NO","@id":"https:\/\/secure.gravatar.com\/avatar\/5ed2d987974a57ca735daa3587bdd3b4667027cf0f5628de724c038c2b6481ef?s=96&d=mm&r=g","url":"https:\/\/secure.gravatar.com\/avatar\/5ed2d987974a57ca735daa3587bdd3b4667027cf0f5628de724c038c2b6481ef?s=96&d=mm&r=g","contentUrl":"https:\/\/secure.gravatar.com\/avatar\/5ed2d987974a57ca735daa3587bdd3b4667027cf0f5628de724c038c2b6481ef?s=96&d=mm&r=g","caption":"bard"},"url":"https:\/\/trv.no\/rastoff\/author\/bard\/"}]}},"acf":[],"_links":{"self":[{"href":"https:\/\/trv.no\/rastoff\/wp-json\/wp\/v2\/posts\/2548","targetHints":{"allow":["GET"]}}],"collection":[{"href":"https:\/\/trv.no\/rastoff\/wp-json\/wp\/v2\/posts"}],"about":[{"href":"https:\/\/trv.no\/rastoff\/wp-json\/wp\/v2\/types\/post"}],"author":[{"embeddable":true,"href":"https:\/\/trv.no\/rastoff\/wp-json\/wp\/v2\/users\/206"}],"replies":[{"embeddable":true,"href":"https:\/\/trv.no\/rastoff\/wp-json\/wp\/v2\/comments?post=2548"}],"version-history":[{"count":5,"href":"https:\/\/trv.no\/rastoff\/wp-json\/wp\/v2\/posts\/2548\/revisions"}],"predecessor-version":[{"id":2616,"href":"https:\/\/trv.no\/rastoff\/wp-json\/wp\/v2\/posts\/2548\/revisions\/2616"}],"wp:featuredmedia":[{"embeddable":true,"href":"https:\/\/trv.no\/rastoff\/wp-json\/wp\/v2\/media\/2549"}],"wp:attachment":[{"href":"https:\/\/trv.no\/rastoff\/wp-json\/wp\/v2\/media?parent=2548"}],"wp:term":[{"taxonomy":"category","embeddable":true,"href":"https:\/\/trv.no\/rastoff\/wp-json\/wp\/v2\/categories?post=2548"},{"taxonomy":"post_tag","embeddable":true,"href":"https:\/\/trv.no\/rastoff\/wp-json\/wp\/v2\/tags?post=2548"}],"curies":[{"name":"wp","href":"https:\/\/api.w.org\/{rel}","templated":true}]}}