{"id":2607,"date":"2024-09-03T13:53:43","date_gmt":"2024-09-03T11:53:43","guid":{"rendered":"https:\/\/trv.no\/rastoff\/?p=2607"},"modified":"2025-11-13T11:54:16","modified_gmt":"2025-11-13T10:54:16","slug":"kulturnatt-pa-brukom-13-sept-2024","status":"publish","type":"post","link":"https:\/\/trv.no\/rastoff\/kulturnatt-pa-brukom-13-sept-2024\/","title":{"rendered":"Hvordan naturen og v\u00e5rt eget forbruk henger sammen"},"content":{"rendered":"\n<p class=\"has-ingress-font-size\">Kulturnatt p\u00e5 BrukOm fredag 13. september 2024 &#8211; med troll, b\u00e5lkos og kunst<\/p>\n\n\n\n<ul class=\"wp-block-list\">\n<li>Fritidsavdelingen v\u00e5r skal inspirere til tur s\u00e5 du l\u00e6rer \u00e5 bry deg mer om naturen<\/li>\n\n\n\n<li>P\u00e5 workshopen kl. 15-20 kan du lage kunst av avfall inspirert av utstillingen<\/li>\n\n\n\n<li>Ved leirb\u00e5let kl. 17-20 f\u00e5r du l\u00e6re artige aktiviteter som ikke krever masse utstyr<\/li>\n\n\n\n<li>Trollene tar vare p\u00e5 naturen og de kan du se gjennom trolldetektoren kl. 17.30<\/li>\n<\/ul>\n\n\n\n\n\n\n\n\n\n\n\n\n\n\n\n<h2 class=\"wp-block-heading\"><strong>Finn skatter til turen og rydd i naturen<\/strong><\/h2>\n\n\n\n<blockquote class=\"wp-block-quote is-layout-flow wp-block-quote-is-layout-flow\">\n<blockquote class=\"wp-block-quote is-layout-flow wp-block-quote-is-layout-flow\">\n\n<\/blockquote>\n<\/blockquote>\n\n\n\n<p><a href=\"https:\/\/www.facebook.com\/events\/1530509527555613?acontext=%7B%22event_action_history%22%3A[%7B%22mechanism%22%3A%22calendar_tab_event%22%2C%22surface%22%3A%22bookmark_calendar%22%7D]%2C%22ref_notif_type%22%3Anull%7D\">Arrangementet p\u00e5 Facebook (also in english) <\/a><\/p>\n\n\n\n<p>Vi tror at hvis vi er glad i naturen vil vi bry oss mer om hvordan vi forbruker den. For \u00e5 inspirere deg til tur, har vi fylt fritidsavdelingen v\u00e5r med brukte skatter. N\u00e5r vi gjenbruker ting forhindrer vi at nye ressurser blir tatt ut fra naturen.<\/p>\n\n\n\n<figure class=\"wp-block-image size-large\"><img loading=\"lazy\" decoding=\"async\" width=\"1024\" height=\"1024\" src=\"https:\/\/d2t31hwrov8bve.cloudfront.net\/wp-content\/uploads\/sites\/3\/2024\/09\/27162134\/1-BrukOm-skattejakt-1024x1024.jpg\" alt=\"\" class=\"wp-image-2608\" srcset=\"https:\/\/d2t31hwrov8bve.cloudfront.net\/wp-content\/uploads\/sites\/3\/2024\/09\/27162134\/1-BrukOm-skattejakt-1024x1024.jpg 1024w, https:\/\/d2t31hwrov8bve.cloudfront.net\/wp-content\/uploads\/sites\/3\/2024\/09\/27162134\/1-BrukOm-skattejakt-300x300.jpg 300w, https:\/\/d2t31hwrov8bve.cloudfront.net\/wp-content\/uploads\/sites\/3\/2024\/09\/27162134\/1-BrukOm-skattejakt-150x150.jpg 150w, https:\/\/d2t31hwrov8bve.cloudfront.net\/wp-content\/uploads\/sites\/3\/2024\/09\/27162134\/1-BrukOm-skattejakt.jpg 1170w\" sizes=\"auto, (max-width: 1024px) 100vw, 1024px\" \/><\/figure>\n\n\n\n<p>Vi sparker ogs\u00e5 i gang den \u00e5rlige dugnaden &laquo;Strandryddeuka 2024&raquo; hvor hele Norge er med \u00e5 rydde avfall i naturen. Alle som registrerer ryddeaksjonen sin p\u00e5&nbsp;<a href=\"https:\/\/l.facebook.com\/l.php?u=http%3A%2F%2Fryddenorge.no%2F%3Ffbclid%3DIwZXh0bgNhZW0CMTAAAR3sKcV4aqQoNB3jnJWAq7mCUwvP7K7DlUNac6RHiaEF92c21O7KM8UE4Ws_aem_2fCVk8H_SxabO_zLQQozYA&amp;h=AT1DayFU3zOaMqT6sLgknPFCWOTwg7Z0kQYcV_n6SOCivN6VN2qtkDb4xg3CVQS8xYYl2E5hyTro0zPg9XkTMtzUtudVKRKDriBH8yfsUstt_9FQ4wfjs7UJDK1NAMakYOZn&amp;__tn__=q&amp;c[0]=AT0Ms6yBHbpOEEBvOg88uQ2bJ7n6eNNnq12DQmirwEhZ7EXk7cBmdT-bRSuCWysmErKdsQGnUuvE6UuCoi9cXwOf7JZ7hBDnzPl3WptngzB8OY8P3IG4y3OySJCw90XmWIQHAAJw_1p5Tizs6ayh0rWrqf13u9wSMDJ9cRu36id38IAy-E27\" rel=\"noreferrer noopener\" target=\"_blank\">ryddenorge.no<\/a>, kan hente gratis ryddeutstyr fra Hold Midt-Norge Rent hos BrukOm.<\/p>\n\n\n\n\n\n\n\n<h2 class=\"wp-block-heading\"><strong>Stash the Trash &#8211; S\u00f8ppelutstilling og workshop<\/strong><\/h2>\n\n\n\n<p><a href=\"https:\/\/www.facebook.com\/events\/1066394655085696?acontext=%7B%22event_action_history%22%3A[%7B%22extra_data%22%3A%22%22%2C%22mechanism%22%3A%22calendar_tab_event%22%2C%22surface%22%3A%22bookmark_calendar%22%7D%2C%7B%22extra_data%22%3A%22%22%2C%22mechanism%22%3A%22your_upcoming_events_unit%22%2C%22surface%22%3A%22bookmark%22%7D]%2C%22ref_notif_type%22%3Anull%7D\">Arrangementet p\u00e5 Facebook (also in English) <\/a><\/p>\n\n\n\n<p>Ny s\u00f8ppelkunstutstilling av s\u00f8ppelkunstneren Monica Larsen Donovan.<\/p>\n\n\n\n<figure class=\"wp-block-image size-large\"><img loading=\"lazy\" decoding=\"async\" width=\"1024\" height=\"1024\" src=\"https:\/\/d2t31hwrov8bve.cloudfront.net\/wp-content\/uploads\/sites\/3\/2024\/09\/27162134\/1-GarbageKillsUs-1024x1024.jpg\" alt=\"\" class=\"wp-image-2609\" srcset=\"https:\/\/d2t31hwrov8bve.cloudfront.net\/wp-content\/uploads\/sites\/3\/2024\/09\/27162134\/1-GarbageKillsUs-1024x1024.jpg 1024w, https:\/\/d2t31hwrov8bve.cloudfront.net\/wp-content\/uploads\/sites\/3\/2024\/09\/27162134\/1-GarbageKillsUs-300x300.jpg 300w, https:\/\/d2t31hwrov8bve.cloudfront.net\/wp-content\/uploads\/sites\/3\/2024\/09\/27162134\/1-GarbageKillsUs-150x150.jpg 150w, https:\/\/d2t31hwrov8bve.cloudfront.net\/wp-content\/uploads\/sites\/3\/2024\/09\/27162134\/1-GarbageKillsUs.jpg 1080w\" sizes=\"auto, (max-width: 1024px) 100vw, 1024px\" \/><\/figure>\n\n\n\n<p>Denne gangen kan du selv bli med og lage s\u00f8ppelkunst. Monica tar med seg gamle og nye bilder, s\u00f8ppel og andre materialer som kan gjenbrukes og settes sammen til noe nytt og spennende. I tillegg bidrar Brukom med skatter fra Heggstadmoen.<\/p>\n\n\n\n<p>Kl. 18.00 blir det et lite foredrag om s\u00f8ppelkunstprosjektet <a href=\"https:\/\/www.facebook.com\/Gkumis\">Garbage Kills Us Make It Sweet<\/a>. B\u00e5de utstillingen og workshopen passer for b\u00e5de barn og voksne.<\/p>\n\n\n\n\n\n\n\n<h2 class=\"wp-block-heading\"><strong>Leirb\u00e5l, uteleker og grilling av marshmallows<\/strong><\/h2>\n\n\n\n<blockquote class=\"wp-block-quote is-layout-flow wp-block-quote-is-layout-flow\">\n\n<\/blockquote>\n\n\n\n<p><a href=\"https:\/\/www.facebook.com\/events\/1159865268572635?acontext=%7B%22event_action_history%22%3A[%7B%22extra_data%22%3A%22%22%2C%22mechanism%22%3A%22calendar_tab_event%22%2C%22surface%22%3A%22bookmark_calendar%22%7D%2C%7B%22extra_data%22%3A%22%22%2C%22mechanism%22%3A%22your_upcoming_events_unit%22%2C%22surface%22%3A%22bookmark%22%7D%2C%7B%22extra_data%22%3A%22%22%2C%22mechanism%22%3A%22your_upcoming_events_unit%22%2C%22surface%22%3A%22bookmark%22%7D]%2C%22ref_notif_type%22%3Anull%7D\">Arrangementet p\u00e5 Facebook (also in english)<\/a><\/p>\n\n\n\n<p>La oss samles utenfor, rundt leirb\u00e5lets varme i h\u00f8stkvelden!<\/p>\n\n\n\n<figure class=\"wp-block-image size-large\"><img loading=\"lazy\" decoding=\"async\" width=\"1024\" height=\"683\" src=\"https:\/\/d2t31hwrov8bve.cloudfront.net\/wp-content\/uploads\/sites\/3\/2024\/09\/27162133\/1-Barnas-Turlag-DNT-1024x683.jpg\" alt=\"\" class=\"wp-image-2610\" srcset=\"https:\/\/d2t31hwrov8bve.cloudfront.net\/wp-content\/uploads\/sites\/3\/2024\/09\/27162133\/1-Barnas-Turlag-DNT-1024x683.jpg 1024w, https:\/\/d2t31hwrov8bve.cloudfront.net\/wp-content\/uploads\/sites\/3\/2024\/09\/27162133\/1-Barnas-Turlag-DNT-300x200.jpg 300w, https:\/\/d2t31hwrov8bve.cloudfront.net\/wp-content\/uploads\/sites\/3\/2024\/09\/27162133\/1-Barnas-Turlag-DNT-1536x1024.jpg 1536w, https:\/\/d2t31hwrov8bve.cloudfront.net\/wp-content\/uploads\/sites\/3\/2024\/09\/27162133\/1-Barnas-Turlag-DNT-2048x1365.jpg 2048w\" sizes=\"auto, (max-width: 1024px) 100vw, 1024px\" \/><figcaption class=\"wp-element-caption\">B\u00e5lkos i vinterm\u00f8rket i skogen.<\/figcaption><\/figure>\n\n\n\n<p><a href=\"https:\/\/www.facebook.com\/BarnasTurlagiTrondheim\">Barnas Turlag Trondheim<\/a> l\u00e6rer bort uteleker som ikke krever materielle ting, og forteller om aktivitetene sine.<\/p>\n\n\n\n<p>De byr p\u00e5 marshmallows som du kan varme opp p\u00e5 gjenbrukbare grillspyd!<\/p>\n\n\n\n\n\n\n\n<h2 class=\"wp-block-heading\"><strong>Bli kjent med Trollene &#8211; Trollforskning for sm\u00e5 og store<\/strong><\/h2>\n\n\n\n<blockquote class=\"wp-block-quote is-layout-flow wp-block-quote-is-layout-flow\">\n\n<\/blockquote>\n\n\n\n<p><a href=\"https:\/\/www.facebook.com\/events\/1277080406988674\/?acontext=%7B%22event_action_history%22%3A[%7B%22mechanism%22%3A%22calendar_tab_event%22%2C%22surface%22%3A%22bookmark_calendar%22%7D]%2C%22ref_notif_type%22%3Anull%7D\">Arrangementet p\u00e5 Facebook (also in english)<\/a><\/p>\n\n\n\n<p>Bli kjent med trollene fra Trollheimen! <\/p>\n\n\n\n<figure class=\"wp-block-image size-large\"><img loading=\"lazy\" decoding=\"async\" width=\"1024\" height=\"1024\" src=\"https:\/\/d2t31hwrov8bve.cloudfront.net\/wp-content\/uploads\/sites\/3\/2024\/09\/27162132\/1-Home-of-the-Trolls-1024x1024.jpg\" alt=\"\" class=\"wp-image-2611\" srcset=\"https:\/\/d2t31hwrov8bve.cloudfront.net\/wp-content\/uploads\/sites\/3\/2024\/09\/27162132\/1-Home-of-the-Trolls-1024x1024.jpg 1024w, https:\/\/d2t31hwrov8bve.cloudfront.net\/wp-content\/uploads\/sites\/3\/2024\/09\/27162132\/1-Home-of-the-Trolls-300x300.jpg 300w, https:\/\/d2t31hwrov8bve.cloudfront.net\/wp-content\/uploads\/sites\/3\/2024\/09\/27162132\/1-Home-of-the-Trolls-150x150.jpg 150w, https:\/\/d2t31hwrov8bve.cloudfront.net\/wp-content\/uploads\/sites\/3\/2024\/09\/27162132\/1-Home-of-the-Trolls-1536x1536.jpg 1536w, https:\/\/d2t31hwrov8bve.cloudfront.net\/wp-content\/uploads\/sites\/3\/2024\/09\/27162132\/1-Home-of-the-Trolls-2048x2048.jpg 2048w\" sizes=\"auto, (max-width: 1024px) 100vw, 1024px\" \/><\/figure>\n\n\n\n<p>M\u00f8t trollforskerne fra <a href=\"https:\/\/www.facebook.com\/homeofthetrolls\">Home of the Trolls<\/a>, verdens eneste forskningsstasjon for troll. De forteller om trollenes hemmeligheter og hvordan de tar vare p\u00e5 naturen. Kanskje f\u00e5r du se hvordan en ekte troll-detektor virker?<\/p>\n\n\n\n\n\n\n\n<div class=\"wp-block-group\"><div class=\"wp-block-group__inner-container is-layout-constrained wp-block-group-is-layout-constrained\"><\/div><\/div>\n","protected":false},"excerpt":{"rendered":"<p>Kulturnatt p\u00e5 BrukOm fredag 13. september 2024 &#8211; med troll, b\u00e5lkos og kunst Finn skatter til turen og rydd i naturen Arrangementet p\u00e5 Facebook (also in english) Vi tror at hvis vi er glad i naturen vil vi bry oss mer om hvordan vi forbruker den. For \u00e5 inspirere deg til tur, har vi fylt [&hellip;]<\/p>\n","protected":false},"author":7,"featured_media":2613,"comment_status":"closed","ping_status":"closed","sticky":false,"template":"","format":"standard","meta":{"_acf_changed":false,"inline_featured_image":false,"video_field":"","footnotes":""},"categories":[3],"tags":[74,44,10,75,40,76],"class_list":["post-2607","post","type-post","status-publish","format-standard","has-post-thumbnail","hentry","category-brukom","tag-barnas-turlag-trondheim","tag-brukom","tag-gjenbruk","tag-home-of-the-trolls","tag-ombruk","tag-stash-the-trash"],"yoast_head":"<!-- This site is optimized with the Yoast SEO plugin v27.3 - https:\/\/yoast.com\/product\/yoast-seo-wordpress\/ -->\n<title>Hvordan naturen og v\u00e5rt eget forbruk henger sammen - R\u00e5stoff<\/title>\n<meta name=\"robots\" content=\"index, follow, max-snippet:-1, max-image-preview:large, max-video-preview:-1\" \/>\n<link rel=\"canonical\" href=\"https:\/\/trv.no\/rastoff\/kulturnatt-pa-brukom-13-sept-2024\/\" \/>\n<meta property=\"og:locale\" content=\"nb_NO\" \/>\n<meta property=\"og:type\" content=\"article\" \/>\n<meta property=\"og:title\" content=\"Hvordan naturen og v\u00e5rt eget forbruk henger sammen - R\u00e5stoff\" \/>\n<meta property=\"og:description\" content=\"Kulturnatt p\u00e5 BrukOm fredag 13. september 2024 &#8211; med troll, b\u00e5lkos og kunst Finn skatter til turen og rydd i naturen Arrangementet p\u00e5 Facebook (also in english) Vi tror at hvis vi er glad i naturen vil vi bry oss mer om hvordan vi forbruker den. For \u00e5 inspirere deg til tur, har vi fylt [&hellip;]\" \/>\n<meta property=\"og:url\" content=\"https:\/\/trv.no\/rastoff\/kulturnatt-pa-brukom-13-sept-2024\/\" \/>\n<meta property=\"og:site_name\" content=\"R\u00e5stoff\" \/>\n<meta property=\"article:published_time\" content=\"2024-09-03T11:53:43+00:00\" \/>\n<meta property=\"article:modified_time\" content=\"2025-11-13T10:54:16+00:00\" \/>\n<meta property=\"og:image\" content=\"https:\/\/d2t31hwrov8bve.cloudfront.net\/wp-content\/uploads\/sites\/3\/2024\/09\/12094832\/13-september-2024-kulturnatt-pa-brukom-1024x537.png\" \/>\n\t<meta property=\"og:image:width\" content=\"1024\" \/>\n\t<meta property=\"og:image:height\" content=\"537\" \/>\n\t<meta property=\"og:image:type\" content=\"image\/png\" \/>\n<meta name=\"author\" content=\"Tone K. Berg\" \/>\n<meta name=\"twitter:card\" content=\"summary_large_image\" \/>\n<meta name=\"twitter:label1\" content=\"Skrevet av\" \/>\n\t<meta name=\"twitter:data1\" content=\"Tone K. Berg\" \/>\n\t<meta name=\"twitter:label2\" content=\"Ansl. lesetid\" \/>\n\t<meta name=\"twitter:data2\" content=\"3 minutter\" \/>\n<script type=\"application\/ld+json\" class=\"yoast-schema-graph\">{\"@context\":\"https:\\\/\\\/schema.org\",\"@graph\":[{\"@type\":\"Article\",\"@id\":\"https:\\\/\\\/trv.no\\\/rastoff\\\/kulturnatt-pa-brukom-13-sept-2024\\\/#article\",\"isPartOf\":{\"@id\":\"https:\\\/\\\/trv.no\\\/rastoff\\\/kulturnatt-pa-brukom-13-sept-2024\\\/\"},\"author\":{\"name\":\"Tone K. Berg\",\"@id\":\"https:\\\/\\\/trv.no\\\/rastoff\\\/#\\\/schema\\\/person\\\/2274c89de40e6acd8f865ba63cd0a14f\"},\"headline\":\"Hvordan naturen og v\u00e5rt eget forbruk henger sammen\",\"datePublished\":\"2024-09-03T11:53:43+00:00\",\"dateModified\":\"2025-11-13T10:54:16+00:00\",\"mainEntityOfPage\":{\"@id\":\"https:\\\/\\\/trv.no\\\/rastoff\\\/kulturnatt-pa-brukom-13-sept-2024\\\/\"},\"wordCount\":389,\"publisher\":{\"@id\":\"https:\\\/\\\/trv.no\\\/rastoff\\\/#organization\"},\"image\":{\"@id\":\"https:\\\/\\\/trv.no\\\/rastoff\\\/kulturnatt-pa-brukom-13-sept-2024\\\/#primaryimage\"},\"thumbnailUrl\":\"https:\\\/\\\/d2t31hwrov8bve.cloudfront.net\\\/wp-content\\\/uploads\\\/sites\\\/3\\\/2024\\\/09\\\/27162131\\\/13-september-2024-kulturnatt-pa-brukom.png\",\"keywords\":[\"barnas turlag trondheim\",\"BrukOm\",\"gjenbruk\",\"home of the trolls\",\"ombruk\",\"stash the trash\"],\"articleSection\":[\"BrukOM\"],\"inLanguage\":\"nb-NO\"},{\"@type\":\"WebPage\",\"@id\":\"https:\\\/\\\/trv.no\\\/rastoff\\\/kulturnatt-pa-brukom-13-sept-2024\\\/\",\"url\":\"https:\\\/\\\/trv.no\\\/rastoff\\\/kulturnatt-pa-brukom-13-sept-2024\\\/\",\"name\":\"Hvordan naturen og v\u00e5rt eget forbruk henger sammen - R\u00e5stoff\",\"isPartOf\":{\"@id\":\"https:\\\/\\\/trv.no\\\/rastoff\\\/#website\"},\"primaryImageOfPage\":{\"@id\":\"https:\\\/\\\/trv.no\\\/rastoff\\\/kulturnatt-pa-brukom-13-sept-2024\\\/#primaryimage\"},\"image\":{\"@id\":\"https:\\\/\\\/trv.no\\\/rastoff\\\/kulturnatt-pa-brukom-13-sept-2024\\\/#primaryimage\"},\"thumbnailUrl\":\"https:\\\/\\\/d2t31hwrov8bve.cloudfront.net\\\/wp-content\\\/uploads\\\/sites\\\/3\\\/2024\\\/09\\\/27162131\\\/13-september-2024-kulturnatt-pa-brukom.png\",\"datePublished\":\"2024-09-03T11:53:43+00:00\",\"dateModified\":\"2025-11-13T10:54:16+00:00\",\"breadcrumb\":{\"@id\":\"https:\\\/\\\/trv.no\\\/rastoff\\\/kulturnatt-pa-brukom-13-sept-2024\\\/#breadcrumb\"},\"inLanguage\":\"nb-NO\",\"potentialAction\":[{\"@type\":\"ReadAction\",\"target\":[\"https:\\\/\\\/trv.no\\\/rastoff\\\/kulturnatt-pa-brukom-13-sept-2024\\\/\"]}]},{\"@type\":\"ImageObject\",\"inLanguage\":\"nb-NO\",\"@id\":\"https:\\\/\\\/trv.no\\\/rastoff\\\/kulturnatt-pa-brukom-13-sept-2024\\\/#primaryimage\",\"url\":\"https:\\\/\\\/d2t31hwrov8bve.cloudfront.net\\\/wp-content\\\/uploads\\\/sites\\\/3\\\/2024\\\/09\\\/27162131\\\/13-september-2024-kulturnatt-pa-brukom.png\",\"contentUrl\":\"https:\\\/\\\/d2t31hwrov8bve.cloudfront.net\\\/wp-content\\\/uploads\\\/sites\\\/3\\\/2024\\\/09\\\/27162131\\\/13-september-2024-kulturnatt-pa-brukom.png\",\"width\":3019,\"height\":1582,\"caption\":\"13. september 2024: Kulturnatt p\u00e5 BrukOm 4\"},{\"@type\":\"BreadcrumbList\",\"@id\":\"https:\\\/\\\/trv.no\\\/rastoff\\\/kulturnatt-pa-brukom-13-sept-2024\\\/#breadcrumb\",\"itemListElement\":[{\"@type\":\"ListItem\",\"position\":1,\"name\":\"Hjem\",\"item\":\"https:\\\/\\\/trv.no\\\/rastoff\\\/\"},{\"@type\":\"ListItem\",\"position\":2,\"name\":\"Hvordan naturen og v\u00e5rt eget forbruk henger sammen\"}]},{\"@type\":\"WebSite\",\"@id\":\"https:\\\/\\\/trv.no\\\/rastoff\\\/#website\",\"url\":\"https:\\\/\\\/trv.no\\\/rastoff\\\/\",\"name\":\"R\u00e5stoff\",\"description\":\"Bare enda et Trondheim Renholdsverk nettsteder-nettsted\",\"publisher\":{\"@id\":\"https:\\\/\\\/trv.no\\\/rastoff\\\/#organization\"},\"potentialAction\":[{\"@type\":\"SearchAction\",\"target\":{\"@type\":\"EntryPoint\",\"urlTemplate\":\"https:\\\/\\\/trv.no\\\/rastoff\\\/?s={search_term_string}\"},\"query-input\":{\"@type\":\"PropertyValueSpecification\",\"valueRequired\":true,\"valueName\":\"search_term_string\"}}],\"inLanguage\":\"nb-NO\"},{\"@type\":\"Organization\",\"@id\":\"https:\\\/\\\/trv.no\\\/rastoff\\\/#organization\",\"name\":\"TRV\",\"url\":\"https:\\\/\\\/trv.no\\\/rastoff\\\/\",\"logo\":{\"@type\":\"ImageObject\",\"inLanguage\":\"nb-NO\",\"@id\":\"https:\\\/\\\/trv.no\\\/rastoff\\\/#\\\/schema\\\/logo\\\/image\\\/\",\"url\":\"https:\\\/\\\/d2t31hwrov8bve.cloudfront.net\\\/wp-content\\\/uploads\\\/sites\\\/3\\\/2019\\\/08\\\/27162735\\\/trvlogo-1.png\",\"contentUrl\":\"https:\\\/\\\/d2t31hwrov8bve.cloudfront.net\\\/wp-content\\\/uploads\\\/sites\\\/3\\\/2019\\\/08\\\/27162735\\\/trvlogo-1.png\",\"width\":579,\"height\":192,\"caption\":\"TRV\"},\"image\":{\"@id\":\"https:\\\/\\\/trv.no\\\/rastoff\\\/#\\\/schema\\\/logo\\\/image\\\/\"}},{\"@type\":\"Person\",\"@id\":\"https:\\\/\\\/trv.no\\\/rastoff\\\/#\\\/schema\\\/person\\\/2274c89de40e6acd8f865ba63cd0a14f\",\"name\":\"Tone K. Berg\",\"image\":{\"@type\":\"ImageObject\",\"inLanguage\":\"nb-NO\",\"@id\":\"https:\\\/\\\/secure.gravatar.com\\\/avatar\\\/0c20386505dde641ddabe135150b2e8ad50e0526f619ceb70df9c724034007d5?s=96&d=mm&r=g\",\"url\":\"https:\\\/\\\/secure.gravatar.com\\\/avatar\\\/0c20386505dde641ddabe135150b2e8ad50e0526f619ceb70df9c724034007d5?s=96&d=mm&r=g\",\"contentUrl\":\"https:\\\/\\\/secure.gravatar.com\\\/avatar\\\/0c20386505dde641ddabe135150b2e8ad50e0526f619ceb70df9c724034007d5?s=96&d=mm&r=g\",\"caption\":\"Tone K. Berg\"},\"url\":\"https:\\\/\\\/trv.no\\\/rastoff\\\/author\\\/tone-k-berg\\\/\"}]}<\/script>\n<!-- \/ Yoast SEO plugin. -->","yoast_head_json":{"title":"Hvordan naturen og v\u00e5rt eget forbruk henger sammen - R\u00e5stoff","robots":{"index":"index","follow":"follow","max-snippet":"max-snippet:-1","max-image-preview":"max-image-preview:large","max-video-preview":"max-video-preview:-1"},"canonical":"https:\/\/trv.no\/rastoff\/kulturnatt-pa-brukom-13-sept-2024\/","og_locale":"nb_NO","og_type":"article","og_title":"Hvordan naturen og v\u00e5rt eget forbruk henger sammen - R\u00e5stoff","og_description":"Kulturnatt p\u00e5 BrukOm fredag 13. september 2024 &#8211; med troll, b\u00e5lkos og kunst Finn skatter til turen og rydd i naturen Arrangementet p\u00e5 Facebook (also in english) Vi tror at hvis vi er glad i naturen vil vi bry oss mer om hvordan vi forbruker den. For \u00e5 inspirere deg til tur, har vi fylt [&hellip;]","og_url":"https:\/\/trv.no\/rastoff\/kulturnatt-pa-brukom-13-sept-2024\/","og_site_name":"R\u00e5stoff","article_published_time":"2024-09-03T11:53:43+00:00","article_modified_time":"2025-11-13T10:54:16+00:00","og_image":[{"width":1024,"height":537,"url":"https:\/\/d2t31hwrov8bve.cloudfront.net\/wp-content\/uploads\/sites\/3\/2024\/09\/12094832\/13-september-2024-kulturnatt-pa-brukom-1024x537.png","type":"image\/png"}],"author":"Tone K. Berg","twitter_card":"summary_large_image","twitter_misc":{"Skrevet av":"Tone K. Berg","Ansl. lesetid":"3 minutter"},"schema":{"@context":"https:\/\/schema.org","@graph":[{"@type":"Article","@id":"https:\/\/trv.no\/rastoff\/kulturnatt-pa-brukom-13-sept-2024\/#article","isPartOf":{"@id":"https:\/\/trv.no\/rastoff\/kulturnatt-pa-brukom-13-sept-2024\/"},"author":{"name":"Tone K. Berg","@id":"https:\/\/trv.no\/rastoff\/#\/schema\/person\/2274c89de40e6acd8f865ba63cd0a14f"},"headline":"Hvordan naturen og v\u00e5rt eget forbruk henger sammen","datePublished":"2024-09-03T11:53:43+00:00","dateModified":"2025-11-13T10:54:16+00:00","mainEntityOfPage":{"@id":"https:\/\/trv.no\/rastoff\/kulturnatt-pa-brukom-13-sept-2024\/"},"wordCount":389,"publisher":{"@id":"https:\/\/trv.no\/rastoff\/#organization"},"image":{"@id":"https:\/\/trv.no\/rastoff\/kulturnatt-pa-brukom-13-sept-2024\/#primaryimage"},"thumbnailUrl":"https:\/\/d2t31hwrov8bve.cloudfront.net\/wp-content\/uploads\/sites\/3\/2024\/09\/27162131\/13-september-2024-kulturnatt-pa-brukom.png","keywords":["barnas turlag trondheim","BrukOm","gjenbruk","home of the trolls","ombruk","stash the trash"],"articleSection":["BrukOM"],"inLanguage":"nb-NO"},{"@type":"WebPage","@id":"https:\/\/trv.no\/rastoff\/kulturnatt-pa-brukom-13-sept-2024\/","url":"https:\/\/trv.no\/rastoff\/kulturnatt-pa-brukom-13-sept-2024\/","name":"Hvordan naturen og v\u00e5rt eget forbruk henger sammen - R\u00e5stoff","isPartOf":{"@id":"https:\/\/trv.no\/rastoff\/#website"},"primaryImageOfPage":{"@id":"https:\/\/trv.no\/rastoff\/kulturnatt-pa-brukom-13-sept-2024\/#primaryimage"},"image":{"@id":"https:\/\/trv.no\/rastoff\/kulturnatt-pa-brukom-13-sept-2024\/#primaryimage"},"thumbnailUrl":"https:\/\/d2t31hwrov8bve.cloudfront.net\/wp-content\/uploads\/sites\/3\/2024\/09\/27162131\/13-september-2024-kulturnatt-pa-brukom.png","datePublished":"2024-09-03T11:53:43+00:00","dateModified":"2025-11-13T10:54:16+00:00","breadcrumb":{"@id":"https:\/\/trv.no\/rastoff\/kulturnatt-pa-brukom-13-sept-2024\/#breadcrumb"},"inLanguage":"nb-NO","potentialAction":[{"@type":"ReadAction","target":["https:\/\/trv.no\/rastoff\/kulturnatt-pa-brukom-13-sept-2024\/"]}]},{"@type":"ImageObject","inLanguage":"nb-NO","@id":"https:\/\/trv.no\/rastoff\/kulturnatt-pa-brukom-13-sept-2024\/#primaryimage","url":"https:\/\/d2t31hwrov8bve.cloudfront.net\/wp-content\/uploads\/sites\/3\/2024\/09\/27162131\/13-september-2024-kulturnatt-pa-brukom.png","contentUrl":"https:\/\/d2t31hwrov8bve.cloudfront.net\/wp-content\/uploads\/sites\/3\/2024\/09\/27162131\/13-september-2024-kulturnatt-pa-brukom.png","width":3019,"height":1582,"caption":"13. september 2024: Kulturnatt p\u00e5 BrukOm 4"},{"@type":"BreadcrumbList","@id":"https:\/\/trv.no\/rastoff\/kulturnatt-pa-brukom-13-sept-2024\/#breadcrumb","itemListElement":[{"@type":"ListItem","position":1,"name":"Hjem","item":"https:\/\/trv.no\/rastoff\/"},{"@type":"ListItem","position":2,"name":"Hvordan naturen og v\u00e5rt eget forbruk henger sammen"}]},{"@type":"WebSite","@id":"https:\/\/trv.no\/rastoff\/#website","url":"https:\/\/trv.no\/rastoff\/","name":"R\u00e5stoff","description":"Bare enda et Trondheim Renholdsverk nettsteder-nettsted","publisher":{"@id":"https:\/\/trv.no\/rastoff\/#organization"},"potentialAction":[{"@type":"SearchAction","target":{"@type":"EntryPoint","urlTemplate":"https:\/\/trv.no\/rastoff\/?s={search_term_string}"},"query-input":{"@type":"PropertyValueSpecification","valueRequired":true,"valueName":"search_term_string"}}],"inLanguage":"nb-NO"},{"@type":"Organization","@id":"https:\/\/trv.no\/rastoff\/#organization","name":"TRV","url":"https:\/\/trv.no\/rastoff\/","logo":{"@type":"ImageObject","inLanguage":"nb-NO","@id":"https:\/\/trv.no\/rastoff\/#\/schema\/logo\/image\/","url":"https:\/\/d2t31hwrov8bve.cloudfront.net\/wp-content\/uploads\/sites\/3\/2019\/08\/27162735\/trvlogo-1.png","contentUrl":"https:\/\/d2t31hwrov8bve.cloudfront.net\/wp-content\/uploads\/sites\/3\/2019\/08\/27162735\/trvlogo-1.png","width":579,"height":192,"caption":"TRV"},"image":{"@id":"https:\/\/trv.no\/rastoff\/#\/schema\/logo\/image\/"}},{"@type":"Person","@id":"https:\/\/trv.no\/rastoff\/#\/schema\/person\/2274c89de40e6acd8f865ba63cd0a14f","name":"Tone K. Berg","image":{"@type":"ImageObject","inLanguage":"nb-NO","@id":"https:\/\/secure.gravatar.com\/avatar\/0c20386505dde641ddabe135150b2e8ad50e0526f619ceb70df9c724034007d5?s=96&d=mm&r=g","url":"https:\/\/secure.gravatar.com\/avatar\/0c20386505dde641ddabe135150b2e8ad50e0526f619ceb70df9c724034007d5?s=96&d=mm&r=g","contentUrl":"https:\/\/secure.gravatar.com\/avatar\/0c20386505dde641ddabe135150b2e8ad50e0526f619ceb70df9c724034007d5?s=96&d=mm&r=g","caption":"Tone K. Berg"},"url":"https:\/\/trv.no\/rastoff\/author\/tone-k-berg\/"}]}},"acf":[],"_links":{"self":[{"href":"https:\/\/trv.no\/rastoff\/wp-json\/wp\/v2\/posts\/2607","targetHints":{"allow":["GET"]}}],"collection":[{"href":"https:\/\/trv.no\/rastoff\/wp-json\/wp\/v2\/posts"}],"about":[{"href":"https:\/\/trv.no\/rastoff\/wp-json\/wp\/v2\/types\/post"}],"author":[{"embeddable":true,"href":"https:\/\/trv.no\/rastoff\/wp-json\/wp\/v2\/users\/7"}],"replies":[{"embeddable":true,"href":"https:\/\/trv.no\/rastoff\/wp-json\/wp\/v2\/comments?post=2607"}],"version-history":[{"count":5,"href":"https:\/\/trv.no\/rastoff\/wp-json\/wp\/v2\/posts\/2607\/revisions"}],"predecessor-version":[{"id":2846,"href":"https:\/\/trv.no\/rastoff\/wp-json\/wp\/v2\/posts\/2607\/revisions\/2846"}],"wp:featuredmedia":[{"embeddable":true,"href":"https:\/\/trv.no\/rastoff\/wp-json\/wp\/v2\/media\/2613"}],"wp:attachment":[{"href":"https:\/\/trv.no\/rastoff\/wp-json\/wp\/v2\/media?parent=2607"}],"wp:term":[{"taxonomy":"category","embeddable":true,"href":"https:\/\/trv.no\/rastoff\/wp-json\/wp\/v2\/categories?post=2607"},{"taxonomy":"post_tag","embeddable":true,"href":"https:\/\/trv.no\/rastoff\/wp-json\/wp\/v2\/tags?post=2607"}],"curies":[{"name":"wp","href":"https:\/\/api.w.org\/{rel}","templated":true}]}}