{"id":2876,"date":"2025-11-18T17:30:31","date_gmt":"2025-11-18T16:30:31","guid":{"rendered":"https:\/\/trv.no\/rastoff\/?p=2876"},"modified":"2025-12-12T20:39:12","modified_gmt":"2025-12-12T19:39:12","slug":"slik-gjor-du-det-med-juleavfallet","status":"publish","type":"post","link":"https:\/\/trv.no\/rastoff\/slik-gjor-du-det-med-juleavfallet\/","title":{"rendered":"Smart planlegging av gaver og mat, lure innkj\u00f8p og riktig sortering gj\u00f8r jula di bedre!"},"content":{"rendered":"\n<p class=\"has-ingress-font-size\">Det lakker og lir mot jul- og nytt\u00e5rsfeiring. Her er v\u00e5re beste tips for en rimeligere og gr\u00f8nnere jul!<\/p>\n\n\n\n<p>Hvit jul kan vi ikke love. Men at vi tar h\u00e5nd om avfallet ditt, det skal v\u00e6re sikkert. I jula blir det gjerne mer avfall, og p\u00e5 grunn av alle h\u00f8ytidsdagene kan det hende vi henter avfallet ditt p\u00e5 litt andre dager enn vanlig. Vi gir deg full oversikt her, men f\u00f8rst noen gode tips til julehandelen:<\/p>\n\n\n\n<h2 class=\"wp-block-heading has-ingress-font-size\">Trenger du \u00e5 handle nytt til jul?<\/h2>\n\n\n\n<p>I en tid der mange merker prisvekst og trangere \u00f8konomi, gir bruktmarkeder oss kanskje et velkomment pusterom? Hos BrukOm kan du kj\u00f8pe flotte julegaver til en br\u00f8kdel av nyprisen.<\/p>\n\n\n\n<p>Flere og flere oppdager gleden ved \u00e5 handle brukt \u2013 ikke bare for \u00e5 spare penger, men fordi det f\u00f8les bra.<\/p>\n\n\n\n<p>\u2013 Det er blitt kult \u00e5 handle brukt. Du finner noe ingen andre har, og du vet at du gir et lite milj\u00f8bidrag samtidig. Det er en god f\u00f8lelse \u00e5 gi gaver med historie, sier butikkleder Janne R\u00f8dsten ved BrukOm.<\/p>\n\n\n\n<figure class=\"wp-block-image size-large\"><img loading=\"lazy\" decoding=\"async\" width=\"871\" height=\"1024\" src=\"https:\/\/d2t31hwrov8bve.cloudfront.net\/wp-content\/uploads\/sites\/3\/2025\/12\/27162014\/TRV-julecollage4-871x1024.jpg\" alt=\"\" class=\"wp-image-2932\" srcset=\"https:\/\/d2t31hwrov8bve.cloudfront.net\/wp-content\/uploads\/sites\/3\/2025\/12\/27162014\/TRV-julecollage4-871x1024.jpg 871w, https:\/\/d2t31hwrov8bve.cloudfront.net\/wp-content\/uploads\/sites\/3\/2025\/12\/27162014\/TRV-julecollage4-255x300.jpg 255w, https:\/\/d2t31hwrov8bve.cloudfront.net\/wp-content\/uploads\/sites\/3\/2025\/12\/27162014\/TRV-julecollage4.jpg 1200w\" sizes=\"auto, (max-width: 871px) 100vw, 871px\" \/><figcaption class=\"wp-element-caption\">P\u00e5 BrukOm fins det mye fint \u00e5 handle til jul.<\/figcaption><\/figure>\n\n\n\n<p>For mange har BrukOm blitt et fast stoppested i f\u00f8rjulstiden, b\u00e5de for inspirasjon og rimelige gaver.<br>\u2013 P\u00e5 BrukOm blir kundene oppriktig overrasket over hvor mye fint de finner. Her er det b\u00e5de kvalitetsting, kuriositeter og julegaver med personlighet. Butikken og hallen bugner av bruktfunn og gjenbruksskatter \u2013 alt fra pynt, sportsutstyr og leker, til m\u00f8bler og unike gaveartikler, sier hun.<\/p>\n\n\n\n<p>F\u00f8lg oss p\u00e5 Facebook:&nbsp;&nbsp;<a href=\"https:\/\/www.facebook.com\/brukombutikk\" target=\"_blank\" rel=\"noreferrer noopener\">BrukOm butikk<\/a>&nbsp;og&nbsp;<a href=\"https:\/\/www.facebook.com\/trondheim.renholdsverk\" target=\"_blank\" rel=\"noreferrer noopener\">Trondheim Renholdsverk<\/a><\/p>\n\n\n\n<p>F\u00f8lg oss p\u00e5 Instagram:&nbsp;&nbsp;<a href=\"https:\/\/www.instagram.com\/brukombutikk\/\" target=\"_blank\" rel=\"noreferrer noopener\">BrukOm butikk<\/a>&nbsp;og&nbsp;<a href=\"https:\/\/www.instagram.com\/trondheimrenholdsverk\/\" target=\"_blank\" rel=\"noreferrer noopener\">Trondheim Renholdsverk<\/a><\/p>\n\n\n\n<div class=\"wp-block-pb-accordion-item c-accordion__item js-accordion-item no-js\" data-initially-open=\"false\" data-click-to-close=\"true\" data-auto-close=\"true\" data-scroll=\"false\" data-scroll-offset=\"0\"><h4 id=\"at-28760\" class=\"c-accordion__title js-accordion-controller\" role=\"button\">Hos BrukOm i Styrmannsgata 6 finner du blant annet:<\/h4><div id=\"ac-28760\" class=\"c-accordion__content\">\n<p>\u2022 Sportsutstyr<br>\u2022 B\u00f8ker<br>\u2022 Musikk og instrumenter<br>\u2022 Bilder<br>\u2022 Pyntegjenstander<br>\u2022 Leker<br>\u2022 Kj\u00f8kkenutstyr<br>\u2022 kopper og kar<br>\u2022 Interi\u00f8rartikler<br>\u2022 M\u00f8bler<\/p>\n\n\n\n<p>Vi har ogs\u00e5 gavekort!<\/p>\n\n\n\n<figure class=\"wp-block-image size-large\"><img loading=\"lazy\" decoding=\"async\" width=\"1024\" height=\"768\" src=\"https:\/\/d2t31hwrov8bve.cloudfront.net\/wp-content\/uploads\/sites\/3\/2025\/11\/27162030\/IMG_1044-1024x768.jpg\" alt=\"\" class=\"wp-image-2899\" srcset=\"https:\/\/d2t31hwrov8bve.cloudfront.net\/wp-content\/uploads\/sites\/3\/2025\/11\/27162030\/IMG_1044-1024x768.jpg 1024w, https:\/\/d2t31hwrov8bve.cloudfront.net\/wp-content\/uploads\/sites\/3\/2025\/11\/27162030\/IMG_1044-300x225.jpg 300w, https:\/\/d2t31hwrov8bve.cloudfront.net\/wp-content\/uploads\/sites\/3\/2025\/11\/27162030\/IMG_1044-1536x1152.jpg 1536w, https:\/\/d2t31hwrov8bve.cloudfront.net\/wp-content\/uploads\/sites\/3\/2025\/11\/27162030\/IMG_1044-2048x1536.jpg 2048w\" sizes=\"auto, (max-width: 1024px) 100vw, 1024px\" \/><figcaption class=\"wp-element-caption\">BrukOm ligger i Styrmannsgata 6 p\u00e5 Nyhavna.<\/figcaption><\/figure>\n\n\n\n<p>NB: Varer til BrukOm m\u00e5 fortsatt leveres p\u00e5 Heggstadmoen gjenvinningsstasjon.<\/p>\n<\/div><\/div>\n\n\n\n<h2 class=\"wp-block-heading\">Unng\u00e5 matsvinn \u2013 spar penger og milj\u00f8<\/h2>\n\n\n\n<figure class=\"wp-block-image size-large\"><img loading=\"lazy\" decoding=\"async\" width=\"1024\" height=\"265\" src=\"https:\/\/d2t31hwrov8bve.cloudfront.net\/wp-content\/uploads\/sites\/3\/2022\/12\/27162426\/rester-er-flere-retter-rett-og-slett-7-1024x265.jpg\" alt=\"Rester er flere retter - rett og slett! 7\" class=\"wp-image-1901\" srcset=\"https:\/\/d2t31hwrov8bve.cloudfront.net\/wp-content\/uploads\/sites\/3\/2022\/12\/27162426\/rester-er-flere-retter-rett-og-slett-7-1024x265.jpg 1024w, https:\/\/d2t31hwrov8bve.cloudfront.net\/wp-content\/uploads\/sites\/3\/2022\/12\/27162426\/rester-er-flere-retter-rett-og-slett-7-300x78.jpg 300w, https:\/\/d2t31hwrov8bve.cloudfront.net\/wp-content\/uploads\/sites\/3\/2022\/12\/27162426\/rester-er-flere-retter-rett-og-slett-7-1536x398.jpg 1536w, https:\/\/d2t31hwrov8bve.cloudfront.net\/wp-content\/uploads\/sites\/3\/2022\/12\/27162426\/rester-er-flere-retter-rett-og-slett-7-2048x530.jpg 2048w\" sizes=\"auto, (max-width: 1024px) 100vw, 1024px\" \/><\/figure>\n\n\n\n<p>Mindre matsvinn er bra, b\u00e5de for milj\u00f8et og lommeboka. Her er v\u00e5re tips til gode valg for hektiske desemberdager:<\/p>\n\n\n\n<p>\u2022 Planlegg matinnkj\u00f8pene. Kj\u00f8p bare det du trenger, og husk at butikkene er \u00e5pne i hele romjula. <a href=\"https:\/\/trv.no\/rastoff\/handlefilosofien-nok-mat-lite-rester\/\">Les deg opp p\u00e5 handlefilosofien &laquo;nok mat &#8211; lite rester&raquo;<\/a><br>\u2022 Har du mat til overs? Sett den i kj\u00f8leskapet og lag restefest senere i jula! Trenger du gode tips til restemat? <a href=\"https:\/\/trv.no\/rastoff\/rester-er-flere-retter-rett-og-slett\/\">Sjekk Inge Johnsens oppskrifter her<\/a><br>\u2022 Fett fra ribbe og pinnekj\u00f8tt skal ikke helles ut i vasken eller toalettet. Fettet kan tette r\u00f8rene og tiltrekke seg rotter. La fettet stivne og kast det i matavfallet. Dersom du enn\u00e5 ikke har f\u00e5tt beholder\/container for sortering av matavfall, kaster du det i restavfall.<\/p>\n\n\n\n<figure class=\"wp-block-image size-large\"><img loading=\"lazy\" decoding=\"async\" width=\"832\" height=\"1024\" src=\"https:\/\/d2t31hwrov8bve.cloudfront.net\/wp-content\/uploads\/sites\/3\/2025\/12\/27162016\/Jul-TRV-sortering-fett-2025-foto-Marius-Rua-832x1024.jpg\" alt=\"\" class=\"wp-image-2928\" srcset=\"https:\/\/d2t31hwrov8bve.cloudfront.net\/wp-content\/uploads\/sites\/3\/2025\/12\/27162016\/Jul-TRV-sortering-fett-2025-foto-Marius-Rua-832x1024.jpg 832w, https:\/\/d2t31hwrov8bve.cloudfront.net\/wp-content\/uploads\/sites\/3\/2025\/12\/27162016\/Jul-TRV-sortering-fett-2025-foto-Marius-Rua-244x300.jpg 244w, https:\/\/d2t31hwrov8bve.cloudfront.net\/wp-content\/uploads\/sites\/3\/2025\/12\/27162016\/Jul-TRV-sortering-fett-2025-foto-Marius-Rua.jpg 1200w\" sizes=\"auto, (max-width: 832px) 100vw, 832px\" \/><figcaption class=\"wp-element-caption\">I jula kan det fort bli en del matfett. Det er viktig \u00e5 h\u00e5ndtere det riktig!<\/figcaption><\/figure>\n\n\n\n<h2 class=\"wp-block-heading\">Slik gj\u00f8r du det med juleavfallet ditt<\/h2>\n\n\n\n<p>I desember kj\u00f8per vi mer av det meste. Da blir det ogs\u00e5 mer avfall enn ellers i \u00e5ret.<br>Kildesorteringsjobben starter hjemme hos deg. Her er v\u00e5re tips til hvordan du gj\u00f8r det med juleavfallet ditt:<\/p>\n\n\n\n<figure class=\"wp-block-image size-large\"><img loading=\"lazy\" decoding=\"async\" width=\"945\" height=\"1024\" src=\"https:\/\/d2t31hwrov8bve.cloudfront.net\/wp-content\/uploads\/sites\/3\/2025\/12\/27162015\/Jul-TRV-sortering-restavfallmed-merker-2025-foto-Marius-Rua-945x1024.jpg\" alt=\"\" class=\"wp-image-2931\" srcset=\"https:\/\/d2t31hwrov8bve.cloudfront.net\/wp-content\/uploads\/sites\/3\/2025\/12\/27162015\/Jul-TRV-sortering-restavfallmed-merker-2025-foto-Marius-Rua-945x1024.jpg 945w, https:\/\/d2t31hwrov8bve.cloudfront.net\/wp-content\/uploads\/sites\/3\/2025\/12\/27162015\/Jul-TRV-sortering-restavfallmed-merker-2025-foto-Marius-Rua-277x300.jpg 277w, https:\/\/d2t31hwrov8bve.cloudfront.net\/wp-content\/uploads\/sites\/3\/2025\/12\/27162015\/Jul-TRV-sortering-restavfallmed-merker-2025-foto-Marius-Rua-1418x1536.jpg 1418w, https:\/\/d2t31hwrov8bve.cloudfront.net\/wp-content\/uploads\/sites\/3\/2025\/12\/27162015\/Jul-TRV-sortering-restavfallmed-merker-2025-foto-Marius-Rua-1891x2048.jpg 1891w\" sizes=\"auto, (max-width: 945px) 100vw, 945px\" \/><figcaption class=\"wp-element-caption\">Unng\u00e5 at restavfallsdunken fylles opp med emballasje som kunne v\u00e6rt sortert!<\/figcaption><\/figure>\n\n\n\n<p><br>\u2022 De siste \u00e5rene har mange i Trondheim f\u00e5tt egne beholdere til matavfall. Vi er ikke helt i m\u00e5l med omleggingen. Men til dere som n\u00e5 kan sortere matavfall: Bruk matavfallsbeholderen til matavfall \u2013 ikke kast det i restavfallet. Tom for gr\u00f8nne matavfallsposer? Sp\u00f8r i kassen p\u00e5 n\u00e6rbutikken din &#8211; s\u00e5 f\u00e5r du en ny rull!<br>\u2022 Sorter plastemballasje, glass- og metallemballasje, papp og drikkekartonger i egne beholdere eller containere utenfor boligen. Da unng\u00e5r du at det hoper seg opp i restavfallsdunken. Lagre gavepapir og annet t\u00f8rt restavfall til det blir plass i beholderen. Du kan levere ekstra avfall (ikke matavfall) p\u00e5 gjenvinningsstasjonen.<br>\u2022 Knuste julekuler og julepynt er restavfall, ikke glass- og metallemballasje.<br>\u2022 Stumper fra stearinlys kastes som restavfall. Telysholdere av aluminium sorteres derimot som glass- og metallemballasje. Tips: fjern veke og stearin, og samle dem i et syltet\u00f8yglass.<\/p>\n\n\n\n<figure class=\"wp-block-image size-large\"><img loading=\"lazy\" decoding=\"async\" width=\"1024\" height=\"683\" src=\"https:\/\/d2t31hwrov8bve.cloudfront.net\/wp-content\/uploads\/sites\/3\/2023\/10\/27162301\/2023-09-Hege-Schick-kunde-Ranheim-ny-renovasjonsordning-11-1024x683.jpg\" alt=\"\" class=\"wp-image-2322\" srcset=\"https:\/\/d2t31hwrov8bve.cloudfront.net\/wp-content\/uploads\/sites\/3\/2023\/10\/27162301\/2023-09-Hege-Schick-kunde-Ranheim-ny-renovasjonsordning-11-1024x683.jpg 1024w, https:\/\/d2t31hwrov8bve.cloudfront.net\/wp-content\/uploads\/sites\/3\/2023\/10\/27162301\/2023-09-Hege-Schick-kunde-Ranheim-ny-renovasjonsordning-11-300x200.jpg 300w, https:\/\/d2t31hwrov8bve.cloudfront.net\/wp-content\/uploads\/sites\/3\/2023\/10\/27162301\/2023-09-Hege-Schick-kunde-Ranheim-ny-renovasjonsordning-11-1536x1024.jpg 1536w, https:\/\/d2t31hwrov8bve.cloudfront.net\/wp-content\/uploads\/sites\/3\/2023\/10\/27162301\/2023-09-Hege-Schick-kunde-Ranheim-ny-renovasjonsordning-11-2048x1365.jpg 2048w\" sizes=\"auto, (max-width: 1024px) 100vw, 1024px\" \/><figcaption class=\"wp-element-caption\">Sorter matavfallet for seg &#8211; om du har f\u00e5tt l\u00f8sningen for matavfall. Hvis ikke m\u00e5 det fortsatt kastes i restavfallet.<\/figcaption><\/figure>\n\n\n\n<p><strong>Trenger du flere sorteringstips? Sjekk <a href=\"https:\/\/trv.no\/sortere\/\">trv.no\/sortere <\/a>eller <a href=\"https:\/\/sortere.no\/\">sortere.no<\/a><\/strong><\/p>\n\n\n\n<h2 class=\"wp-block-heading\">Gr\u00e5tt eller glanset<\/h2>\n\n\n\n<figure class=\"wp-block-image size-large\"><img loading=\"lazy\" decoding=\"async\" width=\"1024\" height=\"690\" src=\"https:\/\/d2t31hwrov8bve.cloudfront.net\/wp-content\/uploads\/sites\/3\/2025\/12\/27162014\/Jul-TRV-gavepapir-2025-foto-Marius-Rua-1024x690.jpg\" alt=\"\" class=\"wp-image-2934\" srcset=\"https:\/\/d2t31hwrov8bve.cloudfront.net\/wp-content\/uploads\/sites\/3\/2025\/12\/27162014\/Jul-TRV-gavepapir-2025-foto-Marius-Rua-1024x690.jpg 1024w, https:\/\/d2t31hwrov8bve.cloudfront.net\/wp-content\/uploads\/sites\/3\/2025\/12\/27162014\/Jul-TRV-gavepapir-2025-foto-Marius-Rua-300x202.jpg 300w, https:\/\/d2t31hwrov8bve.cloudfront.net\/wp-content\/uploads\/sites\/3\/2025\/12\/27162014\/Jul-TRV-gavepapir-2025-foto-Marius-Rua.jpg 1200w\" sizes=\"auto, (max-width: 1024px) 100vw, 1024px\" \/><figcaption class=\"wp-element-caption\">Glanset julegavepapir (til venstre) er restavfall, gr\u00e5papir (til h\u00f8yre) sorteres som papir.<\/figcaption><\/figure>\n\n\n\n<p><br>Alt som glitrer, er ikke gjenvinnbart. Glanset julegavepapir skal i restavfallet. Vil du v\u00e6re ekstra lur? Bruk avis eller gr\u00e5papir p\u00e5 julegavene i \u00e5r! Da kan du sortere det som papp og papir etterp\u00e5!<br><strong>Visste du at?<\/strong> Julegavepapir leveres gratis p\u00e5 gjenvinningsstasjonen.<\/p>\n\n\n\n<p><br><\/p>\n\n\n\n<h2 class=\"wp-block-heading\">Kanskje kommer vi p\u00e5 en annen dag enn vanlig<\/h2>\n\n\n\n<p>\u2022 Helligdagene gj\u00f8r at det er forskyvning i t\u00f8mmedagene. Avfallet kan bli hentet noen dager f\u00f8r eller noen dager etter normal t\u00f8mmedag. Se<a href=\"https:\/\/trv.no\/plan\/\"> t\u00f8mmeplan her<\/a> eller last ned<a href=\"https:\/\/trv.no\/ny-app-fa-varsel-for-tommedag\/\"> appen &laquo;T\u00f8mmeplan Trondheim&raquo;.<\/a><\/p>\n\n\n\n<figure class=\"wp-block-image size-large is-resized\"><img loading=\"lazy\" decoding=\"async\" width=\"1024\" height=\"716\" src=\"https:\/\/d2t31hwrov8bve.cloudfront.net\/wp-content\/uploads\/sites\/3\/2024\/10\/27162124\/Innsamling-og-transport-renovasjonsbil-midtbyen-februar-2022-foto-bard-sande-1024x716.jpg\" alt=\"Jo, NRK, det nytter \u00e5 kildesortere 3\" class=\"wp-image-2652\" style=\"width:2532px;height:auto\" srcset=\"https:\/\/d2t31hwrov8bve.cloudfront.net\/wp-content\/uploads\/sites\/3\/2024\/10\/27162124\/Innsamling-og-transport-renovasjonsbil-midtbyen-februar-2022-foto-bard-sande-1024x716.jpg 1024w, https:\/\/d2t31hwrov8bve.cloudfront.net\/wp-content\/uploads\/sites\/3\/2024\/10\/27162124\/Innsamling-og-transport-renovasjonsbil-midtbyen-februar-2022-foto-bard-sande-300x210.jpg 300w, https:\/\/d2t31hwrov8bve.cloudfront.net\/wp-content\/uploads\/sites\/3\/2024\/10\/27162124\/Innsamling-og-transport-renovasjonsbil-midtbyen-februar-2022-foto-bard-sande-1536x1074.jpg 1536w, https:\/\/d2t31hwrov8bve.cloudfront.net\/wp-content\/uploads\/sites\/3\/2024\/10\/27162124\/Innsamling-og-transport-renovasjonsbil-midtbyen-februar-2022-foto-bard-sande-2048x1432.jpg 2048w\" sizes=\"auto, (max-width: 1024px) 100vw, 1024px\" \/><figcaption class=\"wp-element-caption\">F\u00f8lg med p\u00e5 appen &laquo;T\u00f8mmeplan Trondheim&raquo; for informasjon om n\u00e5r vi henter avfallet hjemme hos deg.<\/figcaption><\/figure>\n\n\n\n<h2 class=\"wp-block-heading\">F\u00e5r du sn\u00f8en bort, f\u00e5r vi jobben gjort!<\/h2>\n\n\n\n<p>For \u00e5 komme i m\u00e5l f\u00f8r jula ringes inn, er vi helt avhengige av at vi kommer oss frem til containere og beholdere. Derfor m\u00e5 du:<br>\u2022 m\u00e5ke (og str\u00f8 n\u00e5r det blir glatt) helt frem til beholderne eller containerne dine<br>\u2022 fjerne sn\u00f8en opp\u00e5 og rundt containerne og beholderne<br>Dette gir oss en tryggere og enklere arbeidshverdag og du sikrer at avfallet ditt blir t\u00f8mt.<\/p>\n\n\n\n<figure class=\"wp-block-image size-full\"><img loading=\"lazy\" decoding=\"async\" width=\"1024\" height=\"768\" src=\"https:\/\/d2t31hwrov8bve.cloudfront.net\/wp-content\/uploads\/sites\/3\/2025\/11\/27162032\/TRV-beholdere-maket-sno.jpg\" alt=\"\" class=\"wp-image-2890\" srcset=\"https:\/\/d2t31hwrov8bve.cloudfront.net\/wp-content\/uploads\/sites\/3\/2025\/11\/27162032\/TRV-beholdere-maket-sno.jpg 1024w, https:\/\/d2t31hwrov8bve.cloudfront.net\/wp-content\/uploads\/sites\/3\/2025\/11\/27162032\/TRV-beholdere-maket-sno-300x225.jpg 300w\" sizes=\"auto, (max-width: 1024px) 100vw, 1024px\" \/><figcaption class=\"wp-element-caption\">Vi er avhengige av at beholderne er tilgjengelige p\u00e5 t\u00f8mmedag. Husk \u00e5 m\u00e5ke og str\u00f8, slik at vi f\u00e5r hentet dem!<\/figcaption><\/figure>\n\n\n\n<h2 class=\"wp-block-heading\">Se opp for farlig elektronikk avfall \u2013 og fyrverkeri!<\/h2>\n\n\n\n<figure class=\"wp-block-image size-large\"><img loading=\"lazy\" decoding=\"async\" width=\"810\" height=\"1024\" src=\"https:\/\/d2t31hwrov8bve.cloudfront.net\/wp-content\/uploads\/sites\/3\/2025\/12\/27162016\/Jul-TRV-sortering-julelys-2025-foto-Marius-Rua-810x1024.jpg\" alt=\"\" class=\"wp-image-2929\" srcset=\"https:\/\/d2t31hwrov8bve.cloudfront.net\/wp-content\/uploads\/sites\/3\/2025\/12\/27162016\/Jul-TRV-sortering-julelys-2025-foto-Marius-Rua-810x1024.jpg 810w, https:\/\/d2t31hwrov8bve.cloudfront.net\/wp-content\/uploads\/sites\/3\/2025\/12\/27162016\/Jul-TRV-sortering-julelys-2025-foto-Marius-Rua-237x300.jpg 237w, https:\/\/d2t31hwrov8bve.cloudfront.net\/wp-content\/uploads\/sites\/3\/2025\/12\/27162016\/Jul-TRV-sortering-julelys-2025-foto-Marius-Rua.jpg 1200w\" sizes=\"auto, (max-width: 810px) 100vw, 810px\" \/><figcaption class=\"wp-element-caption\">Julebelysningen er vakker n\u00e5r den fungerer. Men hvis den er \u00f8delagt m\u00e5 den leveres til butikker som selger tilsvarende varer, eller til oss p\u00e5 gjenvinningsstasjonen.<\/figcaption><\/figure>\n\n\n\n<p>Brukte batterier, \u00f8delagt juletrebelysning og annen elektronikk er farlig avfall, og det legger du i r\u00f8dboksen, leverer i butikk eller p\u00e5 gjenvinningsstasjonen.<br>Kanskje bruker du b\u00e5de h\u00e5r- og sn\u00f8spray i jula? Husk at ogs\u00e5 tomme spraybokser skal i r\u00f8dboksen!<br>Ubrukt fyrverkeri er farlig avfall og kan leveres til oss p\u00e5 Heggstadmoen gjenvinningsstasjon.<br>Brukt fyrverkeri kan kastes som restavfall \u2013 enten hjemme eller p\u00e5 gjenvinningsstasjonen. Men v\u00e6r helt sikker p\u00e5 at det er brukt opp f\u00f8r du kaster det!<\/p>\n\n\n\n<h2 class=\"wp-block-heading\">Hva med juletreet etter jul?<\/h2>\n\n\n\n<p>Vi henter juletreet ditt l\u00f8rdag <strong>17. januar 2026<\/strong>. Sett ut treet dagen f\u00f8r eller senest kl 07 p\u00e5 hentedag.<\/p>\n\n\n\n<figure class=\"wp-block-image size-large\"><img loading=\"lazy\" decoding=\"async\" width=\"994\" height=\"1024\" src=\"https:\/\/d2t31hwrov8bve.cloudfront.net\/wp-content\/uploads\/sites\/3\/2025\/12\/27162014\/Jul-TRV-juletre-2025-foto-Marius-Rua-994x1024.jpg\" alt=\"\" class=\"wp-image-2933\" srcset=\"https:\/\/d2t31hwrov8bve.cloudfront.net\/wp-content\/uploads\/sites\/3\/2025\/12\/27162014\/Jul-TRV-juletre-2025-foto-Marius-Rua-994x1024.jpg 994w, https:\/\/d2t31hwrov8bve.cloudfront.net\/wp-content\/uploads\/sites\/3\/2025\/12\/27162014\/Jul-TRV-juletre-2025-foto-Marius-Rua-291x300.jpg 291w, https:\/\/d2t31hwrov8bve.cloudfront.net\/wp-content\/uploads\/sites\/3\/2025\/12\/27162014\/Jul-TRV-juletre-2025-foto-Marius-Rua.jpg 1200w\" sizes=\"auto, (max-width: 994px) 100vw, 994px\" \/><figcaption class=\"wp-element-caption\">Vi henter juletr\u00e6r 17. januar 2026.<\/figcaption><\/figure>\n\n\n\n<p>Ja, vi tar kun med tr\u00e6r fra skogen.<\/p>\n\n\n\n<figure class=\"wp-block-image size-large\"><img loading=\"lazy\" decoding=\"async\" width=\"1024\" height=\"683\" src=\"https:\/\/d2t31hwrov8bve.cloudfront.net\/wp-content\/uploads\/sites\/3\/2025\/11\/27162030\/Juletreinnsamling-januar-2022-foto-TRV-2-1-1024x683.jpg\" alt=\"\" class=\"wp-image-2893\" srcset=\"https:\/\/d2t31hwrov8bve.cloudfront.net\/wp-content\/uploads\/sites\/3\/2025\/11\/27162030\/Juletreinnsamling-januar-2022-foto-TRV-2-1-1024x683.jpg 1024w, https:\/\/d2t31hwrov8bve.cloudfront.net\/wp-content\/uploads\/sites\/3\/2025\/11\/27162030\/Juletreinnsamling-januar-2022-foto-TRV-2-1-300x200.jpg 300w, https:\/\/d2t31hwrov8bve.cloudfront.net\/wp-content\/uploads\/sites\/3\/2025\/11\/27162030\/Juletreinnsamling-januar-2022-foto-TRV-2-1-1536x1024.jpg 1536w, https:\/\/d2t31hwrov8bve.cloudfront.net\/wp-content\/uploads\/sites\/3\/2025\/11\/27162030\/Juletreinnsamling-januar-2022-foto-TRV-2-1-2048x1365.jpg 2048w\" sizes=\"auto, (max-width: 1024px) 100vw, 1024px\" \/><\/figure>\n\n\n\n<ul class=\"wp-block-list\">\n<li><strong>Har du beholdere?<\/strong> Sett treet godt synlig ved veien.<\/li>\n\n\n\n<li><strong>Har du containere?<\/strong> Sett juletreet p\u00e5 felles anvist plass fra vaktmester eller styreleder. Tr\u00e6rne kan ikke settes inntil containerne da de st\u00e5r i veien for t\u00f8mming. <strong>Pass p\u00e5 at treet ikke bl\u00e5ser bort, fryser fast eller sn\u00f8r ned.<\/strong><\/li>\n<\/ul>\n\n\n\n<p>Takk for at du leste deg gjennom v\u00e5r juleguide! Vi \u00f8nsker deg og dine en riktig god f\u00f8rjulstid!<\/p>\n\n\n\n\n\n\n\n\n\n\n\n<div class=\"wp-block-group\"><div class=\"wp-block-group__inner-container is-layout-constrained wp-block-group-is-layout-constrained\"><\/div><\/div>\n","protected":false},"excerpt":{"rendered":"<p>Det lakker og lir mot jul- og nytt\u00e5rsfeiring. Her er v\u00e5re beste tips for en rimeligere og gr\u00f8nnere jul! Hvit jul kan vi ikke love. Men at vi tar h\u00e5nd om avfallet ditt, det skal v\u00e6re sikkert. I jula blir det gjerne mer avfall, og p\u00e5 grunn av alle h\u00f8ytidsdagene kan det hende vi henter [&hellip;]<\/p>\n","protected":false},"author":206,"featured_media":2916,"comment_status":"open","ping_status":"open","sticky":false,"template":"","format":"standard","meta":{"_acf_changed":false,"inline_featured_image":false,"video_field":"","footnotes":""},"categories":[5,9,3,2,62,33,34,1],"tags":[],"class_list":["post-2876","post","type-post","status-publish","format-standard","has-post-thumbnail","hentry","category-arstider","category-avfallssortering","category-brukom","category-gjenvinningsstasjonen","category-glass-og-metallemballasje","category-matavfall","category-materialgjenvinning","category-ukategorisert"],"yoast_head":"<!-- This site is optimized with the Yoast SEO plugin v27.3 - https:\/\/yoast.com\/product\/yoast-seo-wordpress\/ -->\n<title>Smart planlegging av gaver og mat, lure innkj\u00f8p og riktig sortering gj\u00f8r jula di bedre! - R\u00e5stoff<\/title>\n<meta name=\"robots\" content=\"index, follow, max-snippet:-1, max-image-preview:large, max-video-preview:-1\" \/>\n<link rel=\"canonical\" href=\"https:\/\/trv.no\/rastoff\/slik-gjor-du-det-med-juleavfallet\/\" \/>\n<meta property=\"og:locale\" content=\"nb_NO\" \/>\n<meta property=\"og:type\" content=\"article\" \/>\n<meta property=\"og:title\" content=\"Smart planlegging av gaver og mat, lure innkj\u00f8p og riktig sortering gj\u00f8r jula di bedre! - R\u00e5stoff\" \/>\n<meta property=\"og:description\" content=\"Det lakker og lir mot jul- og nytt\u00e5rsfeiring. Her er v\u00e5re beste tips for en rimeligere og gr\u00f8nnere jul! Hvit jul kan vi ikke love. Men at vi tar h\u00e5nd om avfallet ditt, det skal v\u00e6re sikkert. I jula blir det gjerne mer avfall, og p\u00e5 grunn av alle h\u00f8ytidsdagene kan det hende vi henter [&hellip;]\" \/>\n<meta property=\"og:url\" content=\"https:\/\/trv.no\/rastoff\/slik-gjor-du-det-med-juleavfallet\/\" \/>\n<meta property=\"og:site_name\" content=\"R\u00e5stoff\" \/>\n<meta property=\"article:published_time\" content=\"2025-11-18T16:30:31+00:00\" \/>\n<meta property=\"article:modified_time\" content=\"2025-12-12T19:39:12+00:00\" \/>\n<meta property=\"og:image\" content=\"https:\/\/d2t31hwrov8bve.cloudfront.net\/wp-content\/uploads\/sites\/3\/2025\/12\/02153630\/TRV-jul-2025-gaver-scaled.jpg\" \/>\n\t<meta property=\"og:image:width\" content=\"1707\" \/>\n\t<meta property=\"og:image:height\" content=\"2560\" \/>\n\t<meta property=\"og:image:type\" content=\"image\/jpeg\" \/>\n<meta name=\"author\" content=\"bard\" \/>\n<meta name=\"twitter:card\" content=\"summary_large_image\" \/>\n<meta name=\"twitter:label1\" content=\"Skrevet av\" \/>\n\t<meta name=\"twitter:data1\" content=\"bard\" \/>\n\t<meta name=\"twitter:label2\" content=\"Ansl. lesetid\" \/>\n\t<meta name=\"twitter:data2\" content=\"9 minutter\" \/>\n<script type=\"application\/ld+json\" class=\"yoast-schema-graph\">{\"@context\":\"https:\\\/\\\/schema.org\",\"@graph\":[{\"@type\":\"Article\",\"@id\":\"https:\\\/\\\/trv.no\\\/rastoff\\\/slik-gjor-du-det-med-juleavfallet\\\/#article\",\"isPartOf\":{\"@id\":\"https:\\\/\\\/trv.no\\\/rastoff\\\/slik-gjor-du-det-med-juleavfallet\\\/\"},\"author\":{\"name\":\"bard\",\"@id\":\"https:\\\/\\\/trv.no\\\/rastoff\\\/#\\\/schema\\\/person\\\/d18343c9bba2db13e7f656da2d73be0c\"},\"headline\":\"Smart planlegging av gaver og mat, lure innkj\u00f8p og riktig sortering gj\u00f8r jula di bedre!\",\"datePublished\":\"2025-11-18T16:30:31+00:00\",\"dateModified\":\"2025-12-12T19:39:12+00:00\",\"mainEntityOfPage\":{\"@id\":\"https:\\\/\\\/trv.no\\\/rastoff\\\/slik-gjor-du-det-med-juleavfallet\\\/\"},\"wordCount\":1181,\"commentCount\":0,\"publisher\":{\"@id\":\"https:\\\/\\\/trv.no\\\/rastoff\\\/#organization\"},\"image\":{\"@id\":\"https:\\\/\\\/trv.no\\\/rastoff\\\/slik-gjor-du-det-med-juleavfallet\\\/#primaryimage\"},\"thumbnailUrl\":\"https:\\\/\\\/d2t31hwrov8bve.cloudfront.net\\\/wp-content\\\/uploads\\\/sites\\\/3\\\/2025\\\/12\\\/27162025\\\/TRV-jul-2025-gaver-scaled.jpg\",\"articleSection\":[\"\u00c5rstider\",\"Avfallssortering\",\"BrukOM\",\"Gjenvinningsstasjonen\",\"Glass- og metallemballasje\",\"Matavfall\",\"Materialgjenvinning\"],\"inLanguage\":\"nb-NO\",\"potentialAction\":[{\"@type\":\"CommentAction\",\"name\":\"Comment\",\"target\":[\"https:\\\/\\\/trv.no\\\/rastoff\\\/slik-gjor-du-det-med-juleavfallet\\\/#respond\"]}]},{\"@type\":\"WebPage\",\"@id\":\"https:\\\/\\\/trv.no\\\/rastoff\\\/slik-gjor-du-det-med-juleavfallet\\\/\",\"url\":\"https:\\\/\\\/trv.no\\\/rastoff\\\/slik-gjor-du-det-med-juleavfallet\\\/\",\"name\":\"Smart planlegging av gaver og mat, lure innkj\u00f8p og riktig sortering gj\u00f8r jula di bedre! - R\u00e5stoff\",\"isPartOf\":{\"@id\":\"https:\\\/\\\/trv.no\\\/rastoff\\\/#website\"},\"primaryImageOfPage\":{\"@id\":\"https:\\\/\\\/trv.no\\\/rastoff\\\/slik-gjor-du-det-med-juleavfallet\\\/#primaryimage\"},\"image\":{\"@id\":\"https:\\\/\\\/trv.no\\\/rastoff\\\/slik-gjor-du-det-med-juleavfallet\\\/#primaryimage\"},\"thumbnailUrl\":\"https:\\\/\\\/d2t31hwrov8bve.cloudfront.net\\\/wp-content\\\/uploads\\\/sites\\\/3\\\/2025\\\/12\\\/27162025\\\/TRV-jul-2025-gaver-scaled.jpg\",\"datePublished\":\"2025-11-18T16:30:31+00:00\",\"dateModified\":\"2025-12-12T19:39:12+00:00\",\"breadcrumb\":{\"@id\":\"https:\\\/\\\/trv.no\\\/rastoff\\\/slik-gjor-du-det-med-juleavfallet\\\/#breadcrumb\"},\"inLanguage\":\"nb-NO\",\"potentialAction\":[{\"@type\":\"ReadAction\",\"target\":[\"https:\\\/\\\/trv.no\\\/rastoff\\\/slik-gjor-du-det-med-juleavfallet\\\/\"]}]},{\"@type\":\"ImageObject\",\"inLanguage\":\"nb-NO\",\"@id\":\"https:\\\/\\\/trv.no\\\/rastoff\\\/slik-gjor-du-det-med-juleavfallet\\\/#primaryimage\",\"url\":\"https:\\\/\\\/d2t31hwrov8bve.cloudfront.net\\\/wp-content\\\/uploads\\\/sites\\\/3\\\/2025\\\/12\\\/27162025\\\/TRV-jul-2025-gaver-scaled.jpg\",\"contentUrl\":\"https:\\\/\\\/d2t31hwrov8bve.cloudfront.net\\\/wp-content\\\/uploads\\\/sites\\\/3\\\/2025\\\/12\\\/27162025\\\/TRV-jul-2025-gaver-scaled.jpg\",\"width\":1707,\"height\":2560,\"caption\":\"Smart planlegging av gaver og mat, lure innkj\u00f8p og riktig sortering gj\u00f8r jula di bedre! 4\"},{\"@type\":\"BreadcrumbList\",\"@id\":\"https:\\\/\\\/trv.no\\\/rastoff\\\/slik-gjor-du-det-med-juleavfallet\\\/#breadcrumb\",\"itemListElement\":[{\"@type\":\"ListItem\",\"position\":1,\"name\":\"Hjem\",\"item\":\"https:\\\/\\\/trv.no\\\/rastoff\\\/\"},{\"@type\":\"ListItem\",\"position\":2,\"name\":\"Smart planlegging av gaver og mat, lure innkj\u00f8p og riktig sortering gj\u00f8r jula di bedre!\"}]},{\"@type\":\"WebSite\",\"@id\":\"https:\\\/\\\/trv.no\\\/rastoff\\\/#website\",\"url\":\"https:\\\/\\\/trv.no\\\/rastoff\\\/\",\"name\":\"R\u00e5stoff\",\"description\":\"Bare enda et Trondheim Renholdsverk nettsteder-nettsted\",\"publisher\":{\"@id\":\"https:\\\/\\\/trv.no\\\/rastoff\\\/#organization\"},\"potentialAction\":[{\"@type\":\"SearchAction\",\"target\":{\"@type\":\"EntryPoint\",\"urlTemplate\":\"https:\\\/\\\/trv.no\\\/rastoff\\\/?s={search_term_string}\"},\"query-input\":{\"@type\":\"PropertyValueSpecification\",\"valueRequired\":true,\"valueName\":\"search_term_string\"}}],\"inLanguage\":\"nb-NO\"},{\"@type\":\"Organization\",\"@id\":\"https:\\\/\\\/trv.no\\\/rastoff\\\/#organization\",\"name\":\"TRV\",\"url\":\"https:\\\/\\\/trv.no\\\/rastoff\\\/\",\"logo\":{\"@type\":\"ImageObject\",\"inLanguage\":\"nb-NO\",\"@id\":\"https:\\\/\\\/trv.no\\\/rastoff\\\/#\\\/schema\\\/logo\\\/image\\\/\",\"url\":\"https:\\\/\\\/d2t31hwrov8bve.cloudfront.net\\\/wp-content\\\/uploads\\\/sites\\\/3\\\/2019\\\/08\\\/27162735\\\/trvlogo-1.png\",\"contentUrl\":\"https:\\\/\\\/d2t31hwrov8bve.cloudfront.net\\\/wp-content\\\/uploads\\\/sites\\\/3\\\/2019\\\/08\\\/27162735\\\/trvlogo-1.png\",\"width\":579,\"height\":192,\"caption\":\"TRV\"},\"image\":{\"@id\":\"https:\\\/\\\/trv.no\\\/rastoff\\\/#\\\/schema\\\/logo\\\/image\\\/\"}},{\"@type\":\"Person\",\"@id\":\"https:\\\/\\\/trv.no\\\/rastoff\\\/#\\\/schema\\\/person\\\/d18343c9bba2db13e7f656da2d73be0c\",\"name\":\"bard\",\"image\":{\"@type\":\"ImageObject\",\"inLanguage\":\"nb-NO\",\"@id\":\"https:\\\/\\\/secure.gravatar.com\\\/avatar\\\/5ed2d987974a57ca735daa3587bdd3b4667027cf0f5628de724c038c2b6481ef?s=96&d=mm&r=g\",\"url\":\"https:\\\/\\\/secure.gravatar.com\\\/avatar\\\/5ed2d987974a57ca735daa3587bdd3b4667027cf0f5628de724c038c2b6481ef?s=96&d=mm&r=g\",\"contentUrl\":\"https:\\\/\\\/secure.gravatar.com\\\/avatar\\\/5ed2d987974a57ca735daa3587bdd3b4667027cf0f5628de724c038c2b6481ef?s=96&d=mm&r=g\",\"caption\":\"bard\"},\"url\":\"https:\\\/\\\/trv.no\\\/rastoff\\\/author\\\/bard\\\/\"}]}<\/script>\n<!-- \/ Yoast SEO plugin. -->","yoast_head_json":{"title":"Smart planlegging av gaver og mat, lure innkj\u00f8p og riktig sortering gj\u00f8r jula di bedre! - R\u00e5stoff","robots":{"index":"index","follow":"follow","max-snippet":"max-snippet:-1","max-image-preview":"max-image-preview:large","max-video-preview":"max-video-preview:-1"},"canonical":"https:\/\/trv.no\/rastoff\/slik-gjor-du-det-med-juleavfallet\/","og_locale":"nb_NO","og_type":"article","og_title":"Smart planlegging av gaver og mat, lure innkj\u00f8p og riktig sortering gj\u00f8r jula di bedre! - R\u00e5stoff","og_description":"Det lakker og lir mot jul- og nytt\u00e5rsfeiring. Her er v\u00e5re beste tips for en rimeligere og gr\u00f8nnere jul! Hvit jul kan vi ikke love. Men at vi tar h\u00e5nd om avfallet ditt, det skal v\u00e6re sikkert. I jula blir det gjerne mer avfall, og p\u00e5 grunn av alle h\u00f8ytidsdagene kan det hende vi henter [&hellip;]","og_url":"https:\/\/trv.no\/rastoff\/slik-gjor-du-det-med-juleavfallet\/","og_site_name":"R\u00e5stoff","article_published_time":"2025-11-18T16:30:31+00:00","article_modified_time":"2025-12-12T19:39:12+00:00","og_image":[{"width":1707,"height":2560,"url":"https:\/\/d2t31hwrov8bve.cloudfront.net\/wp-content\/uploads\/sites\/3\/2025\/12\/02153630\/TRV-jul-2025-gaver-scaled.jpg","type":"image\/jpeg"}],"author":"bard","twitter_card":"summary_large_image","twitter_misc":{"Skrevet av":"bard","Ansl. lesetid":"9 minutter"},"schema":{"@context":"https:\/\/schema.org","@graph":[{"@type":"Article","@id":"https:\/\/trv.no\/rastoff\/slik-gjor-du-det-med-juleavfallet\/#article","isPartOf":{"@id":"https:\/\/trv.no\/rastoff\/slik-gjor-du-det-med-juleavfallet\/"},"author":{"name":"bard","@id":"https:\/\/trv.no\/rastoff\/#\/schema\/person\/d18343c9bba2db13e7f656da2d73be0c"},"headline":"Smart planlegging av gaver og mat, lure innkj\u00f8p og riktig sortering gj\u00f8r jula di bedre!","datePublished":"2025-11-18T16:30:31+00:00","dateModified":"2025-12-12T19:39:12+00:00","mainEntityOfPage":{"@id":"https:\/\/trv.no\/rastoff\/slik-gjor-du-det-med-juleavfallet\/"},"wordCount":1181,"commentCount":0,"publisher":{"@id":"https:\/\/trv.no\/rastoff\/#organization"},"image":{"@id":"https:\/\/trv.no\/rastoff\/slik-gjor-du-det-med-juleavfallet\/#primaryimage"},"thumbnailUrl":"https:\/\/d2t31hwrov8bve.cloudfront.net\/wp-content\/uploads\/sites\/3\/2025\/12\/27162025\/TRV-jul-2025-gaver-scaled.jpg","articleSection":["\u00c5rstider","Avfallssortering","BrukOM","Gjenvinningsstasjonen","Glass- og metallemballasje","Matavfall","Materialgjenvinning"],"inLanguage":"nb-NO","potentialAction":[{"@type":"CommentAction","name":"Comment","target":["https:\/\/trv.no\/rastoff\/slik-gjor-du-det-med-juleavfallet\/#respond"]}]},{"@type":"WebPage","@id":"https:\/\/trv.no\/rastoff\/slik-gjor-du-det-med-juleavfallet\/","url":"https:\/\/trv.no\/rastoff\/slik-gjor-du-det-med-juleavfallet\/","name":"Smart planlegging av gaver og mat, lure innkj\u00f8p og riktig sortering gj\u00f8r jula di bedre! - R\u00e5stoff","isPartOf":{"@id":"https:\/\/trv.no\/rastoff\/#website"},"primaryImageOfPage":{"@id":"https:\/\/trv.no\/rastoff\/slik-gjor-du-det-med-juleavfallet\/#primaryimage"},"image":{"@id":"https:\/\/trv.no\/rastoff\/slik-gjor-du-det-med-juleavfallet\/#primaryimage"},"thumbnailUrl":"https:\/\/d2t31hwrov8bve.cloudfront.net\/wp-content\/uploads\/sites\/3\/2025\/12\/27162025\/TRV-jul-2025-gaver-scaled.jpg","datePublished":"2025-11-18T16:30:31+00:00","dateModified":"2025-12-12T19:39:12+00:00","breadcrumb":{"@id":"https:\/\/trv.no\/rastoff\/slik-gjor-du-det-med-juleavfallet\/#breadcrumb"},"inLanguage":"nb-NO","potentialAction":[{"@type":"ReadAction","target":["https:\/\/trv.no\/rastoff\/slik-gjor-du-det-med-juleavfallet\/"]}]},{"@type":"ImageObject","inLanguage":"nb-NO","@id":"https:\/\/trv.no\/rastoff\/slik-gjor-du-det-med-juleavfallet\/#primaryimage","url":"https:\/\/d2t31hwrov8bve.cloudfront.net\/wp-content\/uploads\/sites\/3\/2025\/12\/27162025\/TRV-jul-2025-gaver-scaled.jpg","contentUrl":"https:\/\/d2t31hwrov8bve.cloudfront.net\/wp-content\/uploads\/sites\/3\/2025\/12\/27162025\/TRV-jul-2025-gaver-scaled.jpg","width":1707,"height":2560,"caption":"Smart planlegging av gaver og mat, lure innkj\u00f8p og riktig sortering gj\u00f8r jula di bedre! 4"},{"@type":"BreadcrumbList","@id":"https:\/\/trv.no\/rastoff\/slik-gjor-du-det-med-juleavfallet\/#breadcrumb","itemListElement":[{"@type":"ListItem","position":1,"name":"Hjem","item":"https:\/\/trv.no\/rastoff\/"},{"@type":"ListItem","position":2,"name":"Smart planlegging av gaver og mat, lure innkj\u00f8p og riktig sortering gj\u00f8r jula di bedre!"}]},{"@type":"WebSite","@id":"https:\/\/trv.no\/rastoff\/#website","url":"https:\/\/trv.no\/rastoff\/","name":"R\u00e5stoff","description":"Bare enda et Trondheim Renholdsverk nettsteder-nettsted","publisher":{"@id":"https:\/\/trv.no\/rastoff\/#organization"},"potentialAction":[{"@type":"SearchAction","target":{"@type":"EntryPoint","urlTemplate":"https:\/\/trv.no\/rastoff\/?s={search_term_string}"},"query-input":{"@type":"PropertyValueSpecification","valueRequired":true,"valueName":"search_term_string"}}],"inLanguage":"nb-NO"},{"@type":"Organization","@id":"https:\/\/trv.no\/rastoff\/#organization","name":"TRV","url":"https:\/\/trv.no\/rastoff\/","logo":{"@type":"ImageObject","inLanguage":"nb-NO","@id":"https:\/\/trv.no\/rastoff\/#\/schema\/logo\/image\/","url":"https:\/\/d2t31hwrov8bve.cloudfront.net\/wp-content\/uploads\/sites\/3\/2019\/08\/27162735\/trvlogo-1.png","contentUrl":"https:\/\/d2t31hwrov8bve.cloudfront.net\/wp-content\/uploads\/sites\/3\/2019\/08\/27162735\/trvlogo-1.png","width":579,"height":192,"caption":"TRV"},"image":{"@id":"https:\/\/trv.no\/rastoff\/#\/schema\/logo\/image\/"}},{"@type":"Person","@id":"https:\/\/trv.no\/rastoff\/#\/schema\/person\/d18343c9bba2db13e7f656da2d73be0c","name":"bard","image":{"@type":"ImageObject","inLanguage":"nb-NO","@id":"https:\/\/secure.gravatar.com\/avatar\/5ed2d987974a57ca735daa3587bdd3b4667027cf0f5628de724c038c2b6481ef?s=96&d=mm&r=g","url":"https:\/\/secure.gravatar.com\/avatar\/5ed2d987974a57ca735daa3587bdd3b4667027cf0f5628de724c038c2b6481ef?s=96&d=mm&r=g","contentUrl":"https:\/\/secure.gravatar.com\/avatar\/5ed2d987974a57ca735daa3587bdd3b4667027cf0f5628de724c038c2b6481ef?s=96&d=mm&r=g","caption":"bard"},"url":"https:\/\/trv.no\/rastoff\/author\/bard\/"}]}},"acf":[],"_links":{"self":[{"href":"https:\/\/trv.no\/rastoff\/wp-json\/wp\/v2\/posts\/2876","targetHints":{"allow":["GET"]}}],"collection":[{"href":"https:\/\/trv.no\/rastoff\/wp-json\/wp\/v2\/posts"}],"about":[{"href":"https:\/\/trv.no\/rastoff\/wp-json\/wp\/v2\/types\/post"}],"author":[{"embeddable":true,"href":"https:\/\/trv.no\/rastoff\/wp-json\/wp\/v2\/users\/206"}],"replies":[{"embeddable":true,"href":"https:\/\/trv.no\/rastoff\/wp-json\/wp\/v2\/comments?post=2876"}],"version-history":[{"count":26,"href":"https:\/\/trv.no\/rastoff\/wp-json\/wp\/v2\/posts\/2876\/revisions"}],"predecessor-version":[{"id":2939,"href":"https:\/\/trv.no\/rastoff\/wp-json\/wp\/v2\/posts\/2876\/revisions\/2939"}],"wp:featuredmedia":[{"embeddable":true,"href":"https:\/\/trv.no\/rastoff\/wp-json\/wp\/v2\/media\/2916"}],"wp:attachment":[{"href":"https:\/\/trv.no\/rastoff\/wp-json\/wp\/v2\/media?parent=2876"}],"wp:term":[{"taxonomy":"category","embeddable":true,"href":"https:\/\/trv.no\/rastoff\/wp-json\/wp\/v2\/categories?post=2876"},{"taxonomy":"post_tag","embeddable":true,"href":"https:\/\/trv.no\/rastoff\/wp-json\/wp\/v2\/tags?post=2876"}],"curies":[{"name":"wp","href":"https:\/\/api.w.org\/{rel}","templated":true}]}}