{"id":2945,"date":"2026-01-15T15:56:32","date_gmt":"2026-01-15T14:56:32","guid":{"rendered":"https:\/\/trv.no\/rastoff\/?p=2945"},"modified":"2026-01-19T15:36:13","modified_gmt":"2026-01-19T14:36:13","slug":"har-du-enna-ikke-sortering-for-matavfall","status":"publish","type":"post","link":"https:\/\/trv.no\/rastoff\/har-du-enna-ikke-sortering-for-matavfall\/","title":{"rendered":"Har du enn\u00e5 ikke sortering for matavfall?"},"content":{"rendered":"\n<p class=\"has-ingress-font-size\">Vi jobber med saken, og forklarer hvorfor det fortsatt tar litt tid f\u00f8r vi er i m\u00e5l.<\/p>\n\n\n\n<p>I februar 2023 startet utrullingen av ny avfallsl\u00f8sning for matavfall til alle husholdninger med sm\u00e5beholdere &#8211; gr\u00f8nne plastbeholdere \u2013 utenfor boligen. Prosjektet ble ferdigstilt i juni 2024.<\/p>\n\n\n\n<figure class=\"wp-block-image size-large\"><img loading=\"lazy\" decoding=\"async\" width=\"1024\" height=\"741\" src=\"https:\/\/d2t31hwrov8bve.cloudfront.net\/wp-content\/uploads\/sites\/3\/2026\/01\/27162012\/har-du-enna-ikke-sortering-for-matavfall-1024x741.jpg\" alt=\"Har du enn\u00e5 ikke sortering for matavfall?\" class=\"wp-image-2946\" srcset=\"https:\/\/d2t31hwrov8bve.cloudfront.net\/wp-content\/uploads\/sites\/3\/2026\/01\/27162012\/har-du-enna-ikke-sortering-for-matavfall-1024x741.jpg 1024w, https:\/\/d2t31hwrov8bve.cloudfront.net\/wp-content\/uploads\/sites\/3\/2026\/01\/27162012\/har-du-enna-ikke-sortering-for-matavfall-300x217.jpg 300w, https:\/\/d2t31hwrov8bve.cloudfront.net\/wp-content\/uploads\/sites\/3\/2026\/01\/27162012\/har-du-enna-ikke-sortering-for-matavfall-1536x1111.jpg 1536w, https:\/\/d2t31hwrov8bve.cloudfront.net\/wp-content\/uploads\/sites\/3\/2026\/01\/27162012\/har-du-enna-ikke-sortering-for-matavfall-2048x1482.jpg 2048w\" sizes=\"auto, (max-width: 1024px) 100vw, 1024px\" \/><\/figure>\n\n\n\n<p>Samtidig startet TRV arbeidet med \u00e5 plassere ut containerl\u00f8sninger for matavfall i en rekke borettslag og sameier.<\/p>\n\n\n\n<h2 class=\"wp-block-heading\">Status for andel som har f\u00e5tt matavfallsl\u00f8sning er per i dag:<\/h2>\n\n\n\n<ul class=\"wp-block-list\">\n<li> Sm\u00e5beholdere: 100 prosent<\/li>\n\n\n\n<li>Containerl\u00f8sninger (b\u00e5de overflate og nedgravde): 69 prosent<\/li>\n\n\n\n<li>Trondheim sentrum: 23 prosent<\/li>\n\n\n\n<li>Stasjon\u00e6re avfallssug: 20 prosent<\/li>\n\n\n\n<li>Mobile avfallssug: 0 prosent<\/li>\n<\/ul>\n\n\n\n<p>Sm\u00e5beholdere, som er ferdig satt ut, utgj\u00f8r ogs\u00e5 den st\u00f8rste avfallsmengden.<\/p>\n\n\n\n<h2 class=\"wp-block-heading\">Hva gj\u00f8r vi fremover?<\/h2>\n\n\n\n<p><strong>Det gjenst\u00e5r en god del husstander som enn\u00e5 ikke har f\u00e5tt matavfallssortering. S\u00e5 hva skjer hos dere?<\/strong><\/p>\n\n\n\n<p>Vi jobber fortl\u00f8pende med \u00e5 f\u00e5 ut ny sorteringsl\u00f8sning til alle byens innbyggere, og vil fortsette det arbeidet i n\u00e6rt samarbeid med Trondheim kommune i tida som kommer.<\/p>\n\n\n\n<p><strong>De som enn\u00e5 ikke har f\u00e5tt matavfallsortering er i hovedsak:<\/strong><\/p>\n\n\n\n<p>\u2022 De som bor i Trondheim sentrum og sentrumsbydelene rundt (f.eks M\u00f8llenberg)<br>\u2022 Enkelte borettslag og st\u00f8rre boligkomplekser med nedgravde avfallssl\u00f8sning<\/p>\n\n\n\n\n\n\n\n<h2 class=\"wp-block-heading\">Status for omr\u00e5dene som enn\u00e5 ikke har matavfallssortering:<\/h2>\n\n\n\n<p><strong>Trondheim sentrum:<\/strong><\/p>\n\n\n\n<figure class=\"wp-block-image size-large\"><img loading=\"lazy\" decoding=\"async\" width=\"768\" height=\"1024\" src=\"https:\/\/d2t31hwrov8bve.cloudfront.net\/wp-content\/uploads\/sites\/3\/2026\/01\/27162009\/har-du-enna-ikke-sortering-for-matavfall-4-768x1024.jpg\" alt=\"Har du enn\u00e5 ikke sortering for matavfall? 3\" class=\"wp-image-2949\" srcset=\"https:\/\/d2t31hwrov8bve.cloudfront.net\/wp-content\/uploads\/sites\/3\/2026\/01\/27162009\/har-du-enna-ikke-sortering-for-matavfall-4-768x1024.jpg 768w, https:\/\/d2t31hwrov8bve.cloudfront.net\/wp-content\/uploads\/sites\/3\/2026\/01\/27162009\/har-du-enna-ikke-sortering-for-matavfall-4-225x300.jpg 225w, https:\/\/d2t31hwrov8bve.cloudfront.net\/wp-content\/uploads\/sites\/3\/2026\/01\/27162009\/har-du-enna-ikke-sortering-for-matavfall-4-1152x1536.jpg 1152w, https:\/\/d2t31hwrov8bve.cloudfront.net\/wp-content\/uploads\/sites\/3\/2026\/01\/27162009\/har-du-enna-ikke-sortering-for-matavfall-4-1536x2048.jpg 1536w, https:\/\/d2t31hwrov8bve.cloudfront.net\/wp-content\/uploads\/sites\/3\/2026\/01\/27162009\/har-du-enna-ikke-sortering-for-matavfall-4-scaled.jpg 1920w\" sizes=\"auto, (max-width: 768px) 100vw, 768px\" \/><\/figure>\n\n\n\n<ul class=\"wp-block-list\">\n<li>I Trondheim sentrum sorterer beboerne i dag i restavfallsbeholder plassert ved boligen, og g\u00e5r til returpunkter for plastemballasje, papp og papir og glass- og metallemballasje som er plassert rundt om i Trondheim sentrum.<\/li>\n\n\n\n<li>Med de nye kravene skal matavfall sorteres ut, i tillegg til at det m\u00e5 bli kortere avstander for \u00e5 sortere de andre avfallstypene.<\/li>\n\n\n\n<li>Trondheim kommune kartla sommeren 2025 de aller fleste bakg\u00e5rder\/byg\u00e5rder i Trondheim sentrum, og denne kunnskapen blir viktig inn i planlegging av ny avfallsl\u00f8sning for Trondheim sentrum.<\/li>\n\n\n\n<li>TRV har h\u00f8sten 2025 gjort et pr\u00f8veprosjekt i sentrumsbydelen Hospitalsl\u00f8kkan. Der har vi plassert matavfall og restavfall sammen, ved d\u00f8ra. Samtidig har vi utvidet med flere sm\u00e5 returpunkt for de andre avfallstypene, i tillegg til de store returpunktene som var der fra f\u00f8r. Gjennom vinteren 2026 skal TRV evaluere l\u00f8sningen.<\/li>\n\n\n\n<li>Dersom l\u00f8sningen med flere sm\u00e5 returpunkter fungerer, kan dette bli en l\u00f8sning som ogs\u00e5 rulles ut i resten av Trondheim sentrum.<\/li>\n\n\n\n<li>TRV har ogs\u00e5 jobbet grundig med informasjonstiltak i forbindelse med ny avfallsl\u00f8sning direkte til beboerne. Dette blir minst like viktig i Trondheim sentrum, hvor det er mange leietagere, kortidsboende og vanskeligere \u00e5 n\u00e5 ut med informasjon.<\/li>\n\n\n\n<li>TRV forventer \u00e5 sette ut ny avfallsl\u00f8sning i Trondheim sentrum i l\u00f8pet av 2026-2028.<\/li>\n<\/ul>\n\n\n\n<p><strong>Borettslag og boligkomplekser rundt om i Trondheim:<\/strong><\/p>\n\n\n\n<p>Mange borettslag som fra f\u00f8r hadde enten beholdere eller overflatecontainere for avfallet sitt, har i l\u00f8pet av 2023-2025 f\u00e5tt matavfallsl\u00f8sning. Denne jobben p\u00e5g\u00e5r fortsatt, og vi g\u00e5r n\u00e5 i dialog med borettslagene hvor det kreves endringer eller tilrettelegging for \u00e5 f\u00e5 plass til ny avfallsl\u00f8sning.<\/p>\n\n\n\n<figure class=\"wp-block-image size-large\"><img loading=\"lazy\" decoding=\"async\" width=\"1024\" height=\"681\" src=\"https:\/\/d2t31hwrov8bve.cloudfront.net\/wp-content\/uploads\/sites\/3\/2026\/01\/27162010\/har-du-enna-ikke-sortering-for-matavfall-3-1024x681.jpg\" alt=\"Har du enn\u00e5 ikke sortering for matavfall? 2\" class=\"wp-image-2948\" srcset=\"https:\/\/d2t31hwrov8bve.cloudfront.net\/wp-content\/uploads\/sites\/3\/2026\/01\/27162010\/har-du-enna-ikke-sortering-for-matavfall-3-1024x681.jpg 1024w, https:\/\/d2t31hwrov8bve.cloudfront.net\/wp-content\/uploads\/sites\/3\/2026\/01\/27162010\/har-du-enna-ikke-sortering-for-matavfall-3-300x199.jpg 300w, https:\/\/d2t31hwrov8bve.cloudfront.net\/wp-content\/uploads\/sites\/3\/2026\/01\/27162010\/har-du-enna-ikke-sortering-for-matavfall-3-1536x1021.jpg 1536w, https:\/\/d2t31hwrov8bve.cloudfront.net\/wp-content\/uploads\/sites\/3\/2026\/01\/27162010\/har-du-enna-ikke-sortering-for-matavfall-3-2048x1362.jpg 2048w\" sizes=\"auto, (max-width: 1024px) 100vw, 1024px\" \/><\/figure>\n\n\n\n<figure class=\"wp-block-image size-large\"><img loading=\"lazy\" decoding=\"async\" width=\"1024\" height=\"683\" src=\"https:\/\/d2t31hwrov8bve.cloudfront.net\/wp-content\/uploads\/sites\/3\/2026\/01\/27162011\/har-du-enna-ikke-sortering-for-matavfall-2-1024x683.jpg\" alt=\"Har du enn\u00e5 ikke sortering for matavfall? 1\" class=\"wp-image-2947\" srcset=\"https:\/\/d2t31hwrov8bve.cloudfront.net\/wp-content\/uploads\/sites\/3\/2026\/01\/27162011\/har-du-enna-ikke-sortering-for-matavfall-2-1024x683.jpg 1024w, https:\/\/d2t31hwrov8bve.cloudfront.net\/wp-content\/uploads\/sites\/3\/2026\/01\/27162011\/har-du-enna-ikke-sortering-for-matavfall-2-300x200.jpg 300w, https:\/\/d2t31hwrov8bve.cloudfront.net\/wp-content\/uploads\/sites\/3\/2026\/01\/27162011\/har-du-enna-ikke-sortering-for-matavfall-2-1536x1024.jpg 1536w, https:\/\/d2t31hwrov8bve.cloudfront.net\/wp-content\/uploads\/sites\/3\/2026\/01\/27162011\/har-du-enna-ikke-sortering-for-matavfall-2-2048x1365.jpg 2048w\" sizes=\"auto, (max-width: 1024px) 100vw, 1024px\" \/><\/figure>\n\n\n\n<p>I borettslag der det er nedgravde avfallsl\u00f8sninger, som avfallssug eller nedgravde containere, og det kreves st\u00f8rre endringer for \u00e5 f\u00e5 plass til ny avfallsl\u00f8sning, er det Trondheim kommune som prosjekterer og planlegger, i samarbeid med oss.<\/p>\n\n\n\n<figure class=\"wp-block-image size-large\"><img loading=\"lazy\" decoding=\"async\" width=\"1024\" height=\"768\" src=\"https:\/\/d2t31hwrov8bve.cloudfront.net\/wp-content\/uploads\/sites\/3\/2026\/01\/27162009\/har-du-enna-ikke-sortering-for-matavfall-5-1024x768.jpeg\" alt=\"Har du enn\u00e5 ikke sortering for matavfall? 4\" class=\"wp-image-2950\" srcset=\"https:\/\/d2t31hwrov8bve.cloudfront.net\/wp-content\/uploads\/sites\/3\/2026\/01\/27162009\/har-du-enna-ikke-sortering-for-matavfall-5-1024x768.jpeg 1024w, https:\/\/d2t31hwrov8bve.cloudfront.net\/wp-content\/uploads\/sites\/3\/2026\/01\/27162009\/har-du-enna-ikke-sortering-for-matavfall-5-300x225.jpeg 300w, https:\/\/d2t31hwrov8bve.cloudfront.net\/wp-content\/uploads\/sites\/3\/2026\/01\/27162009\/har-du-enna-ikke-sortering-for-matavfall-5-1536x1152.jpeg 1536w, https:\/\/d2t31hwrov8bve.cloudfront.net\/wp-content\/uploads\/sites\/3\/2026\/01\/27162009\/har-du-enna-ikke-sortering-for-matavfall-5.jpeg 2048w\" sizes=\"auto, (max-width: 1024px) 100vw, 1024px\" \/><\/figure>\n\n\n\n<div class=\"wp-block-group\"><div class=\"wp-block-group__inner-container is-layout-constrained wp-block-group-is-layout-constrained\"><\/div><\/div>\n","protected":false},"excerpt":{"rendered":"<p>Vi jobber med saken, og forklarer hvorfor det fortsatt tar litt tid f\u00f8r vi er i m\u00e5l. I februar 2023 startet utrullingen av ny avfallsl\u00f8sning for matavfall til alle husholdninger med sm\u00e5beholdere &#8211; gr\u00f8nne plastbeholdere \u2013 utenfor boligen. Prosjektet ble ferdigstilt i juni 2024. Samtidig startet TRV arbeidet med \u00e5 plassere ut containerl\u00f8sninger for matavfall [&hellip;]<\/p>\n","protected":false},"author":206,"featured_media":2951,"comment_status":"open","ping_status":"open","sticky":false,"template":"","format":"standard","meta":{"_acf_changed":false,"inline_featured_image":false,"video_field":"","footnotes":""},"categories":[1],"tags":[],"class_list":["post-2945","post","type-post","status-publish","format-standard","has-post-thumbnail","hentry","category-ukategorisert"],"yoast_head":"<!-- This site is optimized with the Yoast SEO plugin v27.3 - https:\/\/yoast.com\/product\/yoast-seo-wordpress\/ -->\n<title>Har du enn\u00e5 ikke sortering for matavfall? - R\u00e5stoff<\/title>\n<meta name=\"robots\" content=\"index, follow, max-snippet:-1, max-image-preview:large, max-video-preview:-1\" \/>\n<link rel=\"canonical\" href=\"https:\/\/trv.no\/rastoff\/har-du-enna-ikke-sortering-for-matavfall\/\" \/>\n<meta property=\"og:locale\" content=\"nb_NO\" \/>\n<meta property=\"og:type\" content=\"article\" \/>\n<meta property=\"og:title\" content=\"Har du enn\u00e5 ikke sortering for matavfall? - R\u00e5stoff\" \/>\n<meta property=\"og:description\" content=\"Vi jobber med saken, og forklarer hvorfor det fortsatt tar litt tid f\u00f8r vi er i m\u00e5l. I februar 2023 startet utrullingen av ny avfallsl\u00f8sning for matavfall til alle husholdninger med sm\u00e5beholdere &#8211; gr\u00f8nne plastbeholdere \u2013 utenfor boligen. Prosjektet ble ferdigstilt i juni 2024. Samtidig startet TRV arbeidet med \u00e5 plassere ut containerl\u00f8sninger for matavfall [&hellip;]\" \/>\n<meta property=\"og:url\" content=\"https:\/\/trv.no\/rastoff\/har-du-enna-ikke-sortering-for-matavfall\/\" \/>\n<meta property=\"og:site_name\" content=\"R\u00e5stoff\" \/>\n<meta property=\"article:published_time\" content=\"2026-01-15T14:56:32+00:00\" \/>\n<meta property=\"article:modified_time\" content=\"2026-01-19T14:36:13+00:00\" \/>\n<meta property=\"og:image\" content=\"https:\/\/d2t31hwrov8bve.cloudfront.net\/wp-content\/uploads\/sites\/3\/2026\/01\/15155316\/har-du-enna-ikke-sortering-for-matavfall-6-scaled.jpg\" \/>\n\t<meta property=\"og:image:width\" content=\"2560\" \/>\n\t<meta property=\"og:image:height\" content=\"1707\" \/>\n\t<meta property=\"og:image:type\" content=\"image\/jpeg\" \/>\n<meta name=\"author\" content=\"bard\" \/>\n<meta name=\"twitter:card\" content=\"summary_large_image\" \/>\n<meta name=\"twitter:label1\" content=\"Skrevet av\" \/>\n\t<meta name=\"twitter:data1\" content=\"bard\" \/>\n\t<meta name=\"twitter:label2\" content=\"Ansl. lesetid\" \/>\n\t<meta name=\"twitter:data2\" content=\"4 minutter\" \/>\n<script type=\"application\/ld+json\" class=\"yoast-schema-graph\">{\"@context\":\"https:\\\/\\\/schema.org\",\"@graph\":[{\"@type\":\"Article\",\"@id\":\"https:\\\/\\\/trv.no\\\/rastoff\\\/har-du-enna-ikke-sortering-for-matavfall\\\/#article\",\"isPartOf\":{\"@id\":\"https:\\\/\\\/trv.no\\\/rastoff\\\/har-du-enna-ikke-sortering-for-matavfall\\\/\"},\"author\":{\"name\":\"bard\",\"@id\":\"https:\\\/\\\/trv.no\\\/rastoff\\\/#\\\/schema\\\/person\\\/d18343c9bba2db13e7f656da2d73be0c\"},\"headline\":\"Har du enn\u00e5 ikke sortering for matavfall?\",\"datePublished\":\"2026-01-15T14:56:32+00:00\",\"dateModified\":\"2026-01-19T14:36:13+00:00\",\"mainEntityOfPage\":{\"@id\":\"https:\\\/\\\/trv.no\\\/rastoff\\\/har-du-enna-ikke-sortering-for-matavfall\\\/\"},\"wordCount\":527,\"commentCount\":0,\"publisher\":{\"@id\":\"https:\\\/\\\/trv.no\\\/rastoff\\\/#organization\"},\"image\":{\"@id\":\"https:\\\/\\\/trv.no\\\/rastoff\\\/har-du-enna-ikke-sortering-for-matavfall\\\/#primaryimage\"},\"thumbnailUrl\":\"https:\\\/\\\/d2t31hwrov8bve.cloudfront.net\\\/wp-content\\\/uploads\\\/sites\\\/3\\\/2026\\\/01\\\/27162008\\\/har-du-enna-ikke-sortering-for-matavfall-6-scaled.jpg\",\"inLanguage\":\"nb-NO\",\"potentialAction\":[{\"@type\":\"CommentAction\",\"name\":\"Comment\",\"target\":[\"https:\\\/\\\/trv.no\\\/rastoff\\\/har-du-enna-ikke-sortering-for-matavfall\\\/#respond\"]}]},{\"@type\":\"WebPage\",\"@id\":\"https:\\\/\\\/trv.no\\\/rastoff\\\/har-du-enna-ikke-sortering-for-matavfall\\\/\",\"url\":\"https:\\\/\\\/trv.no\\\/rastoff\\\/har-du-enna-ikke-sortering-for-matavfall\\\/\",\"name\":\"Har du enn\u00e5 ikke sortering for matavfall? - R\u00e5stoff\",\"isPartOf\":{\"@id\":\"https:\\\/\\\/trv.no\\\/rastoff\\\/#website\"},\"primaryImageOfPage\":{\"@id\":\"https:\\\/\\\/trv.no\\\/rastoff\\\/har-du-enna-ikke-sortering-for-matavfall\\\/#primaryimage\"},\"image\":{\"@id\":\"https:\\\/\\\/trv.no\\\/rastoff\\\/har-du-enna-ikke-sortering-for-matavfall\\\/#primaryimage\"},\"thumbnailUrl\":\"https:\\\/\\\/d2t31hwrov8bve.cloudfront.net\\\/wp-content\\\/uploads\\\/sites\\\/3\\\/2026\\\/01\\\/27162008\\\/har-du-enna-ikke-sortering-for-matavfall-6-scaled.jpg\",\"datePublished\":\"2026-01-15T14:56:32+00:00\",\"dateModified\":\"2026-01-19T14:36:13+00:00\",\"breadcrumb\":{\"@id\":\"https:\\\/\\\/trv.no\\\/rastoff\\\/har-du-enna-ikke-sortering-for-matavfall\\\/#breadcrumb\"},\"inLanguage\":\"nb-NO\",\"potentialAction\":[{\"@type\":\"ReadAction\",\"target\":[\"https:\\\/\\\/trv.no\\\/rastoff\\\/har-du-enna-ikke-sortering-for-matavfall\\\/\"]}]},{\"@type\":\"ImageObject\",\"inLanguage\":\"nb-NO\",\"@id\":\"https:\\\/\\\/trv.no\\\/rastoff\\\/har-du-enna-ikke-sortering-for-matavfall\\\/#primaryimage\",\"url\":\"https:\\\/\\\/d2t31hwrov8bve.cloudfront.net\\\/wp-content\\\/uploads\\\/sites\\\/3\\\/2026\\\/01\\\/27162008\\\/har-du-enna-ikke-sortering-for-matavfall-6-scaled.jpg\",\"contentUrl\":\"https:\\\/\\\/d2t31hwrov8bve.cloudfront.net\\\/wp-content\\\/uploads\\\/sites\\\/3\\\/2026\\\/01\\\/27162008\\\/har-du-enna-ikke-sortering-for-matavfall-6-scaled.jpg\",\"width\":2560,\"height\":1707,\"caption\":\"Har du enn\u00e5 ikke sortering for matavfall? 5\"},{\"@type\":\"BreadcrumbList\",\"@id\":\"https:\\\/\\\/trv.no\\\/rastoff\\\/har-du-enna-ikke-sortering-for-matavfall\\\/#breadcrumb\",\"itemListElement\":[{\"@type\":\"ListItem\",\"position\":1,\"name\":\"Hjem\",\"item\":\"https:\\\/\\\/trv.no\\\/rastoff\\\/\"},{\"@type\":\"ListItem\",\"position\":2,\"name\":\"Har du enn\u00e5 ikke sortering for matavfall?\"}]},{\"@type\":\"WebSite\",\"@id\":\"https:\\\/\\\/trv.no\\\/rastoff\\\/#website\",\"url\":\"https:\\\/\\\/trv.no\\\/rastoff\\\/\",\"name\":\"R\u00e5stoff\",\"description\":\"Bare enda et Trondheim Renholdsverk nettsteder-nettsted\",\"publisher\":{\"@id\":\"https:\\\/\\\/trv.no\\\/rastoff\\\/#organization\"},\"potentialAction\":[{\"@type\":\"SearchAction\",\"target\":{\"@type\":\"EntryPoint\",\"urlTemplate\":\"https:\\\/\\\/trv.no\\\/rastoff\\\/?s={search_term_string}\"},\"query-input\":{\"@type\":\"PropertyValueSpecification\",\"valueRequired\":true,\"valueName\":\"search_term_string\"}}],\"inLanguage\":\"nb-NO\"},{\"@type\":\"Organization\",\"@id\":\"https:\\\/\\\/trv.no\\\/rastoff\\\/#organization\",\"name\":\"TRV\",\"url\":\"https:\\\/\\\/trv.no\\\/rastoff\\\/\",\"logo\":{\"@type\":\"ImageObject\",\"inLanguage\":\"nb-NO\",\"@id\":\"https:\\\/\\\/trv.no\\\/rastoff\\\/#\\\/schema\\\/logo\\\/image\\\/\",\"url\":\"https:\\\/\\\/d2t31hwrov8bve.cloudfront.net\\\/wp-content\\\/uploads\\\/sites\\\/3\\\/2019\\\/08\\\/27162735\\\/trvlogo-1.png\",\"contentUrl\":\"https:\\\/\\\/d2t31hwrov8bve.cloudfront.net\\\/wp-content\\\/uploads\\\/sites\\\/3\\\/2019\\\/08\\\/27162735\\\/trvlogo-1.png\",\"width\":579,\"height\":192,\"caption\":\"TRV\"},\"image\":{\"@id\":\"https:\\\/\\\/trv.no\\\/rastoff\\\/#\\\/schema\\\/logo\\\/image\\\/\"}},{\"@type\":\"Person\",\"@id\":\"https:\\\/\\\/trv.no\\\/rastoff\\\/#\\\/schema\\\/person\\\/d18343c9bba2db13e7f656da2d73be0c\",\"name\":\"bard\",\"image\":{\"@type\":\"ImageObject\",\"inLanguage\":\"nb-NO\",\"@id\":\"https:\\\/\\\/secure.gravatar.com\\\/avatar\\\/5ed2d987974a57ca735daa3587bdd3b4667027cf0f5628de724c038c2b6481ef?s=96&d=mm&r=g\",\"url\":\"https:\\\/\\\/secure.gravatar.com\\\/avatar\\\/5ed2d987974a57ca735daa3587bdd3b4667027cf0f5628de724c038c2b6481ef?s=96&d=mm&r=g\",\"contentUrl\":\"https:\\\/\\\/secure.gravatar.com\\\/avatar\\\/5ed2d987974a57ca735daa3587bdd3b4667027cf0f5628de724c038c2b6481ef?s=96&d=mm&r=g\",\"caption\":\"bard\"},\"url\":\"https:\\\/\\\/trv.no\\\/rastoff\\\/author\\\/bard\\\/\"}]}<\/script>\n<!-- \/ Yoast SEO plugin. -->","yoast_head_json":{"title":"Har du enn\u00e5 ikke sortering for matavfall? - R\u00e5stoff","robots":{"index":"index","follow":"follow","max-snippet":"max-snippet:-1","max-image-preview":"max-image-preview:large","max-video-preview":"max-video-preview:-1"},"canonical":"https:\/\/trv.no\/rastoff\/har-du-enna-ikke-sortering-for-matavfall\/","og_locale":"nb_NO","og_type":"article","og_title":"Har du enn\u00e5 ikke sortering for matavfall? - R\u00e5stoff","og_description":"Vi jobber med saken, og forklarer hvorfor det fortsatt tar litt tid f\u00f8r vi er i m\u00e5l. I februar 2023 startet utrullingen av ny avfallsl\u00f8sning for matavfall til alle husholdninger med sm\u00e5beholdere &#8211; gr\u00f8nne plastbeholdere \u2013 utenfor boligen. Prosjektet ble ferdigstilt i juni 2024. Samtidig startet TRV arbeidet med \u00e5 plassere ut containerl\u00f8sninger for matavfall [&hellip;]","og_url":"https:\/\/trv.no\/rastoff\/har-du-enna-ikke-sortering-for-matavfall\/","og_site_name":"R\u00e5stoff","article_published_time":"2026-01-15T14:56:32+00:00","article_modified_time":"2026-01-19T14:36:13+00:00","og_image":[{"width":2560,"height":1707,"url":"https:\/\/d2t31hwrov8bve.cloudfront.net\/wp-content\/uploads\/sites\/3\/2026\/01\/15155316\/har-du-enna-ikke-sortering-for-matavfall-6-scaled.jpg","type":"image\/jpeg"}],"author":"bard","twitter_card":"summary_large_image","twitter_misc":{"Skrevet av":"bard","Ansl. lesetid":"4 minutter"},"schema":{"@context":"https:\/\/schema.org","@graph":[{"@type":"Article","@id":"https:\/\/trv.no\/rastoff\/har-du-enna-ikke-sortering-for-matavfall\/#article","isPartOf":{"@id":"https:\/\/trv.no\/rastoff\/har-du-enna-ikke-sortering-for-matavfall\/"},"author":{"name":"bard","@id":"https:\/\/trv.no\/rastoff\/#\/schema\/person\/d18343c9bba2db13e7f656da2d73be0c"},"headline":"Har du enn\u00e5 ikke sortering for matavfall?","datePublished":"2026-01-15T14:56:32+00:00","dateModified":"2026-01-19T14:36:13+00:00","mainEntityOfPage":{"@id":"https:\/\/trv.no\/rastoff\/har-du-enna-ikke-sortering-for-matavfall\/"},"wordCount":527,"commentCount":0,"publisher":{"@id":"https:\/\/trv.no\/rastoff\/#organization"},"image":{"@id":"https:\/\/trv.no\/rastoff\/har-du-enna-ikke-sortering-for-matavfall\/#primaryimage"},"thumbnailUrl":"https:\/\/d2t31hwrov8bve.cloudfront.net\/wp-content\/uploads\/sites\/3\/2026\/01\/27162008\/har-du-enna-ikke-sortering-for-matavfall-6-scaled.jpg","inLanguage":"nb-NO","potentialAction":[{"@type":"CommentAction","name":"Comment","target":["https:\/\/trv.no\/rastoff\/har-du-enna-ikke-sortering-for-matavfall\/#respond"]}]},{"@type":"WebPage","@id":"https:\/\/trv.no\/rastoff\/har-du-enna-ikke-sortering-for-matavfall\/","url":"https:\/\/trv.no\/rastoff\/har-du-enna-ikke-sortering-for-matavfall\/","name":"Har du enn\u00e5 ikke sortering for matavfall? - R\u00e5stoff","isPartOf":{"@id":"https:\/\/trv.no\/rastoff\/#website"},"primaryImageOfPage":{"@id":"https:\/\/trv.no\/rastoff\/har-du-enna-ikke-sortering-for-matavfall\/#primaryimage"},"image":{"@id":"https:\/\/trv.no\/rastoff\/har-du-enna-ikke-sortering-for-matavfall\/#primaryimage"},"thumbnailUrl":"https:\/\/d2t31hwrov8bve.cloudfront.net\/wp-content\/uploads\/sites\/3\/2026\/01\/27162008\/har-du-enna-ikke-sortering-for-matavfall-6-scaled.jpg","datePublished":"2026-01-15T14:56:32+00:00","dateModified":"2026-01-19T14:36:13+00:00","breadcrumb":{"@id":"https:\/\/trv.no\/rastoff\/har-du-enna-ikke-sortering-for-matavfall\/#breadcrumb"},"inLanguage":"nb-NO","potentialAction":[{"@type":"ReadAction","target":["https:\/\/trv.no\/rastoff\/har-du-enna-ikke-sortering-for-matavfall\/"]}]},{"@type":"ImageObject","inLanguage":"nb-NO","@id":"https:\/\/trv.no\/rastoff\/har-du-enna-ikke-sortering-for-matavfall\/#primaryimage","url":"https:\/\/d2t31hwrov8bve.cloudfront.net\/wp-content\/uploads\/sites\/3\/2026\/01\/27162008\/har-du-enna-ikke-sortering-for-matavfall-6-scaled.jpg","contentUrl":"https:\/\/d2t31hwrov8bve.cloudfront.net\/wp-content\/uploads\/sites\/3\/2026\/01\/27162008\/har-du-enna-ikke-sortering-for-matavfall-6-scaled.jpg","width":2560,"height":1707,"caption":"Har du enn\u00e5 ikke sortering for matavfall? 5"},{"@type":"BreadcrumbList","@id":"https:\/\/trv.no\/rastoff\/har-du-enna-ikke-sortering-for-matavfall\/#breadcrumb","itemListElement":[{"@type":"ListItem","position":1,"name":"Hjem","item":"https:\/\/trv.no\/rastoff\/"},{"@type":"ListItem","position":2,"name":"Har du enn\u00e5 ikke sortering for matavfall?"}]},{"@type":"WebSite","@id":"https:\/\/trv.no\/rastoff\/#website","url":"https:\/\/trv.no\/rastoff\/","name":"R\u00e5stoff","description":"Bare enda et Trondheim Renholdsverk nettsteder-nettsted","publisher":{"@id":"https:\/\/trv.no\/rastoff\/#organization"},"potentialAction":[{"@type":"SearchAction","target":{"@type":"EntryPoint","urlTemplate":"https:\/\/trv.no\/rastoff\/?s={search_term_string}"},"query-input":{"@type":"PropertyValueSpecification","valueRequired":true,"valueName":"search_term_string"}}],"inLanguage":"nb-NO"},{"@type":"Organization","@id":"https:\/\/trv.no\/rastoff\/#organization","name":"TRV","url":"https:\/\/trv.no\/rastoff\/","logo":{"@type":"ImageObject","inLanguage":"nb-NO","@id":"https:\/\/trv.no\/rastoff\/#\/schema\/logo\/image\/","url":"https:\/\/d2t31hwrov8bve.cloudfront.net\/wp-content\/uploads\/sites\/3\/2019\/08\/27162735\/trvlogo-1.png","contentUrl":"https:\/\/d2t31hwrov8bve.cloudfront.net\/wp-content\/uploads\/sites\/3\/2019\/08\/27162735\/trvlogo-1.png","width":579,"height":192,"caption":"TRV"},"image":{"@id":"https:\/\/trv.no\/rastoff\/#\/schema\/logo\/image\/"}},{"@type":"Person","@id":"https:\/\/trv.no\/rastoff\/#\/schema\/person\/d18343c9bba2db13e7f656da2d73be0c","name":"bard","image":{"@type":"ImageObject","inLanguage":"nb-NO","@id":"https:\/\/secure.gravatar.com\/avatar\/5ed2d987974a57ca735daa3587bdd3b4667027cf0f5628de724c038c2b6481ef?s=96&d=mm&r=g","url":"https:\/\/secure.gravatar.com\/avatar\/5ed2d987974a57ca735daa3587bdd3b4667027cf0f5628de724c038c2b6481ef?s=96&d=mm&r=g","contentUrl":"https:\/\/secure.gravatar.com\/avatar\/5ed2d987974a57ca735daa3587bdd3b4667027cf0f5628de724c038c2b6481ef?s=96&d=mm&r=g","caption":"bard"},"url":"https:\/\/trv.no\/rastoff\/author\/bard\/"}]}},"acf":[],"_links":{"self":[{"href":"https:\/\/trv.no\/rastoff\/wp-json\/wp\/v2\/posts\/2945","targetHints":{"allow":["GET"]}}],"collection":[{"href":"https:\/\/trv.no\/rastoff\/wp-json\/wp\/v2\/posts"}],"about":[{"href":"https:\/\/trv.no\/rastoff\/wp-json\/wp\/v2\/types\/post"}],"author":[{"embeddable":true,"href":"https:\/\/trv.no\/rastoff\/wp-json\/wp\/v2\/users\/206"}],"replies":[{"embeddable":true,"href":"https:\/\/trv.no\/rastoff\/wp-json\/wp\/v2\/comments?post=2945"}],"version-history":[{"count":5,"href":"https:\/\/trv.no\/rastoff\/wp-json\/wp\/v2\/posts\/2945\/revisions"}],"predecessor-version":[{"id":2958,"href":"https:\/\/trv.no\/rastoff\/wp-json\/wp\/v2\/posts\/2945\/revisions\/2958"}],"wp:featuredmedia":[{"embeddable":true,"href":"https:\/\/trv.no\/rastoff\/wp-json\/wp\/v2\/media\/2951"}],"wp:attachment":[{"href":"https:\/\/trv.no\/rastoff\/wp-json\/wp\/v2\/media?parent=2945"}],"wp:term":[{"taxonomy":"category","embeddable":true,"href":"https:\/\/trv.no\/rastoff\/wp-json\/wp\/v2\/categories?post=2945"},{"taxonomy":"post_tag","embeddable":true,"href":"https:\/\/trv.no\/rastoff\/wp-json\/wp\/v2\/tags?post=2945"}],"curies":[{"name":"wp","href":"https:\/\/api.w.org\/{rel}","templated":true}]}}