{"id":719,"date":"2020-05-12T13:30:23","date_gmt":"2020-05-12T11:30:23","guid":{"rendered":"https:\/\/trv.no\/rastoff\/?p=719"},"modified":"2025-11-13T11:59:42","modified_gmt":"2025-11-13T10:59:42","slug":"sommertid-pa-hageavfallsmottaket","status":"publish","type":"post","link":"https:\/\/trv.no\/rastoff\/sommertid-pa-hageavfallsmottaket\/","title":{"rendered":"Sommertid p\u00e5 hageavfallsmottaket"},"content":{"rendered":"<div  class=\"grids-section grids-is-advanced\" style=\"--_gs-gap-desktop:0px 0px;--_gs-m-desktop:0 0 0 0;--_gs-p-desktop:0 0 0 0;--_gs-bg-desktop:transparent none;--_gs-bg-xp-desktop:0px;--_gs-zi-desktop:auto;--_gs-d-desktop:block;--_gs-mw-desktop:calc(100% - 0 - 0);--_gs-gap-tablet:0px 0px;--_gs-m-tablet:0 0 0 0;--_gs-p-tablet:0 0 0 0;--_gs-bg-tablet:transparent none;--_gs-bg-xp-tablet:0px;--_gs-zi-tablet:auto;--_gs-d-tablet:block;--_gs-mw-tablet:calc(100% - 0 - 0);--_gs-gap-mobile:0px 0px;--_gs-m-mobile:0 0 0 0;--_gs-p-mobile:0 0 0 0;--_gs-bg-mobile:transparent none;--_gs-bg-xp-mobile:0px;--_gs-zi-mobile:auto;--_gs-d-mobile:block;--_gs-mw-mobile:calc(100% - 0 - 0);--_gs-columns:12;--_gs-rows:6\"><div class=\"grids-s-w_i\">\n<div class=\"grids-area\" style=\"--_ga-column:3\/11;--_ga-row:1\/7;--_ga-m-desktop:0 0 0 0;--_ga-p-desktop:0 0 0 0;--_ga-bg-desktop:transparent none;--_ga-zi-desktop:auto;--_ga-d-desktop:flex;--_ga-mw-desktop:calc(100% - 0 - 0);--_ga-m-tablet:0 0 0 0;--_ga-p-tablet:0 0 0 0;--_ga-bg-tablet:transparent none;--_ga-zi-tablet:auto;--_ga-d-tablet:flex;--_ga-mw-tablet:calc(100% - 0 - 0);--_ga-m-mobile:0 0 0 0;--_ga-p-mobile:0 0 0 0;--_ga-bg-mobile:transparent none;--_ga-zi-mobile:auto;--_ga-d-mobile:flex;--_ga-mw-mobile:calc(100% - 0 - 0)\">\n\n<p class=\"has-medium-font-size\">Tiden er kommet for&nbsp;\u00e5 ta hagen fatt, fjerne planterester, samle kvist og l\u00f8v og levere det p\u00e5 hageavfallsmottaket. Vi er i sommermodus og st\u00e5r klare for \u00e5 lage god kompost av planterestene dine.&nbsp;<\/p>\n\n\n\n<figure class=\"wp-block-embed is-type-video is-provider-youtube wp-block-embed-youtube wp-embed-aspect-16-9 wp-has-aspect-ratio\"><div class=\"wp-block-embed__wrapper\">\n https:\/\/youtu.be\/EdqdC_IMIlo\n<\/div><\/figure>\n\n\n\n<p><strong>Her er noen tips som vil gj\u00f8re turen hyggelig og effektiv<\/strong>&nbsp;<\/p>\n\n\n\n<ul class=\"wp-block-list\">\n<li>Det er gratis \u00e5 levere kvist, l\u00f8v og gress.<\/li>\n\n\n\n<li>Bringer du hageavfallet i plastsekker, m\u00e5 sekkene t\u00f8mmes. Det finnes en egen container for tomme plastsekker p\u00e5 omr\u00e5det.<\/li>\n<\/ul>\n\n\n\n<ul class=\"wp-block-list\">\n<li>Naturlige og bearbeidede masser, som jord, sand, stein og leire koster 9 \u00f8re per kg \u00e5 levere. Husk \u00e5 kj\u00f8re over vekten. Maks 3,5 tonn totalvekt.<\/li>\n\n\n\n<li>M\u00f8t opp i god tid f\u00f8r mottaket stenger.<\/li>\n<\/ul>\n\n\n\n<p><strong>Ikke dump hageavfall i naturen!<\/strong><\/p>\n\n\n\n<p>Husk at hageavfall som dumpes i naturen er en trussel mot det naturlige dyre- og plantelivet. Lever det heller til oss, s\u00e5&nbsp;kverner vi alt av planter om til n\u00e6ringsrik kompostjord som&nbsp;inng\u00e5r i jordblandinger som blir solgt over hele Tr\u00f8ndelag. Du bidrar til \u00e5 unng\u00e5 at fremmede plantearter sprer og \u00f8delegger den naturlige, norske floraen.&nbsp;<\/p>\n\n\n\n<p><strong>Hva er fremmede arter?&nbsp;<\/strong><\/p>\n\n\n\n<p>Enkelte hageplanter h\u00f8rer ikke naturlig hjemme i norsk natur og anses i dag for \u00e5 gj\u00f8re stor skade, blant annet ved \u00e5 redusere artsmangfoldet. Dette er fremmede, skadelige arter.&nbsp;Blant hageblomstene dine skal du v\u00e6re spesielt oppmerksom p\u00e5&nbsp;rynkerose, hagelupin, parkslirekne og kjempespringfr\u00f8. De er fine \u00e5 se p\u00e5, men potensielt livsfarlig for norsk flora. Hvis det&nbsp;er snakk om sm\u00e5 mengder er det helt greit \u00e5 kaste dem i&nbsp;restavfallet. St\u00f8rre mengder skal samles i blanke sekker og leveres som brennbart avfall p\u00e5 gjenvinningsstasjonen.&nbsp;<\/p>\n\n\n\n<p><strong>Takk for at du sorterer&nbsp;<\/strong><\/p>\n\n\n\n<p>Trondheim Renholdsverk har som oppgave \u00e5 s\u00f8rge for gode og nyttige avfallsl\u00f8sninger og tjenester til innbyggere i Trondheim kommune&nbsp;og&nbsp;m\u00e5let v\u00e5rt er alltid \u00e5 v\u00e6re blant Norges beste n\u00e5r det gjelder \u00e5 ta vare p\u00e5 ressursene i avfallet p\u00e5 en moderne, effektiv og milj\u00f8vennlig m\u00e5te.&nbsp;I&nbsp;hjertet av v\u00e5rt engasjement ligger et sterkt \u00f8nske om \u00e5 bidra positivt til en langsiktig, b\u00e6rekraftig samfunnsutvikling. Vi takker alle som hver dag deler og bidrar til engasjementet v\u00e5rt gjennom sm\u00e5 og store milj\u00f8handlinger. Bli gjerne bedre kjent med oss ved \u00e5 lese historien v\u00e5r&nbsp;<strong><a href=\"https:\/\/trv.no\/om-oss\/historie\/\">her<\/a><\/strong><\/p>\n\n\n\n\n\n\n\n<div class=\"wp-block-rastoff-innerblock undefined wrap-block green-theme\"><div class=\"inner-block left-align\">\n<h2 class=\"wp-block-heading has-text-align-center\">\u00c5PNINGSTIDER<\/h2>\n\n\n\n<p class=\"has-text-align-center has-medium-font-size\">Mandag &#8211; fredag 07.00 \u2013 20.00<br>L\u00f8rdag 09.00 \u2013 15.00<\/p>\n\n\n\n<p class=\"has-text-align-center\">Hageavfallsmottaket stenges i vinterhalv\u00e5ret.<\/p>\n\n\n\n<p><br><\/p>\n<\/div><\/div>\n\n<\/div>\n<\/div><\/div>\n\n\n<div class=\"wp-block-group\"><div class=\"wp-block-group__inner-container is-layout-constrained wp-block-group-is-layout-constrained\"><\/div><\/div>\n","protected":false},"excerpt":{"rendered":"","protected":false},"author":20,"featured_media":726,"comment_status":"closed","ping_status":"closed","sticky":false,"template":"","format":"standard","meta":{"_acf_changed":false,"inline_featured_image":false,"video_field":"","footnotes":""},"categories":[1],"tags":[],"class_list":["post-719","post","type-post","status-publish","format-standard","has-post-thumbnail","hentry","category-ukategorisert"],"yoast_head":"<!-- This site is optimized with the Yoast SEO plugin v27.3 - https:\/\/yoast.com\/product\/yoast-seo-wordpress\/ -->\n<title>Sommertid p\u00e5 hageavfallsmottaket - R\u00e5stoff<\/title>\n<meta name=\"robots\" content=\"index, follow, max-snippet:-1, max-image-preview:large, max-video-preview:-1\" \/>\n<link rel=\"canonical\" href=\"https:\/\/trv.no\/rastoff\/sommertid-pa-hageavfallsmottaket\/\" \/>\n<meta property=\"og:locale\" content=\"nb_NO\" \/>\n<meta property=\"og:type\" content=\"article\" \/>\n<meta property=\"og:title\" content=\"Sommertid p\u00e5 hageavfallsmottaket - R\u00e5stoff\" \/>\n<meta property=\"og:url\" content=\"https:\/\/trv.no\/rastoff\/sommertid-pa-hageavfallsmottaket\/\" \/>\n<meta property=\"og:site_name\" content=\"R\u00e5stoff\" \/>\n<meta property=\"article:published_time\" content=\"2020-05-12T11:30:23+00:00\" \/>\n<meta property=\"article:modified_time\" content=\"2025-11-13T10:59:42+00:00\" \/>\n<meta property=\"og:image\" content=\"https:\/\/d2t31hwrov8bve.cloudfront.net\/wp-content\/uploads\/sites\/3\/2020\/04\/12095446\/sommertid-pa-hageavfallsmottaket.jpg\" \/>\n\t<meta property=\"og:image:width\" content=\"1500\" \/>\n\t<meta property=\"og:image:height\" content=\"700\" \/>\n\t<meta property=\"og:image:type\" content=\"image\/jpeg\" \/>\n<meta name=\"author\" content=\"berith\" \/>\n<meta name=\"twitter:card\" content=\"summary_large_image\" \/>\n<meta name=\"twitter:label1\" content=\"Skrevet av\" \/>\n\t<meta name=\"twitter:data1\" content=\"berith\" \/>\n\t<meta name=\"twitter:label2\" content=\"Ansl. lesetid\" \/>\n\t<meta name=\"twitter:data2\" content=\"3 minutter\" \/>\n<script type=\"application\/ld+json\" class=\"yoast-schema-graph\">{\"@context\":\"https:\\\/\\\/schema.org\",\"@graph\":[{\"@type\":\"Article\",\"@id\":\"https:\\\/\\\/trv.no\\\/rastoff\\\/sommertid-pa-hageavfallsmottaket\\\/#article\",\"isPartOf\":{\"@id\":\"https:\\\/\\\/trv.no\\\/rastoff\\\/sommertid-pa-hageavfallsmottaket\\\/\"},\"author\":{\"name\":\"berith\",\"@id\":\"https:\\\/\\\/trv.no\\\/rastoff\\\/#\\\/schema\\\/person\\\/527896b3da5ee8051ba2ee7d5bab300c\"},\"headline\":\"Sommertid p\u00e5 hageavfallsmottaket\",\"datePublished\":\"2020-05-12T11:30:23+00:00\",\"dateModified\":\"2025-11-13T10:59:42+00:00\",\"mainEntityOfPage\":{\"@id\":\"https:\\\/\\\/trv.no\\\/rastoff\\\/sommertid-pa-hageavfallsmottaket\\\/\"},\"wordCount\":403,\"publisher\":{\"@id\":\"https:\\\/\\\/trv.no\\\/rastoff\\\/#organization\"},\"image\":{\"@id\":\"https:\\\/\\\/trv.no\\\/rastoff\\\/sommertid-pa-hageavfallsmottaket\\\/#primaryimage\"},\"thumbnailUrl\":\"https:\\\/\\\/d2t31hwrov8bve.cloudfront.net\\\/wp-content\\\/uploads\\\/sites\\\/3\\\/2020\\\/04\\\/27162715\\\/sommertid-pa-hageavfallsmottaket.jpg\",\"inLanguage\":\"nb-NO\"},{\"@type\":\"WebPage\",\"@id\":\"https:\\\/\\\/trv.no\\\/rastoff\\\/sommertid-pa-hageavfallsmottaket\\\/\",\"url\":\"https:\\\/\\\/trv.no\\\/rastoff\\\/sommertid-pa-hageavfallsmottaket\\\/\",\"name\":\"Sommertid p\u00e5 hageavfallsmottaket - R\u00e5stoff\",\"isPartOf\":{\"@id\":\"https:\\\/\\\/trv.no\\\/rastoff\\\/#website\"},\"primaryImageOfPage\":{\"@id\":\"https:\\\/\\\/trv.no\\\/rastoff\\\/sommertid-pa-hageavfallsmottaket\\\/#primaryimage\"},\"image\":{\"@id\":\"https:\\\/\\\/trv.no\\\/rastoff\\\/sommertid-pa-hageavfallsmottaket\\\/#primaryimage\"},\"thumbnailUrl\":\"https:\\\/\\\/d2t31hwrov8bve.cloudfront.net\\\/wp-content\\\/uploads\\\/sites\\\/3\\\/2020\\\/04\\\/27162715\\\/sommertid-pa-hageavfallsmottaket.jpg\",\"datePublished\":\"2020-05-12T11:30:23+00:00\",\"dateModified\":\"2025-11-13T10:59:42+00:00\",\"breadcrumb\":{\"@id\":\"https:\\\/\\\/trv.no\\\/rastoff\\\/sommertid-pa-hageavfallsmottaket\\\/#breadcrumb\"},\"inLanguage\":\"nb-NO\",\"potentialAction\":[{\"@type\":\"ReadAction\",\"target\":[\"https:\\\/\\\/trv.no\\\/rastoff\\\/sommertid-pa-hageavfallsmottaket\\\/\"]}]},{\"@type\":\"ImageObject\",\"inLanguage\":\"nb-NO\",\"@id\":\"https:\\\/\\\/trv.no\\\/rastoff\\\/sommertid-pa-hageavfallsmottaket\\\/#primaryimage\",\"url\":\"https:\\\/\\\/d2t31hwrov8bve.cloudfront.net\\\/wp-content\\\/uploads\\\/sites\\\/3\\\/2020\\\/04\\\/27162715\\\/sommertid-pa-hageavfallsmottaket.jpg\",\"contentUrl\":\"https:\\\/\\\/d2t31hwrov8bve.cloudfront.net\\\/wp-content\\\/uploads\\\/sites\\\/3\\\/2020\\\/04\\\/27162715\\\/sommertid-pa-hageavfallsmottaket.jpg\",\"width\":1500,\"height\":700,\"caption\":\"Sommertid p\u00e5 hageavfallsmottaket\"},{\"@type\":\"BreadcrumbList\",\"@id\":\"https:\\\/\\\/trv.no\\\/rastoff\\\/sommertid-pa-hageavfallsmottaket\\\/#breadcrumb\",\"itemListElement\":[{\"@type\":\"ListItem\",\"position\":1,\"name\":\"Hjem\",\"item\":\"https:\\\/\\\/trv.no\\\/rastoff\\\/\"},{\"@type\":\"ListItem\",\"position\":2,\"name\":\"Sommertid p\u00e5 hageavfallsmottaket\"}]},{\"@type\":\"WebSite\",\"@id\":\"https:\\\/\\\/trv.no\\\/rastoff\\\/#website\",\"url\":\"https:\\\/\\\/trv.no\\\/rastoff\\\/\",\"name\":\"R\u00e5stoff\",\"description\":\"Bare enda et Trondheim Renholdsverk nettsteder-nettsted\",\"publisher\":{\"@id\":\"https:\\\/\\\/trv.no\\\/rastoff\\\/#organization\"},\"potentialAction\":[{\"@type\":\"SearchAction\",\"target\":{\"@type\":\"EntryPoint\",\"urlTemplate\":\"https:\\\/\\\/trv.no\\\/rastoff\\\/?s={search_term_string}\"},\"query-input\":{\"@type\":\"PropertyValueSpecification\",\"valueRequired\":true,\"valueName\":\"search_term_string\"}}],\"inLanguage\":\"nb-NO\"},{\"@type\":\"Organization\",\"@id\":\"https:\\\/\\\/trv.no\\\/rastoff\\\/#organization\",\"name\":\"TRV\",\"url\":\"https:\\\/\\\/trv.no\\\/rastoff\\\/\",\"logo\":{\"@type\":\"ImageObject\",\"inLanguage\":\"nb-NO\",\"@id\":\"https:\\\/\\\/trv.no\\\/rastoff\\\/#\\\/schema\\\/logo\\\/image\\\/\",\"url\":\"https:\\\/\\\/d2t31hwrov8bve.cloudfront.net\\\/wp-content\\\/uploads\\\/sites\\\/3\\\/2019\\\/08\\\/27162735\\\/trvlogo-1.png\",\"contentUrl\":\"https:\\\/\\\/d2t31hwrov8bve.cloudfront.net\\\/wp-content\\\/uploads\\\/sites\\\/3\\\/2019\\\/08\\\/27162735\\\/trvlogo-1.png\",\"width\":579,\"height\":192,\"caption\":\"TRV\"},\"image\":{\"@id\":\"https:\\\/\\\/trv.no\\\/rastoff\\\/#\\\/schema\\\/logo\\\/image\\\/\"}},{\"@type\":\"Person\",\"@id\":\"https:\\\/\\\/trv.no\\\/rastoff\\\/#\\\/schema\\\/person\\\/527896b3da5ee8051ba2ee7d5bab300c\",\"name\":\"berith\",\"image\":{\"@type\":\"ImageObject\",\"inLanguage\":\"nb-NO\",\"@id\":\"https:\\\/\\\/secure.gravatar.com\\\/avatar\\\/07f5933d800b4283b2286eea5f8a43f461f898f77f818e6758ae3d5e8c79c52f?s=96&d=mm&r=g\",\"url\":\"https:\\\/\\\/secure.gravatar.com\\\/avatar\\\/07f5933d800b4283b2286eea5f8a43f461f898f77f818e6758ae3d5e8c79c52f?s=96&d=mm&r=g\",\"contentUrl\":\"https:\\\/\\\/secure.gravatar.com\\\/avatar\\\/07f5933d800b4283b2286eea5f8a43f461f898f77f818e6758ae3d5e8c79c52f?s=96&d=mm&r=g\",\"caption\":\"berith\"},\"url\":\"https:\\\/\\\/trv.no\\\/rastoff\\\/author\\\/berith\\\/\"}]}<\/script>\n<!-- \/ Yoast SEO plugin. -->","yoast_head_json":{"title":"Sommertid p\u00e5 hageavfallsmottaket - R\u00e5stoff","robots":{"index":"index","follow":"follow","max-snippet":"max-snippet:-1","max-image-preview":"max-image-preview:large","max-video-preview":"max-video-preview:-1"},"canonical":"https:\/\/trv.no\/rastoff\/sommertid-pa-hageavfallsmottaket\/","og_locale":"nb_NO","og_type":"article","og_title":"Sommertid p\u00e5 hageavfallsmottaket - R\u00e5stoff","og_url":"https:\/\/trv.no\/rastoff\/sommertid-pa-hageavfallsmottaket\/","og_site_name":"R\u00e5stoff","article_published_time":"2020-05-12T11:30:23+00:00","article_modified_time":"2025-11-13T10:59:42+00:00","og_image":[{"width":1500,"height":700,"url":"https:\/\/d2t31hwrov8bve.cloudfront.net\/wp-content\/uploads\/sites\/3\/2020\/04\/12095446\/sommertid-pa-hageavfallsmottaket.jpg","type":"image\/jpeg"}],"author":"berith","twitter_card":"summary_large_image","twitter_misc":{"Skrevet av":"berith","Ansl. lesetid":"3 minutter"},"schema":{"@context":"https:\/\/schema.org","@graph":[{"@type":"Article","@id":"https:\/\/trv.no\/rastoff\/sommertid-pa-hageavfallsmottaket\/#article","isPartOf":{"@id":"https:\/\/trv.no\/rastoff\/sommertid-pa-hageavfallsmottaket\/"},"author":{"name":"berith","@id":"https:\/\/trv.no\/rastoff\/#\/schema\/person\/527896b3da5ee8051ba2ee7d5bab300c"},"headline":"Sommertid p\u00e5 hageavfallsmottaket","datePublished":"2020-05-12T11:30:23+00:00","dateModified":"2025-11-13T10:59:42+00:00","mainEntityOfPage":{"@id":"https:\/\/trv.no\/rastoff\/sommertid-pa-hageavfallsmottaket\/"},"wordCount":403,"publisher":{"@id":"https:\/\/trv.no\/rastoff\/#organization"},"image":{"@id":"https:\/\/trv.no\/rastoff\/sommertid-pa-hageavfallsmottaket\/#primaryimage"},"thumbnailUrl":"https:\/\/d2t31hwrov8bve.cloudfront.net\/wp-content\/uploads\/sites\/3\/2020\/04\/27162715\/sommertid-pa-hageavfallsmottaket.jpg","inLanguage":"nb-NO"},{"@type":"WebPage","@id":"https:\/\/trv.no\/rastoff\/sommertid-pa-hageavfallsmottaket\/","url":"https:\/\/trv.no\/rastoff\/sommertid-pa-hageavfallsmottaket\/","name":"Sommertid p\u00e5 hageavfallsmottaket - R\u00e5stoff","isPartOf":{"@id":"https:\/\/trv.no\/rastoff\/#website"},"primaryImageOfPage":{"@id":"https:\/\/trv.no\/rastoff\/sommertid-pa-hageavfallsmottaket\/#primaryimage"},"image":{"@id":"https:\/\/trv.no\/rastoff\/sommertid-pa-hageavfallsmottaket\/#primaryimage"},"thumbnailUrl":"https:\/\/d2t31hwrov8bve.cloudfront.net\/wp-content\/uploads\/sites\/3\/2020\/04\/27162715\/sommertid-pa-hageavfallsmottaket.jpg","datePublished":"2020-05-12T11:30:23+00:00","dateModified":"2025-11-13T10:59:42+00:00","breadcrumb":{"@id":"https:\/\/trv.no\/rastoff\/sommertid-pa-hageavfallsmottaket\/#breadcrumb"},"inLanguage":"nb-NO","potentialAction":[{"@type":"ReadAction","target":["https:\/\/trv.no\/rastoff\/sommertid-pa-hageavfallsmottaket\/"]}]},{"@type":"ImageObject","inLanguage":"nb-NO","@id":"https:\/\/trv.no\/rastoff\/sommertid-pa-hageavfallsmottaket\/#primaryimage","url":"https:\/\/d2t31hwrov8bve.cloudfront.net\/wp-content\/uploads\/sites\/3\/2020\/04\/27162715\/sommertid-pa-hageavfallsmottaket.jpg","contentUrl":"https:\/\/d2t31hwrov8bve.cloudfront.net\/wp-content\/uploads\/sites\/3\/2020\/04\/27162715\/sommertid-pa-hageavfallsmottaket.jpg","width":1500,"height":700,"caption":"Sommertid p\u00e5 hageavfallsmottaket"},{"@type":"BreadcrumbList","@id":"https:\/\/trv.no\/rastoff\/sommertid-pa-hageavfallsmottaket\/#breadcrumb","itemListElement":[{"@type":"ListItem","position":1,"name":"Hjem","item":"https:\/\/trv.no\/rastoff\/"},{"@type":"ListItem","position":2,"name":"Sommertid p\u00e5 hageavfallsmottaket"}]},{"@type":"WebSite","@id":"https:\/\/trv.no\/rastoff\/#website","url":"https:\/\/trv.no\/rastoff\/","name":"R\u00e5stoff","description":"Bare enda et Trondheim Renholdsverk nettsteder-nettsted","publisher":{"@id":"https:\/\/trv.no\/rastoff\/#organization"},"potentialAction":[{"@type":"SearchAction","target":{"@type":"EntryPoint","urlTemplate":"https:\/\/trv.no\/rastoff\/?s={search_term_string}"},"query-input":{"@type":"PropertyValueSpecification","valueRequired":true,"valueName":"search_term_string"}}],"inLanguage":"nb-NO"},{"@type":"Organization","@id":"https:\/\/trv.no\/rastoff\/#organization","name":"TRV","url":"https:\/\/trv.no\/rastoff\/","logo":{"@type":"ImageObject","inLanguage":"nb-NO","@id":"https:\/\/trv.no\/rastoff\/#\/schema\/logo\/image\/","url":"https:\/\/d2t31hwrov8bve.cloudfront.net\/wp-content\/uploads\/sites\/3\/2019\/08\/27162735\/trvlogo-1.png","contentUrl":"https:\/\/d2t31hwrov8bve.cloudfront.net\/wp-content\/uploads\/sites\/3\/2019\/08\/27162735\/trvlogo-1.png","width":579,"height":192,"caption":"TRV"},"image":{"@id":"https:\/\/trv.no\/rastoff\/#\/schema\/logo\/image\/"}},{"@type":"Person","@id":"https:\/\/trv.no\/rastoff\/#\/schema\/person\/527896b3da5ee8051ba2ee7d5bab300c","name":"berith","image":{"@type":"ImageObject","inLanguage":"nb-NO","@id":"https:\/\/secure.gravatar.com\/avatar\/07f5933d800b4283b2286eea5f8a43f461f898f77f818e6758ae3d5e8c79c52f?s=96&d=mm&r=g","url":"https:\/\/secure.gravatar.com\/avatar\/07f5933d800b4283b2286eea5f8a43f461f898f77f818e6758ae3d5e8c79c52f?s=96&d=mm&r=g","contentUrl":"https:\/\/secure.gravatar.com\/avatar\/07f5933d800b4283b2286eea5f8a43f461f898f77f818e6758ae3d5e8c79c52f?s=96&d=mm&r=g","caption":"berith"},"url":"https:\/\/trv.no\/rastoff\/author\/berith\/"}]}},"acf":[],"_links":{"self":[{"href":"https:\/\/trv.no\/rastoff\/wp-json\/wp\/v2\/posts\/719","targetHints":{"allow":["GET"]}}],"collection":[{"href":"https:\/\/trv.no\/rastoff\/wp-json\/wp\/v2\/posts"}],"about":[{"href":"https:\/\/trv.no\/rastoff\/wp-json\/wp\/v2\/types\/post"}],"author":[{"embeddable":true,"href":"https:\/\/trv.no\/rastoff\/wp-json\/wp\/v2\/users\/20"}],"replies":[{"embeddable":true,"href":"https:\/\/trv.no\/rastoff\/wp-json\/wp\/v2\/comments?post=719"}],"version-history":[{"count":5,"href":"https:\/\/trv.no\/rastoff\/wp-json\/wp\/v2\/posts\/719\/revisions"}],"predecessor-version":[{"id":2862,"href":"https:\/\/trv.no\/rastoff\/wp-json\/wp\/v2\/posts\/719\/revisions\/2862"}],"wp:featuredmedia":[{"embeddable":true,"href":"https:\/\/trv.no\/rastoff\/wp-json\/wp\/v2\/media\/726"}],"wp:attachment":[{"href":"https:\/\/trv.no\/rastoff\/wp-json\/wp\/v2\/media?parent=719"}],"wp:term":[{"taxonomy":"category","embeddable":true,"href":"https:\/\/trv.no\/rastoff\/wp-json\/wp\/v2\/categories?post=719"},{"taxonomy":"post_tag","embeddable":true,"href":"https:\/\/trv.no\/rastoff\/wp-json\/wp\/v2\/tags?post=719"}],"curies":[{"name":"wp","href":"https:\/\/api.w.org\/{rel}","templated":true}]}}